{"id":1246,"date":"2026-03-03T09:52:03","date_gmt":"2026-03-03T09:52:03","guid":{"rendered":"https:\/\/odakhaber.site\/?p=1246"},"modified":"2026-03-03T09:52:03","modified_gmt":"2026-03-03T09:52:03","slug":"yapay-zeka-aktris-doneminde-yeni-perde-tillyverse-evreni-geliyor","status":"publish","type":"post","link":"https:\/\/odakhaber.site\/?p=1246","title":{"rendered":"YAPAY ZEKA AKTR\u0130S D\u00d6NEM\u0130NDE YEN\u0130 PERDE: &#8220;TILLYVERSE&#8221; EVREN\u0130 GEL\u0130YOR"},"content":{"rendered":"\n<p>E\u011flence sekt\u00f6r\u00fcnde ge\u00e7ti\u011fimiz yaz f\u0131rt\u0131nalar koparan tamamen yapay zeka \u00fcretimi aktris <strong>Tilly Norwood<\/strong>, dijital d\u00fcnyadaki s\u0131n\u0131rlar\u0131n\u0131 geni\u015fletiyor. Aktrisin arkas\u0131ndaki \u0130ngiliz yap\u0131m \u015firketi ve yapay zeka yetenek st\u00fcdyosu <strong>Xicoia<\/strong>, Tilly\u2019nin ya\u015fam\u0131n\u0131 ve kariyerini kapsayan devasa bir dijital ekosistem olan <strong>\u201cTillyverse\u201d<\/strong> projesini duyurdu.<\/p>\n\n\n\n<hr class=\"wp-block-separator has-alpha-channel-opacity\"\/>\n\n\n\n<h3 class=\"wp-block-heading\">D\u0130J\u0130TAL B\u0130R \u0130KONUN DO\u011eU\u015eU VE STRATEJ\u0130K TRANSFER<\/h3>\n\n\n\n<p>Xicoia CEO\u2019su <strong>Eline Van der Velden<\/strong>\u2019in a\u00e7\u0131klamalar\u0131na g\u00f6re Tillyverse; yapay zeka aktrisin mizah anlay\u0131\u015f\u0131ndan g\u00fcnl\u00fck ya\u015fam\u0131na, kariyer se\u00e7imlerinden hayran etkile\u015fimlerine kadar her detay\u0131 bar\u0131nd\u0131ran kapsaml\u0131 bir d\u00fcnya sunacak.<\/p>\n\n\n\n<ul class=\"wp-block-list\">\n<li><strong>Dev Transfer:<\/strong> Projenin y\u00f6netimi i\u00e7in <strong>Amazon Prime Video<\/strong>\u2019nun deneyimli ismi <strong>Mark Whelan<\/strong> transfer edildi. <em>Clarkson\u2019s Farm<\/em> ve <em>The Grand Tour<\/em> gibi dev yap\u0131mlar\u0131n stratejilerini y\u00f6neten Whelan, Tillyverse\u2019\u00fcn yan\u0131 s\u0131ra \u00fc\u00e7\u00fcnc\u00fc \u015fah\u0131slar i\u00e7in \u00f6zel yapay zeka yetenekleri \u00fcretilmesini de denetleyecek.<\/li>\n\n\n\n<li><strong>Yeni Karakterler:<\/strong> Evren sadece Tilly ile s\u0131n\u0131rl\u0131 kalmayacak; ona e\u015flik edecek bir dizi yeni yapay zeka karakteri de yak\u0131nda ekosisteme dahil edilecek.<\/li>\n<\/ul>\n\n\n\n<figure class=\"wp-block-image size-large\"><img loading=\"lazy\" decoding=\"async\" width=\"1024\" height=\"683\" src=\"https:\/\/odakhaber.site\/wp-content\/uploads\/2026\/03\/yapay-zeka-aktris-kendi-tillyverse-evrenine-kavusuyor-3-1068x712-1-1024x683.avif\" alt=\"\" class=\"wp-image-1247\" srcset=\"https:\/\/odakhaber.site\/wp-content\/uploads\/2026\/03\/yapay-zeka-aktris-kendi-tillyverse-evrenine-kavusuyor-3-1068x712-1-1024x683.avif 1024w, https:\/\/odakhaber.site\/wp-content\/uploads\/2026\/03\/yapay-zeka-aktris-kendi-tillyverse-evrenine-kavusuyor-3-1068x712-1-300x200.avif 300w, https:\/\/odakhaber.site\/wp-content\/uploads\/2026\/03\/yapay-zeka-aktris-kendi-tillyverse-evrenine-kavusuyor-3-1068x712-1-768x512.avif 768w, https:\/\/odakhaber.site\/wp-content\/uploads\/2026\/03\/yapay-zeka-aktris-kendi-tillyverse-evrenine-kavusuyor-3-1068x712-1.avif 1068w\" sizes=\"auto, (max-width: 1024px) 100vw, 1024px\" \/><\/figure>\n\n\n\n<hr class=\"wp-block-separator has-alpha-channel-opacity\"\/>\n\n\n\n<h3 class=\"wp-block-heading\">HOLLYWOOD\u2019DA YAPAY ZEKA KR\u0130Z\u0130 VE GREV G\u00d6LGES\u0130<\/h3>\n\n\n\n<p>Tilly Norwood\u2019un y\u00fckseli\u015fi, end\u00fcstrideki telif ve etik tart\u0131\u015fmalar\u0131n\u0131 yeniden alevlendirdi. <strong>SAG-AFTRA<\/strong> (Oyuncular Sendikas\u0131), Tilly\u2019nin profesyonel sanat\u00e7\u0131lar\u0131n verileriyle izinsiz e\u011fitilmi\u015f bir bilgisayar program\u0131 oldu\u011funu belirterek sert bir duru\u015f sergiliyor.<\/p>\n\n\n\n<p><strong>M\u00fczakerelerde Kritik D\u00f6neme\u00e7:<\/strong><\/p>\n\n\n\n<ul class=\"wp-block-list\">\n<li><strong>S\u00f6zle\u015fme Yenileme:<\/strong> Sendika ba\u015fkan\u0131 <strong>Sean Astin<\/strong>, yo\u011fun s\u00f6zle\u015fme yenileme g\u00f6r\u00fc\u015fmelerinin ba\u015flad\u0131\u011f\u0131n\u0131 duyurdu. Mevcut s\u00f6zle\u015fmenin s\u00fcresi <strong>30 Haziran<\/strong>\u2019da doluyor.<\/li>\n\n\n\n<li><strong>Teknolojik S\u0131\u00e7rama:<\/strong> G\u00f6r\u00fc\u015fmeler devam ederken; <strong>Google Nano Banana Pro<\/strong>, <strong>ByteDance Seedance 2.0<\/strong> ve <strong>OpenAI Sora<\/strong> gibi modellerle teknoloji devasa ad\u0131mlar atmaya devam ediyor.<\/li>\n<\/ul>\n\n\n\n<hr class=\"wp-block-separator has-alpha-channel-opacity\"\/>\n\n\n\n<h3 class=\"wp-block-heading\">K\u00dcRESEL TEKNOLOJ\u0130 VE S\u0130YASET G\u00dcNDEM\u0130<\/h3>\n\n\n\n<p>Tillyverse geli\u015fmeleri s\u00fcrerken, yapay zeka d\u00fcnyas\u0131 k\u00fcresel \u00e7apta kritik olaylarla \u00e7alkalan\u0131yor:<\/p>\n\n\n\n<ul class=\"wp-block-list\">\n<li><strong>Huawei&#8217;den Altyap\u0131 Hamlesi:<\/strong> Huawei, MWC 2026&#8217;da yeni nesil hesaplama \u00e7\u00f6z\u00fcmleri olan <strong>Atlas 950<\/strong> ve <strong>TaiShan 950 SuperPoD<\/strong> sistemlerini k\u00fcresel pazara sundu.<\/li>\n\n\n\n<li><strong>Askeri Yapay Zeka Krizi:<\/strong> ABD\u2019nin \u0130ran operasyonlar\u0131nda <strong>Anthropic<\/strong> sistemlerini kulland\u0131\u011f\u0131 iddialar\u0131 \u00fczerine <strong>Donald Trump<\/strong> y\u00f6netiminin, Pentagon ile ya\u015fanan kriz sonras\u0131 Anthropic kullan\u0131m\u0131n\u0131 durdurma karar\u0131 ald\u0131\u011f\u0131 belirtiliyor.<\/li>\n<\/ul>\n\n\n\n<p><a href=\"https:\/\/shiftdelete.net\/yapay-zeka-aktris-kendi-tillyverse-evrenine-kavusuyor\">https:\/\/shiftdelete.net\/yapay-zeka-aktris-kendi-tillyverse-evrenine-kavusuyor<\/a><\/p>\n","protected":false},"excerpt":{"rendered":"<p>E\u011flence sekt\u00f6r\u00fcnde ge\u00e7ti\u011fimiz yaz f\u0131rt\u0131nalar koparan tamamen yapay zeka \u00fcretimi aktris Tilly Norwood, dijital d\u00fcnyadaki s\u0131n\u0131rlar\u0131n\u0131 geni\u015fletiyor. Aktrisin arkas\u0131ndaki \u0130ngiliz yap\u0131m \u015firketi ve yapay zeka yetenek st\u00fcdyosu Xicoia, Tilly\u2019nin ya\u015fam\u0131n\u0131 ve kariyerini kapsayan devasa bir dijital ekosistem olan \u201cTillyverse\u201d projesini duyurdu. D\u0130J\u0130TAL B\u0130R \u0130KONUN DO\u011eU\u015eU VE STRATEJ\u0130K TRANSFER Xicoia CEO\u2019su Eline Van der Velden\u2019in a\u00e7\u0131klamalar\u0131na [&hellip;]<\/p>\n","protected":false},"author":4,"featured_media":1248,"comment_status":"open","ping_status":"open","sticky":false,"template":"","format":"standard","meta":{"_jetpack_memberships_contains_paid_content":false,"footnotes":""},"categories":[40],"tags":[],"class_list":["post-1246","post","type-post","status-publish","format-standard","has-post-thumbnail","hentry","category-teknoloji-haberleri"],"jetpack_featured_media_url":"https:\/\/odakhaber.site\/wp-content\/uploads\/2026\/03\/yapay-zeka-aktris-kendi-tillyverse-evrenine-kavusuyor.webp","jetpack_sharing_enabled":true,"_links":{"self":[{"href":"https:\/\/odakhaber.site\/index.php?rest_route=\/wp\/v2\/posts\/1246","targetHints":{"allow":["GET"]}}],"collection":[{"href":"https:\/\/odakhaber.site\/index.php?rest_route=\/wp\/v2\/posts"}],"about":[{"href":"https:\/\/odakhaber.site\/index.php?rest_route=\/wp\/v2\/types\/post"}],"author":[{"embeddable":true,"href":"https:\/\/odakhaber.site\/index.php?rest_route=\/wp\/v2\/users\/4"}],"replies":[{"embeddable":true,"href":"https:\/\/odakhaber.site\/index.php?rest_route=%2Fwp%2Fv2%2Fcomments&post=1246"}],"version-history":[{"count":1,"href":"https:\/\/odakhaber.site\/index.php?rest_route=\/wp\/v2\/posts\/1246\/revisions"}],"predecessor-version":[{"id":1249,"href":"https:\/\/odakhaber.site\/index.php?rest_route=\/wp\/v2\/posts\/1246\/revisions\/1249"}],"wp:featuredmedia":[{"embeddable":true,"href":"https:\/\/odakhaber.site\/index.php?rest_route=\/wp\/v2\/media\/1248"}],"wp:attachment":[{"href":"https:\/\/odakhaber.site\/index.php?rest_route=%2Fwp%2Fv2%2Fmedia&parent=1246"}],"wp:term":[{"taxonomy":"category","embeddable":true,"href":"https:\/\/odakhaber.site\/index.php?rest_route=%2Fwp%2Fv2%2Fcategories&post=1246"},{"taxonomy":"post_tag","embeddable":true,"href":"https:\/\/odakhaber.site\/index.php?rest_route=%2Fwp%2Fv2%2Ftags&post=1246"}],"curies":[{"name":"wp","href":"https:\/\/api.w.org\/{rel}","templated":true}]}}