{"id":1279,"date":"2026-03-03T20:08:08","date_gmt":"2026-03-03T20:08:08","guid":{"rendered":"https:\/\/odakhaber.site\/?p=1279"},"modified":"2026-03-03T20:08:08","modified_gmt":"2026-03-03T20:08:08","slug":"izmirde-caz-ruzgari-33-avrupa-caz-festivali-fabrizio-bosso-quartet-ile-perde-aciyor","status":"publish","type":"post","link":"https:\/\/odakhaber.site\/?p=1279","title":{"rendered":"\u0130ZM\u0130R\u2019DE CAZ R\u00dcZG\u00c2RI: 33. AVRUPA CAZ FEST\u0130VAL\u0130 FABRIZIO BOSSO QUARTET \u0130LE PERDE A\u00c7IYOR"},"content":{"rendered":"\n<p>\u0130zmir\u2019in k\u00fclt\u00fcr sanat ya\u015fam\u0131ndaki en k\u00f6kl\u00fc geleneklerinden biri olan <strong>\u0130zmir Avrupa Caz Festivali<\/strong>, bu y\u0131l 33\u2019\u00fcnc\u00fc kez sanatseverlerle bulu\u015fmaya haz\u0131rlan\u0131yor. 5 Mart tarihinde ba\u015flayacak olan festival, caz d\u00fcnyas\u0131n\u0131n usta isimlerini a\u011f\u0131rlayarak \u015fehre m\u00fczik dolu g\u00fcnler ya\u015fatacak.<\/p>\n\n\n\n<hr class=\"wp-block-separator has-alpha-channel-opacity\"\/>\n\n\n\n<h3 class=\"wp-block-heading\">DEV \u0130\u015e B\u0130RL\u0130\u011e\u0130 VE A\u00c7ILI\u015e KONSER\u0130<\/h3>\n\n\n\n<p>\u0130zmir K\u00fclt\u00fcr Sanat ve E\u011fitim Vakf\u0131 (\u0130KSEV) taraf\u0131ndan organize edilen festival; <strong>\u0130zmir B\u00fcy\u00fck\u015fehir Belediyesi<\/strong>, <strong>\u0130talya&#8217;n\u0131n \u0130zmir Konsoloslu\u011fu<\/strong>, <strong>Goethe Enstit\u00fcs\u00fc \u0130zmir<\/strong>, <strong>\u0130svi\u00e7re&#8217;nin \u0130zmir Fahri Konsoloslu\u011fu<\/strong> ve <strong>\u0130zmir Frans\u0131z K\u00fclt\u00fcr Merkezi<\/strong> i\u015f birli\u011fiyle hayata ge\u00e7iriliyor.<\/p>\n\n\n\n<p><strong>A\u00e7\u0131l\u0131\u015f Detaylar\u0131:<\/strong><\/p>\n\n\n\n<ul class=\"wp-block-list\">\n<li><strong>Sanat\u00e7\u0131:<\/strong> Fabrizio Bosso Quartet<\/li>\n\n\n\n<li><strong>Tarih ve Saat:<\/strong> 5 Mart, 20.30<\/li>\n\n\n\n<li><strong>Mek\u00e2n:<\/strong> Ahmed Adnan Saygun Sanat Merkezi<\/li>\n<\/ul>\n\n\n\n<hr class=\"wp-block-separator has-alpha-channel-opacity\"\/>\n\n\n\n<h3 class=\"wp-block-heading\">ON YILLIK UYUM: FABRIZIO BOSSO QUARTET<\/h3>\n\n\n\n<p>Festivalin a\u00e7\u0131l\u0131\u015f\u0131n\u0131 ger\u00e7ekle\u015ftirecek olan topluluk, on y\u0131l\u0131 a\u015fk\u0131n s\u00fcredir birlikte m\u00fczik \u00fcretmenin getirdi\u011fi derin bir uyuma sahip. Bug\u00fcne kadar be\u015f ba\u015far\u0131l\u0131 alb\u00fcme imza atan d\u00f6rtl\u00fc, se\u00e7kin caz repertuvarlar\u0131yla \u0130zmirli dinleyicilere unutulmaz bir gece ya\u015fatacak.<\/p>\n\n\n\n<p><strong>Sahne Alacak \u0130simler:<\/strong><\/p>\n\n\n\n<ul class=\"wp-block-list\">\n<li><strong>Trompet:<\/strong> Fabrizio Bosso<\/li>\n\n\n\n<li><strong>Piyano:<\/strong> Julian Oliver Mazzariello<\/li>\n\n\n\n<li><strong>Kontrbas:<\/strong> Jacopo Ferrazza<\/li>\n\n\n\n<li><strong>Davul:<\/strong> Nicola Angelucci<\/li>\n<\/ul>\n\n\n\n<hr class=\"wp-block-separator has-alpha-channel-opacity\"\/>\n\n\n\n<h3 class=\"wp-block-heading\">FEST\u0130VAL\u0130N KAPANI\u015eI JEF GIANSILY \u0130LE<\/h3>\n\n\n\n<p>M\u00fczi\u011fin evrensel dilini \u0130zmir sokaklar\u0131na ta\u015f\u0131yacak olan 33. \u0130zmir Avrupa Caz Festivali, <strong>17 Mart<\/strong> tarihinde piyanist ve besteci <strong>Jef Giansily<\/strong>\u2019nin verece\u011fi final konseriyle sona erecek.<\/p>\n\n\n\n<p><a href=\"https:\/\/www.cumhuriyet.com.tr\/kultur-sanat\/33-izmir-avrupa-caz-festivali-fabrizio-bosso-quartet-konseriyle-baslayacak-2483747\">https:\/\/www.cumhuriyet.com.tr\/kultur-sanat\/33-izmir-avrupa-caz-festivali-fabrizio-bosso-quartet-konseriyle-baslayacak-2483747<\/a><\/p>\n","protected":false},"excerpt":{"rendered":"<p>\u0130zmir\u2019in k\u00fclt\u00fcr sanat ya\u015fam\u0131ndaki en k\u00f6kl\u00fc geleneklerinden biri olan \u0130zmir Avrupa Caz Festivali, bu y\u0131l 33\u2019\u00fcnc\u00fc kez sanatseverlerle bulu\u015fmaya haz\u0131rlan\u0131yor. 5 Mart tarihinde ba\u015flayacak olan festival, caz d\u00fcnyas\u0131n\u0131n usta isimlerini a\u011f\u0131rlayarak \u015fehre m\u00fczik dolu g\u00fcnler ya\u015fatacak. DEV \u0130\u015e B\u0130RL\u0130\u011e\u0130 VE A\u00c7ILI\u015e KONSER\u0130 \u0130zmir K\u00fclt\u00fcr Sanat ve E\u011fitim Vakf\u0131 (\u0130KSEV) taraf\u0131ndan organize edilen festival; \u0130zmir B\u00fcy\u00fck\u015fehir [&hellip;]<\/p>\n","protected":false},"author":3,"featured_media":1280,"comment_status":"open","ping_status":"open","sticky":false,"template":"","format":"standard","meta":{"_jetpack_memberships_contains_paid_content":false,"footnotes":""},"categories":[3],"tags":[],"class_list":["post-1279","post","type-post","status-publish","format-standard","has-post-thumbnail","hentry","category-kultur-sanat-haberleri"],"jetpack_featured_media_url":"https:\/\/odakhaber.site\/wp-content\/uploads\/2026\/03\/4cc81769-6a1a-4f83-a3ff-1d175ca02d96.jpg","jetpack_sharing_enabled":true,"_links":{"self":[{"href":"https:\/\/odakhaber.site\/index.php?rest_route=\/wp\/v2\/posts\/1279","targetHints":{"allow":["GET"]}}],"collection":[{"href":"https:\/\/odakhaber.site\/index.php?rest_route=\/wp\/v2\/posts"}],"about":[{"href":"https:\/\/odakhaber.site\/index.php?rest_route=\/wp\/v2\/types\/post"}],"author":[{"embeddable":true,"href":"https:\/\/odakhaber.site\/index.php?rest_route=\/wp\/v2\/users\/3"}],"replies":[{"embeddable":true,"href":"https:\/\/odakhaber.site\/index.php?rest_route=%2Fwp%2Fv2%2Fcomments&post=1279"}],"version-history":[{"count":1,"href":"https:\/\/odakhaber.site\/index.php?rest_route=\/wp\/v2\/posts\/1279\/revisions"}],"predecessor-version":[{"id":1281,"href":"https:\/\/odakhaber.site\/index.php?rest_route=\/wp\/v2\/posts\/1279\/revisions\/1281"}],"wp:featuredmedia":[{"embeddable":true,"href":"https:\/\/odakhaber.site\/index.php?rest_route=\/wp\/v2\/media\/1280"}],"wp:attachment":[{"href":"https:\/\/odakhaber.site\/index.php?rest_route=%2Fwp%2Fv2%2Fmedia&parent=1279"}],"wp:term":[{"taxonomy":"category","embeddable":true,"href":"https:\/\/odakhaber.site\/index.php?rest_route=%2Fwp%2Fv2%2Fcategories&post=1279"},{"taxonomy":"post_tag","embeddable":true,"href":"https:\/\/odakhaber.site\/index.php?rest_route=%2Fwp%2Fv2%2Ftags&post=1279"}],"curies":[{"name":"wp","href":"https:\/\/api.w.org\/{rel}","templated":true}]}}