{"id":1282,"date":"2026-03-03T20:10:22","date_gmt":"2026-03-03T20:10:22","guid":{"rendered":"https:\/\/odakhaber.site\/?p=1282"},"modified":"2026-03-03T20:10:22","modified_gmt":"2026-03-03T20:10:22","slug":"idso-denizbank-konserlerinde-kadinlar-gunune-ozel-dev-bulusma-gulsin-onay-ve-lina-gonzales-granados","status":"publish","type":"post","link":"https:\/\/odakhaber.site\/?p=1282","title":{"rendered":"\u0130DSO DEN\u0130ZBANK KONSERLER\u0130\u2019NDE KADINLAR G\u00dcN\u00dc\u2019NE \u00d6ZEL DEV BULU\u015eMA: G\u00dcLS\u0130N ONAY VE LINA GONZALES GRANADOS"},"content":{"rendered":"\n<p>\u0130stanbul Devlet Senfoni Orkestras\u0131 (\u0130DSO), DenizBank&#8217;\u0131n 21 y\u0131ld\u0131r s\u00fcregelen deste\u011fiyle <strong>8 Mart D\u00fcnya Kad\u0131nlar G\u00fcn\u00fc<\/strong>&#8216;n\u00fc m\u00fczik d\u00fcnyas\u0131n\u0131n iki dev ismini ayn\u0131 sahnede bulu\u015fturarak kutluyor. Uluslararas\u0131 ba\u015far\u0131lar\u0131yla tan\u0131nan piyanist <strong>G\u00fclsin Onay<\/strong> ve Los Angeles Operas\u0131 daimi \u015fefi <strong>Lina Gonzales Granados<\/strong>, AKM\u2019de sanatseverlere unutulmaz bir gece ya\u015fatacak.<\/p>\n\n\n\n<hr class=\"wp-block-separator has-alpha-channel-opacity\"\/>\n\n\n\n<h3 class=\"wp-block-heading\">ATAT\u00dcRK K\u00dcLT\u00dcR MERKEZ\u0130\u2019NDE YILDIZLAR GE\u00c7\u0130D\u0130<\/h3>\n\n\n\n<p>M\u00fczi\u011fe adanm\u0131\u015f kariyerleriyle ilham veren iki g\u00fc\u00e7l\u00fc kad\u0131n sanat\u00e7\u0131n\u0131n sahne alaca\u011f\u0131 bu \u00f6zel program, 13 Mart Cuma ak\u015fam\u0131 saat 20.00&#8217;de <strong>Atat\u00fcrk K\u00fclt\u00fcr Merkezi (AKM) T\u00fcrk Telekom Opera Salonu<\/strong>&#8216;nda ger\u00e7ekle\u015ftirilecek.<\/p>\n\n\n\n<p><strong>Konser Program\u0131 ve Detaylar:<\/strong><\/p>\n\n\n\n<ul class=\"wp-block-list\">\n<li><strong>I. B\u00f6l\u00fcm: Chopin\u2019in Romantik D\u00fcnyas\u0131<\/strong> Gecenin ilk yar\u0131s\u0131nda, Frederic Chopin\u2019in i\u00e7ten ve duygu y\u00fckl\u00fc eseri <strong>Piyano Kon\u00e7erto No. 2 Fa min\u00f6r Op. 21<\/strong> yank\u0131lanacak. Eser, d\u00fcnyaca \u00fcnl\u00fc piyanistimiz G\u00fclsin Onay\u2019\u0131n zarif ve etkileyici yorumuyla dinleyicileri duygusal bir yolculu\u011fa \u00e7\u0131karacak.<\/li>\n\n\n\n<li><strong>II. B\u00f6l\u00fcm: Nielsen\u2019in G\u00f6rsel Senfonisi<\/strong> Konserin ikinci b\u00f6l\u00fcm\u00fcnde \u0130DSO, \u015fef Lina Gonzales Granados y\u00f6netiminde Danimarkal\u0131 besteci Carl Nielsen\u2019in <strong>Senfoni No. 2 Op. 16<\/strong> adl\u0131 eserini icra edecek. Bir resmin zihinde uyand\u0131rd\u0131\u011f\u0131 imgelerden ilhamla bestelenen bu yap\u0131t, orkestral renkleri ve dinamik yap\u0131s\u0131yla finali ta\u00e7land\u0131racak.<\/li>\n<\/ul>\n\n\n\n<hr class=\"wp-block-separator has-alpha-channel-opacity\"\/>\n\n\n\n<h3 class=\"wp-block-heading\">21 YILLIK K\u00dcLT\u00dcREL M\u0130RASIN PAR\u00c7ASI<\/h3>\n\n\n\n<p>DenizBank\u2019\u0131n \u00e7eyrek asra yakla\u015fan deste\u011fiyle s\u00fcreklilik kazanan \u0130DSO DenizBank Konserleri, bu anlaml\u0131 etkinlik sayesinde kad\u0131n sanat\u00e7\u0131lar\u0131n evrensel m\u00fczi\u011fe katk\u0131lar\u0131n\u0131 bir kez daha vurguluyor.<\/p>\n\n\n\n<p><a href=\"https:\/\/www.cumhuriyet.com.tr\/kultur-sanat\/idso-denizbank-konserleri-nde-lina-gonzales-granados-ve-gulsin-onay-sahne-alacak-2483745\">https:\/\/www.cumhuriyet.com.tr\/kultur-sanat\/idso-denizbank-konserleri-nde-lina-gonzales-granados-ve-gulsin-onay-sahne-alacak-2483745<\/a><\/p>\n","protected":false},"excerpt":{"rendered":"<p>\u0130stanbul Devlet Senfoni Orkestras\u0131 (\u0130DSO), DenizBank&#8217;\u0131n 21 y\u0131ld\u0131r s\u00fcregelen deste\u011fiyle 8 Mart D\u00fcnya Kad\u0131nlar G\u00fcn\u00fc&#8216;n\u00fc m\u00fczik d\u00fcnyas\u0131n\u0131n iki dev ismini ayn\u0131 sahnede bulu\u015fturarak kutluyor. Uluslararas\u0131 ba\u015far\u0131lar\u0131yla tan\u0131nan piyanist G\u00fclsin Onay ve Los Angeles Operas\u0131 daimi \u015fefi Lina Gonzales Granados, AKM\u2019de sanatseverlere unutulmaz bir gece ya\u015fatacak. ATAT\u00dcRK K\u00dcLT\u00dcR MERKEZ\u0130\u2019NDE YILDIZLAR GE\u00c7\u0130D\u0130 M\u00fczi\u011fe adanm\u0131\u015f kariyerleriyle ilham veren [&hellip;]<\/p>\n","protected":false},"author":3,"featured_media":1283,"comment_status":"open","ping_status":"open","sticky":false,"template":"","format":"standard","meta":{"_jetpack_memberships_contains_paid_content":false,"footnotes":""},"categories":[3],"tags":[],"class_list":["post-1282","post","type-post","status-publish","format-standard","has-post-thumbnail","hentry","category-kultur-sanat-haberleri"],"jetpack_featured_media_url":"https:\/\/odakhaber.site\/wp-content\/uploads\/2026\/03\/4cc81769-6a1a-4f83-a3ff-1d175ca02d96-1.jpg","jetpack_sharing_enabled":true,"_links":{"self":[{"href":"https:\/\/odakhaber.site\/index.php?rest_route=\/wp\/v2\/posts\/1282","targetHints":{"allow":["GET"]}}],"collection":[{"href":"https:\/\/odakhaber.site\/index.php?rest_route=\/wp\/v2\/posts"}],"about":[{"href":"https:\/\/odakhaber.site\/index.php?rest_route=\/wp\/v2\/types\/post"}],"author":[{"embeddable":true,"href":"https:\/\/odakhaber.site\/index.php?rest_route=\/wp\/v2\/users\/3"}],"replies":[{"embeddable":true,"href":"https:\/\/odakhaber.site\/index.php?rest_route=%2Fwp%2Fv2%2Fcomments&post=1282"}],"version-history":[{"count":1,"href":"https:\/\/odakhaber.site\/index.php?rest_route=\/wp\/v2\/posts\/1282\/revisions"}],"predecessor-version":[{"id":1284,"href":"https:\/\/odakhaber.site\/index.php?rest_route=\/wp\/v2\/posts\/1282\/revisions\/1284"}],"wp:featuredmedia":[{"embeddable":true,"href":"https:\/\/odakhaber.site\/index.php?rest_route=\/wp\/v2\/media\/1283"}],"wp:attachment":[{"href":"https:\/\/odakhaber.site\/index.php?rest_route=%2Fwp%2Fv2%2Fmedia&parent=1282"}],"wp:term":[{"taxonomy":"category","embeddable":true,"href":"https:\/\/odakhaber.site\/index.php?rest_route=%2Fwp%2Fv2%2Fcategories&post=1282"},{"taxonomy":"post_tag","embeddable":true,"href":"https:\/\/odakhaber.site\/index.php?rest_route=%2Fwp%2Fv2%2Ftags&post=1282"}],"curies":[{"name":"wp","href":"https:\/\/api.w.org\/{rel}","templated":true}]}}