{"id":1285,"date":"2026-03-03T20:11:56","date_gmt":"2026-03-03T20:11:56","guid":{"rendered":"https:\/\/odakhaber.site\/?p=1285"},"modified":"2026-03-03T20:11:56","modified_gmt":"2026-03-03T20:11:56","slug":"izmirde-sanat-dolu-bir-hafta-operadan-atolyeye-zengin-etkinlik-rehberi","status":"publish","type":"post","link":"https:\/\/odakhaber.site\/?p=1285","title":{"rendered":"\u0130ZM\u0130R\u2019DE SANAT DOLU B\u0130R HAFTA: OPERADAN AT\u00d6LYEYE ZENG\u0130N ETK\u0130NL\u0130K REHBER\u0130"},"content":{"rendered":"\n<p>Ege\u2019nin k\u00fclt\u00fcr ba\u015fkenti \u0130zmir, Mart ay\u0131n\u0131n ilk haftas\u0131nda tiyatro, opera, bale, konser ve s\u00f6yle\u015filerden olu\u015fan dev bir sanat program\u0131na ev sahipli\u011fi yap\u0131yor. \u015eehrin farkl\u0131 noktalar\u0131ndaki sanat merkezleri, her ya\u015ftan ve her zevkten sanatseveri a\u011f\u0131rlamaya haz\u0131r.<\/p>\n\n\n\n<hr class=\"wp-block-separator has-alpha-channel-opacity\"\/>\n\n\n\n<h3 class=\"wp-block-heading\">OPERA VE BALE: SAHNEDE DEV YAPITLAR<\/h3>\n\n\n\n<p><strong>\u0130zmir Devlet Opera ve Balesi<\/strong>, haftan\u0131n \u00f6ne \u00e7\u0131kan yap\u0131mlar\u0131yla izleyici kar\u015f\u0131s\u0131na \u00e7\u0131k\u0131yor:<\/p>\n\n\n\n<ul class=\"wp-block-list\">\n<li><strong>Elhamra Sahnesi:<\/strong> 4 Mart\u2019ta <em>&#8220;Hoffmann&#8217;\u0131n Masallar\u0131ndan B\u00f6l\u00fcmler&#8221;<\/em> operas\u0131 sahnelenecek.<\/li>\n\n\n\n<li><strong>Bornova K\u00fclt\u00fcr ve Sanat Merkezi (Necdet Ayd\u0131n Sahnesi):<\/strong> * 3 Mart: <em>&#8220;Don Ki\u015fot&#8221;<\/em> balesi.\n<ul class=\"wp-block-list\">\n<li>5-7 Mart: <em>&#8220;Figaro&#8217;nun D\u00fc\u011f\u00fcn\u00fc&#8221;<\/em> operas\u0131.<\/li>\n\n\n\n<li>8 Mart: <em>&#8220;D\u00fcnya Kad\u0131nlar G\u00fcn\u00fc&#8221;<\/em> \u00f6zel konseri.<\/li>\n<\/ul>\n<\/li>\n<\/ul>\n\n\n\n<hr class=\"wp-block-separator has-alpha-channel-opacity\"\/>\n\n\n\n<h3 class=\"wp-block-heading\">T\u0130YATRO VE KLAS\u0130K M\u00dcZ\u0130K R\u00dcZG\u00c2RI<\/h3>\n\n\n\n<p><strong>\u0130zmir Devlet Tiyatrosu<\/strong>, hafta boyunca zengin repertuvar\u0131yla sahnelerde olacak:<\/p>\n\n\n\n<ul class=\"wp-block-list\">\n<li><strong>Bozkurt Kuru\u00e7 Sahnesi:<\/strong> <em>&#8220;Rembetiko Efsanesi&#8221;<\/em>, <em>&#8220;Nihayet Makam\u0131&#8221;<\/em> ve <em>&#8220;Orfin&#8217;in M\u00fczik Kutusu&#8221;<\/em>.<\/li>\n\n\n\n<li><strong>Kar\u015f\u0131yaka Rag\u0131p Hayk\u0131r Sahnesi:<\/strong> <em>&#8220;Ka\u00e7aklar&#8221;<\/em>.<\/li>\n\n\n\n<li><strong>Urla AKM:<\/strong> <em>&#8220;Yuko&#8221;<\/em>.<\/li>\n<\/ul>\n\n\n\n<p><strong>M\u00fczik Gruplar\u0131 ve Orkestralar:<\/strong><\/p>\n\n\n\n<ul class=\"wp-block-list\">\n<li><strong>Klasik T\u00fcrk M\u00fczi\u011fi Korosu:<\/strong> 5 Mart\u2019ta <em>&#8220;Klasiklerimiz Mupayyer Tak\u0131m\u0131&#8221;<\/em> konseri (Rak\u0131m Elkutlu Salonu).<\/li>\n\n\n\n<li><strong>\u0130zmir Devlet Senfoni Orkestras\u0131:<\/strong> 6 Mart\u2019ta AASSM\u2019de \u015fef Jesko Sirvend y\u00f6netiminde, solist Denizcan Eren e\u015fli\u011finde konser.<\/li>\n<\/ul>\n\n\n\n<hr class=\"wp-block-separator has-alpha-channel-opacity\"\/>\n\n\n\n<h3 class=\"wp-block-heading\">\u0130KSF: S\u00d6YLE\u015e\u0130, AT\u00d6LYE VE SERG\u0130 DURAKLARI<\/h3>\n\n\n\n<p><strong>\u0130zmir K\u00fclt\u00fcr Sanat Fabrikas\u0131 (\u0130KSF)<\/strong>, e\u011fitici ve ilham verici i\u00e7erikleriyle sanat\u0131n mutfa\u011f\u0131na \u0131\u015f\u0131k tutuyor:<\/p>\n\n\n\n<ul class=\"wp-block-list\">\n<li><strong>2 Mart:<\/strong> Dr. Sevgin Karacao\u011flu ile <em>&#8220;Sanat ve \u0130yile\u015fme&#8221;<\/em> s\u00f6yle\u015fisi; Psikolog Ay\u015feg\u00fcl \u015eener \u00c7evikayak ile <em>&#8220;\u00c7evik D\u00fc\u015f\u00fcnme&#8221;<\/em> at\u00f6lyesi.<\/li>\n\n\n\n<li><strong>3-4 Mart:<\/strong> Prof. Dr. G\u00fcrcan Polat ile <em>&#8220;Belevi Mezar An\u0131t\u0131&#8221;<\/em> s\u00f6yle\u015fisi; Prof. Dr. G\u00fcrb\u00fcz Akta\u015f ile <em>&#8220;Dans ve Hareket Terapisi&#8221;<\/em>.<\/li>\n\n\n\n<li><strong>5-6 Mart:<\/strong> Sulu boya at\u00f6lyeleri, Ye\u015filay Haftas\u0131 konseri ve <em>&#8220;Antik Metinlerde Kad\u0131n&#8221;<\/em> s\u00f6yle\u015fileri.<\/li>\n\n\n\n<li><strong>Sergi:<\/strong> 8-15 Mart tarihleri aras\u0131nda <em>&#8220;Kad\u0131n Sanat\u00e7\u0131lardan Kadim Sanatlar&#8221;<\/em> sergisi ziyarete a\u00e7\u0131k olacak.<\/li>\n<\/ul>\n\n\n\n<hr class=\"wp-block-separator has-alpha-channel-opacity\"\/>\n\n\n\n<h3 class=\"wp-block-heading\">AASSM\u2019DE \u00d6ZEL PERFORMANSLAR<\/h3>\n\n\n\n<p>Ahmed Adnan Saygun Sanat Merkezi (AASSM), haftay\u0131 \u00fc\u00e7 b\u00fcy\u00fck etkinlikle ta\u00e7land\u0131r\u0131yor:<\/p>\n\n\n\n<ol start=\"1\" class=\"wp-block-list\">\n<li><strong>3 Mart:<\/strong> Piyanist Dengin Ceyhan \u2013 <em>&#8220;Piyanonun Kad\u0131nlar\u0131&#8221;<\/em> (20.00).<\/li>\n\n\n\n<li><strong>4 Mart:<\/strong> \u0130zmir Oda Orkestras\u0131 \u2013 \u015eef Reinhard Goebel y\u00f6netiminde Barok ve Klasik d\u00f6nem eserleri (20.00).<\/li>\n\n\n\n<li><strong>7 Mart:<\/strong> <strong>Ahmet \u00dcmit<\/strong> \u2013 <em>&#8220;Zeus: Unutulmu\u015f Bir Tanr\u0131n\u0131n \u00d6fkesi&#8221;<\/em> anlat\u0131ml\u0131 konser (20.00).<\/li>\n<\/ol>\n\n\n\n<p><a href=\"https:\/\/www.cumhuriyet.com.tr\/kultur-sanat\/izmir-hafta-boyunca-sanat-etkinliklerine-ev-sahipligi-yapacak-2483716\">https:\/\/www.cumhuriyet.com.tr\/kultur-sanat\/izmir-hafta-boyunca-sanat-etkinliklerine-ev-sahipligi-yapacak-2483716<\/a><\/p>\n","protected":false},"excerpt":{"rendered":"<p>Ege\u2019nin k\u00fclt\u00fcr ba\u015fkenti \u0130zmir, Mart ay\u0131n\u0131n ilk haftas\u0131nda tiyatro, opera, bale, konser ve s\u00f6yle\u015filerden olu\u015fan dev bir sanat program\u0131na ev sahipli\u011fi yap\u0131yor. \u015eehrin farkl\u0131 noktalar\u0131ndaki sanat merkezleri, her ya\u015ftan ve her zevkten sanatseveri a\u011f\u0131rlamaya haz\u0131r. OPERA VE BALE: SAHNEDE DEV YAPITLAR \u0130zmir Devlet Opera ve Balesi, haftan\u0131n \u00f6ne \u00e7\u0131kan yap\u0131mlar\u0131yla izleyici kar\u015f\u0131s\u0131na \u00e7\u0131k\u0131yor: T\u0130YATRO VE [&hellip;]<\/p>\n","protected":false},"author":3,"featured_media":1286,"comment_status":"open","ping_status":"open","sticky":false,"template":"","format":"standard","meta":{"_jetpack_memberships_contains_paid_content":false,"footnotes":""},"categories":[3],"tags":[],"class_list":["post-1285","post","type-post","status-publish","format-standard","has-post-thumbnail","hentry","category-kultur-sanat-haberleri"],"jetpack_featured_media_url":"https:\/\/odakhaber.site\/wp-content\/uploads\/2026\/03\/0617f93a-4336-4233-b1d0-9c52f9591030.jpg","jetpack_sharing_enabled":true,"_links":{"self":[{"href":"https:\/\/odakhaber.site\/index.php?rest_route=\/wp\/v2\/posts\/1285","targetHints":{"allow":["GET"]}}],"collection":[{"href":"https:\/\/odakhaber.site\/index.php?rest_route=\/wp\/v2\/posts"}],"about":[{"href":"https:\/\/odakhaber.site\/index.php?rest_route=\/wp\/v2\/types\/post"}],"author":[{"embeddable":true,"href":"https:\/\/odakhaber.site\/index.php?rest_route=\/wp\/v2\/users\/3"}],"replies":[{"embeddable":true,"href":"https:\/\/odakhaber.site\/index.php?rest_route=%2Fwp%2Fv2%2Fcomments&post=1285"}],"version-history":[{"count":1,"href":"https:\/\/odakhaber.site\/index.php?rest_route=\/wp\/v2\/posts\/1285\/revisions"}],"predecessor-version":[{"id":1287,"href":"https:\/\/odakhaber.site\/index.php?rest_route=\/wp\/v2\/posts\/1285\/revisions\/1287"}],"wp:featuredmedia":[{"embeddable":true,"href":"https:\/\/odakhaber.site\/index.php?rest_route=\/wp\/v2\/media\/1286"}],"wp:attachment":[{"href":"https:\/\/odakhaber.site\/index.php?rest_route=%2Fwp%2Fv2%2Fmedia&parent=1285"}],"wp:term":[{"taxonomy":"category","embeddable":true,"href":"https:\/\/odakhaber.site\/index.php?rest_route=%2Fwp%2Fv2%2Fcategories&post=1285"},{"taxonomy":"post_tag","embeddable":true,"href":"https:\/\/odakhaber.site\/index.php?rest_route=%2Fwp%2Fv2%2Ftags&post=1285"}],"curies":[{"name":"wp","href":"https:\/\/api.w.org\/{rel}","templated":true}]}}