{"id":1297,"date":"2026-03-03T20:22:52","date_gmt":"2026-03-03T20:22:52","guid":{"rendered":"https:\/\/odakhaber.site\/?p=1297"},"modified":"2026-03-03T20:22:52","modified_gmt":"2026-03-03T20:22:52","slug":"sektorun-asya-uzmani-sora-dmc-turizm-dunyasini-iftar-sofrasinda-bulusturdu","status":"publish","type":"post","link":"https:\/\/odakhaber.site\/?p=1297","title":{"rendered":"SEKT\u00d6R\u00dcN ASYA UZMANI SORA DMC, TUR\u0130ZM D\u00dcNYASINI \u0130FTAR SOFRASINDA BULU\u015eTURDU"},"content":{"rendered":"\n<p>Asya destinasyonlar\u0131 konusundaki uzmanl\u0131\u011f\u0131yla tan\u0131nan <strong>Sora DMC<\/strong>, 2 Mart tarihinde d\u00fczenledi\u011fi \u00f6zel iftar organizasyonuyla turizm sekt\u00f6r\u00fcn\u00fcn \u00f6nde gelen temsilcilerini bir araya getirdi. Ramazan ay\u0131n\u0131n birle\u015ftirici ruhunu profesyonel i\u015f birlikleriyle harmanlayan davet, sekt\u00f6r payda\u015flar\u0131 i\u00e7in \u00f6nemli bir isti\u015fare noktas\u0131 oldu.<\/p>\n\n\n\n<hr class=\"wp-block-separator has-alpha-channel-opacity\"\/>\n\n\n\n<h3 class=\"wp-block-heading\">STRATEJ\u0130K BULU\u015eMA VE 2026 SEZONU BEKLENT\u0130LER\u0130<\/h3>\n\n\n\n<p>Turizm profesyonelleri, i\u015f ortaklar\u0131 ve ekonomi bas\u0131n\u0131n\u0131n yo\u011fun kat\u0131l\u0131m g\u00f6sterdi\u011fi gecede, samimi bir atmosferde sekt\u00f6r\u00fcn gelece\u011fi konu\u015fuldu. Davette \u00f6ne \u00e7\u0131kan ana ba\u015fl\u0131klar \u015funlar oldu:<\/p>\n\n\n\n<ul class=\"wp-block-list\">\n<li><strong>G\u00fc\u00e7l\u00fc \u0130\u015f Birlikleri:<\/strong> Sekt\u00f6r i\u00e7i koordinasyonun art\u0131r\u0131lmas\u0131.<\/li>\n\n\n\n<li><strong>S\u00fcrd\u00fcr\u00fclebilir B\u00fcy\u00fcme:<\/strong> Uzun vadeli turizm stratejilerinin de\u011ferlendirilmesi.<\/li>\n\n\n\n<li><strong>Yeni Sezon Projeksiyonu:<\/strong> 2026 turizm sezonuna dair beklentiler ve pazar analizi.<\/li>\n<\/ul>\n\n\n\n<hr class=\"wp-block-separator has-alpha-channel-opacity\"\/>\n\n\n\n<figure class=\"wp-block-image size-full\"><img loading=\"lazy\" decoding=\"async\" width=\"700\" height=\"401\" src=\"https:\/\/odakhaber.site\/wp-content\/uploads\/2026\/03\/sora-dmc.jpg\" alt=\"\" class=\"wp-image-1298\" srcset=\"https:\/\/odakhaber.site\/wp-content\/uploads\/2026\/03\/sora-dmc.jpg 700w, https:\/\/odakhaber.site\/wp-content\/uploads\/2026\/03\/sora-dmc-300x172.jpg 300w\" sizes=\"auto, (max-width: 700px) 100vw, 700px\" \/><\/figure>\n\n\n\n<h3 class=\"wp-block-heading\">GENEL M\u00dcD\u00dcR ORHAN DURMU\u015e: &#8220;TUR\u0130ZM K\u00dcLT\u00dcRLER\u0130 BULU\u015eTURAN B\u0130R K\u00d6PR\u00dcD\u00dcR&#8221;<\/h3>\n\n\n\n<p>Gecenin ev sahipli\u011fini yapan <strong>Sora DMC Kurucusu ve Genel M\u00fcd\u00fcr\u00fc Orhan Durmu\u015f<\/strong>, yapt\u0131\u011f\u0131 konu\u015fmada turizmin insani ve k\u00fclt\u00fcrel boyutuna dikkat \u00e7ekti. Durmu\u015f, sekt\u00f6rdeki dayan\u0131\u015fman\u0131n \u00f6nemini \u015fu s\u00f6zlerle vurgulad\u0131:<\/p>\n\n\n\n<blockquote class=\"wp-block-quote is-layout-flow wp-block-quote-is-layout-flow\">\n<p><em>&#8220;Turizm; insanlar\u0131, k\u00fclt\u00fcrleri ve de\u011ferleri bulu\u015fturan g\u00fc\u00e7l\u00fc bir k\u00f6pr\u00fcd\u00fcr. Ramazan ay\u0131n\u0131n manevi atmosferinde sekt\u00f6r payda\u015flar\u0131m\u0131zla ayn\u0131 sofray\u0131 payla\u015fmak bizim i\u00e7in yaln\u0131zca bir davet de\u011fil, uzun soluklu i\u015f birliklerimizin ve dostluklar\u0131m\u0131z\u0131n da bir g\u00f6stergesidir. Birlikte \u00fcretmeye, birlikte b\u00fcy\u00fcmeye ve destinasyonumuza de\u011fer katmaya devam edece\u011fiz.&#8221;<\/em><\/p>\n<\/blockquote>\n\n\n\n<hr class=\"wp-block-separator has-alpha-channel-opacity\"\/>\n\n\n\n<h3 class=\"wp-block-heading\">ASYA DEST\u0130NASYONLARINDA OPERASYONEL G\u00dc\u00c7<\/h3>\n\n\n\n<p>Sora DMC, Asya pazarlar\u0131ndaki derin uzmanl\u0131\u011f\u0131 ve operasyonel kabiliyetiyle T\u00fcrkiye turizm ekosistemine de\u011fer katmay\u0131 s\u00fcrd\u00fcr\u00fcyor. \u0130ftar yeme\u011fi boyunca k\u00fcresel turizmdeki artan rekabet ortam\u0131nda <strong>Destinasyon Y\u00f6netim \u015eirketlerinin (DMC)<\/strong> kritik rol\u00fc ve ortak ak\u0131l ile hareket etmenin \u00f6nemi kat\u0131l\u0131mc\u0131lar taraf\u0131ndan dile getirildi.<\/p>\n\n\n\n<p>Yeni sezona dair olumlu mesajlar\u0131n verildi\u011fi bu anlaml\u0131 bulu\u015fma, kar\u015f\u0131l\u0131kl\u0131 iyi dileklerle sona erdi.<\/p>\n\n\n\n<p><a href=\"https:\/\/www.turizmgunlugu.com\/2026\/03\/03\/sora-dmc-turizm-sektorunu-ramazan-sofrasinda-bulusturdu\">https:\/\/www.turizmgunlugu.com\/2026\/03\/03\/sora-dmc-turizm-sektorunu-ramazan-sofrasinda-bulusturdu<\/a><\/p>\n","protected":false},"excerpt":{"rendered":"<p>Asya destinasyonlar\u0131 konusundaki uzmanl\u0131\u011f\u0131yla tan\u0131nan Sora DMC, 2 Mart tarihinde d\u00fczenledi\u011fi \u00f6zel iftar organizasyonuyla turizm sekt\u00f6r\u00fcn\u00fcn \u00f6nde gelen temsilcilerini bir araya getirdi. Ramazan ay\u0131n\u0131n birle\u015ftirici ruhunu profesyonel i\u015f birlikleriyle harmanlayan davet, sekt\u00f6r payda\u015flar\u0131 i\u00e7in \u00f6nemli bir isti\u015fare noktas\u0131 oldu. STRATEJ\u0130K BULU\u015eMA VE 2026 SEZONU BEKLENT\u0130LER\u0130 Turizm profesyonelleri, i\u015f ortaklar\u0131 ve ekonomi bas\u0131n\u0131n\u0131n yo\u011fun kat\u0131l\u0131m g\u00f6sterdi\u011fi [&hellip;]<\/p>\n","protected":false},"author":3,"featured_media":1299,"comment_status":"open","ping_status":"open","sticky":false,"template":"","format":"standard","meta":{"_jetpack_memberships_contains_paid_content":false,"footnotes":""},"categories":[34],"tags":[],"class_list":["post-1297","post","type-post","status-publish","format-standard","has-post-thumbnail","hentry","category-turizm-ve-seyehat-haberleri"],"jetpack_featured_media_url":"https:\/\/odakhaber.site\/wp-content\/uploads\/2026\/03\/sora-dmc1.jpg","jetpack_sharing_enabled":true,"_links":{"self":[{"href":"https:\/\/odakhaber.site\/index.php?rest_route=\/wp\/v2\/posts\/1297","targetHints":{"allow":["GET"]}}],"collection":[{"href":"https:\/\/odakhaber.site\/index.php?rest_route=\/wp\/v2\/posts"}],"about":[{"href":"https:\/\/odakhaber.site\/index.php?rest_route=\/wp\/v2\/types\/post"}],"author":[{"embeddable":true,"href":"https:\/\/odakhaber.site\/index.php?rest_route=\/wp\/v2\/users\/3"}],"replies":[{"embeddable":true,"href":"https:\/\/odakhaber.site\/index.php?rest_route=%2Fwp%2Fv2%2Fcomments&post=1297"}],"version-history":[{"count":1,"href":"https:\/\/odakhaber.site\/index.php?rest_route=\/wp\/v2\/posts\/1297\/revisions"}],"predecessor-version":[{"id":1300,"href":"https:\/\/odakhaber.site\/index.php?rest_route=\/wp\/v2\/posts\/1297\/revisions\/1300"}],"wp:featuredmedia":[{"embeddable":true,"href":"https:\/\/odakhaber.site\/index.php?rest_route=\/wp\/v2\/media\/1299"}],"wp:attachment":[{"href":"https:\/\/odakhaber.site\/index.php?rest_route=%2Fwp%2Fv2%2Fmedia&parent=1297"}],"wp:term":[{"taxonomy":"category","embeddable":true,"href":"https:\/\/odakhaber.site\/index.php?rest_route=%2Fwp%2Fv2%2Fcategories&post=1297"},{"taxonomy":"post_tag","embeddable":true,"href":"https:\/\/odakhaber.site\/index.php?rest_route=%2Fwp%2Fv2%2Ftags&post=1297"}],"curies":[{"name":"wp","href":"https:\/\/api.w.org\/{rel}","templated":true}]}}