{"id":1309,"date":"2026-03-04T10:44:33","date_gmt":"2026-03-04T10:44:33","guid":{"rendered":"https:\/\/odakhaber.site\/?p=1309"},"modified":"2026-03-04T10:44:33","modified_gmt":"2026-03-04T10:44:33","slug":"fenerbahcede-sezon-sonu-operasyonu-basladi-ilk-yolcu-brezilyaya","status":"publish","type":"post","link":"https:\/\/odakhaber.site\/?p=1309","title":{"rendered":"Fenerbah\u00e7e&#8217;de Sezon Sonu Operasyonu Ba\u015flad\u0131: \u0130lk Yolcu Brezilya\u2019ya"},"content":{"rendered":"\n<p>S\u00fcper Lig\u2019de nama\u011flup unvan\u0131yla zirve m\u00fccadelesini s\u00fcrd\u00fcren Fenerbah\u00e7e\u2019de, son haftalarda al\u0131nan \u00fcst \u00fcste iki beraberli\u011fin ard\u0131ndan gelecek sezonun kadro planlamas\u0131 i\u00e7in d\u00fc\u011fmeye bas\u0131ld\u0131. Sar\u0131-lacivertli y\u00f6netim, kadroda d\u00fc\u015f\u00fcn\u00fclmeyen isimlerle yollar\u0131n\u0131 ay\u0131rmaya haz\u0131rlan\u0131rken, tak\u0131mdan ayr\u0131lacak ilk isim ve yeni adresi netle\u015fti.<\/p>\n\n\n\n<h3 class=\"wp-block-heading\">K\u0131\u015f Transfer D\u00f6nemi Hareketli Ge\u00e7mi\u015fti<\/h3>\n\n\n\n<p>\u015eampiyonluk yolunda kadrosunu g\u00fc\u00e7lendirmek ad\u0131na k\u0131\u015f transfer d\u00f6neminde d\u00fcnyaca \u00fcnl\u00fc isimleri renklerine ba\u011flayan Kanarya; <strong>N&#8217;Golo Kante, Matteo Guendouzi, Anthony Musaba, Sidiki Cherif ve Mert G\u00fcnok<\/strong> hamleleriyle b\u00fcy\u00fck ses getirmi\u015fti. Bu s\u00fcre\u00e7te savunma hatt\u0131nda da de\u011fi\u015fime gidilmi\u015f ve Rodrigo Becao, devre aras\u0131nda Kas\u0131mpa\u015fa&#8217;ya kiralanm\u0131\u015ft\u0131.<\/p>\n\n\n\n<h3 class=\"wp-block-heading\">Rodrigo Becao Brezilya Yolcusu: Yeni Tak\u0131m\u0131 Internacional<\/h3>\n\n\n\n<figure class=\"wp-block-image size-full\"><img loading=\"lazy\" decoding=\"async\" width=\"775\" height=\"530\" src=\"https:\/\/odakhaber.site\/wp-content\/uploads\/2026\/03\/0x0-fenerbahcede-yeni-sezonun-ilk-ayriligi-netlesti-iste-yeni-takimi-1772604765615.jpeg\" alt=\"\" class=\"wp-image-1310\" srcset=\"https:\/\/odakhaber.site\/wp-content\/uploads\/2026\/03\/0x0-fenerbahcede-yeni-sezonun-ilk-ayriligi-netlesti-iste-yeni-takimi-1772604765615.jpeg 775w, https:\/\/odakhaber.site\/wp-content\/uploads\/2026\/03\/0x0-fenerbahcede-yeni-sezonun-ilk-ayriligi-netlesti-iste-yeni-takimi-1772604765615-300x205.jpeg 300w, https:\/\/odakhaber.site\/wp-content\/uploads\/2026\/03\/0x0-fenerbahcede-yeni-sezonun-ilk-ayriligi-netlesti-iste-yeni-takimi-1772604765615-768x525.jpeg 768w\" sizes=\"auto, (max-width: 775px) 100vw, 775px\" \/><\/figure>\n\n\n\n<p>Fotoma\u00e7&#8217;\u0131n haberine g\u00f6re, Fenerbah\u00e7e&#8217;nin Kas\u0131mpa\u015fa&#8217;ya kiralad\u0131\u011f\u0131 30 ya\u015f\u0131ndaki Brezilyal\u0131 stoper <strong>Rodrigo Becao<\/strong>, sezon sonunda sar\u0131-lacivertli ekibe tamamen veda ediyor. Tecr\u00fcbeli futbolcunun, \u00fclkesinin k\u00f6kl\u00fc kul\u00fcplerinden <strong>Internacional<\/strong> ile her konuda anla\u015fma sa\u011flad\u0131\u011f\u0131 \u00f6\u011frenildi. \u0130talya&#8217;dan da \u00e7e\u015fitli teklifler almas\u0131na ra\u011fmen Becao&#8217;nun tercihini \u00fclkesine d\u00f6nmekten yana kulland\u0131\u011f\u0131 iddia ediliyor.<\/p>\n\n\n\n<h3 class=\"wp-block-heading\">Sezon Performans\u0131 ve S\u00f6zle\u015fme Detaylar\u0131<\/h3>\n\n\n\n<p>Bu sezon beklenen s\u00fcreyi bulmakta zorlanan Becao, \u00e7\u0131kt\u0131\u011f\u0131 6 ma\u00e7ta toplam 446 dakika s\u00fcre alabildi. Skor katk\u0131s\u0131 \u00fcretemeyen oyuncunun g\u00fcncel piyasa de\u011feri 3 milyon Euro civar\u0131nda seyrediyor. Brezilyal\u0131 futbolcunun Fenerbah\u00e7e ile olan resmi s\u00f6zle\u015fmesi normal \u015fartlarda 2028 y\u0131l\u0131na kadar devam ediyordu.<\/p>\n\n\n\n<h3 class=\"wp-block-heading\">G\u00fcndemdeki Di\u011fer Geli\u015fmeler<\/h3>\n\n\n\n<p>Fenerbah\u00e7e cephesinde sadece oyuncu ayr\u0131l\u0131klar\u0131 de\u011fil, teknik heyet ve yeni transfer hedefleri de hareketli. Sadettin Saran&#8217;\u0131n teknik direkt\u00f6r <strong>Domenico Tedesco<\/strong> ile \u00f6zel bir g\u00f6r\u00fc\u015fme ger\u00e7ekle\u015ftirdi\u011fi ve kul\u00fcb\u00fcn 9 numara listesi i\u00e7in Serie A ekiplerinin yak\u0131n takibe al\u0131nd\u0131\u011f\u0131 gelen bilgiler aras\u0131nda.<\/p>\n\n\n\n<p><a href=\"https:\/\/www.aspor.com.tr\/fenerbahce\/2026\/03\/04\/fenerbahcede-sezon-sonu-ayrilacak-ilk-isim-belli-oldu-iste-yeni-takimi?paging=9\">https:\/\/www.aspor.com.tr\/fenerbahce\/2026\/03\/04\/fenerbahcede-sezon-sonu-ayrilacak-ilk-isim-belli-oldu-iste-yeni-takimi?paging=9<\/a><\/p>\n","protected":false},"excerpt":{"rendered":"<p>S\u00fcper Lig\u2019de nama\u011flup unvan\u0131yla zirve m\u00fccadelesini s\u00fcrd\u00fcren Fenerbah\u00e7e\u2019de, son haftalarda al\u0131nan \u00fcst \u00fcste iki beraberli\u011fin ard\u0131ndan gelecek sezonun kadro planlamas\u0131 i\u00e7in d\u00fc\u011fmeye bas\u0131ld\u0131. Sar\u0131-lacivertli y\u00f6netim, kadroda d\u00fc\u015f\u00fcn\u00fclmeyen isimlerle yollar\u0131n\u0131 ay\u0131rmaya haz\u0131rlan\u0131rken, tak\u0131mdan ayr\u0131lacak ilk isim ve yeni adresi netle\u015fti. K\u0131\u015f Transfer D\u00f6nemi Hareketli Ge\u00e7mi\u015fti \u015eampiyonluk yolunda kadrosunu g\u00fc\u00e7lendirmek ad\u0131na k\u0131\u015f transfer d\u00f6neminde d\u00fcnyaca \u00fcnl\u00fc isimleri [&hellip;]<\/p>\n","protected":false},"author":4,"featured_media":1312,"comment_status":"open","ping_status":"open","sticky":false,"template":"","format":"standard","meta":{"_jetpack_memberships_contains_paid_content":false,"footnotes":""},"categories":[9],"tags":[],"class_list":["post-1309","post","type-post","status-publish","format-standard","has-post-thumbnail","hentry","category-spor"],"jetpack_featured_media_url":"https:\/\/odakhaber.site\/wp-content\/uploads\/2026\/03\/0x0-fenerbahcede-yeni-sezonun-ilk-ayriligi-netlesti-iste-yeni-takimi-1772604768521.jpeg","jetpack_sharing_enabled":true,"_links":{"self":[{"href":"https:\/\/odakhaber.site\/index.php?rest_route=\/wp\/v2\/posts\/1309","targetHints":{"allow":["GET"]}}],"collection":[{"href":"https:\/\/odakhaber.site\/index.php?rest_route=\/wp\/v2\/posts"}],"about":[{"href":"https:\/\/odakhaber.site\/index.php?rest_route=\/wp\/v2\/types\/post"}],"author":[{"embeddable":true,"href":"https:\/\/odakhaber.site\/index.php?rest_route=\/wp\/v2\/users\/4"}],"replies":[{"embeddable":true,"href":"https:\/\/odakhaber.site\/index.php?rest_route=%2Fwp%2Fv2%2Fcomments&post=1309"}],"version-history":[{"count":1,"href":"https:\/\/odakhaber.site\/index.php?rest_route=\/wp\/v2\/posts\/1309\/revisions"}],"predecessor-version":[{"id":1313,"href":"https:\/\/odakhaber.site\/index.php?rest_route=\/wp\/v2\/posts\/1309\/revisions\/1313"}],"wp:featuredmedia":[{"embeddable":true,"href":"https:\/\/odakhaber.site\/index.php?rest_route=\/wp\/v2\/media\/1312"}],"wp:attachment":[{"href":"https:\/\/odakhaber.site\/index.php?rest_route=%2Fwp%2Fv2%2Fmedia&parent=1309"}],"wp:term":[{"taxonomy":"category","embeddable":true,"href":"https:\/\/odakhaber.site\/index.php?rest_route=%2Fwp%2Fv2%2Fcategories&post=1309"},{"taxonomy":"post_tag","embeddable":true,"href":"https:\/\/odakhaber.site\/index.php?rest_route=%2Fwp%2Fv2%2Ftags&post=1309"}],"curies":[{"name":"wp","href":"https:\/\/api.w.org\/{rel}","templated":true}]}}