{"id":1375,"date":"2026-03-04T19:23:45","date_gmt":"2026-03-04T19:23:45","guid":{"rendered":"https:\/\/odakhaber.site\/?p=1375"},"modified":"2026-03-04T19:23:45","modified_gmt":"2026-03-04T19:23:45","slug":"turk-hava-yollarindan-orta-dogu-seferlerine-iliskin-onemli-duyuru-yolcu-haklari-ve-iade-surecleri","status":"publish","type":"post","link":"https:\/\/odakhaber.site\/?p=1375","title":{"rendered":"T\u00fcrk Hava Yollar\u0131\u2019ndan Orta Do\u011fu Seferlerine \u0130li\u015fkin \u00d6nemli Duyuru: Yolcu Haklar\u0131 ve \u0130ade S\u00fcre\u00e7leri"},"content":{"rendered":"\n<p>T\u00fcrk Hava Yollar\u0131 (THY), Orta Do\u011fu co\u011frafyas\u0131nda ya\u015fanan g\u00fcncel geli\u015fmelerin u\u00e7u\u015f operasyonlar\u0131n\u0131 etkilemesi \u00fczerine, b\u00f6lgeye seyahat edecek yolcular\u0131 i\u00e7in kapsaml\u0131 bir d\u00fczenleme yay\u0131mlad\u0131. <strong>4 Mart 2026<\/strong> tarihi itibar\u0131yla yap\u0131lan duyuruda, u\u00e7u\u015fu etkilenen yolculara ilave haklar tan\u0131nd\u0131\u011f\u0131 ve i\u015flemlerin dijital kanallar \u00fczerinden kolayla\u015ft\u0131r\u0131ld\u0131\u011f\u0131 belirtildi.<\/p>\n\n\n\n<hr class=\"wp-block-separator has-alpha-channel-opacity\"\/>\n\n\n\n<h2 class=\"wp-block-heading\">Kapsam Dahilindeki Destinasyonlar<\/h2>\n\n\n\n<p>Yap\u0131lan a\u00e7\u0131klamaya g\u00f6re, a\u015fa\u011f\u0131daki \u00fclke ve \u015fehir seferlerinde seyahat plan\u0131 bulunan yolcular, tan\u0131mlanan ek haklardan yararlanabilecek:<\/p>\n\n\n\n<ul class=\"wp-block-list\">\n<li><strong>Birle\u015fik Arap Emirlikleri (BAE)<\/strong><\/li>\n\n\n\n<li><strong>Katar<\/strong><\/li>\n\n\n\n<li><strong>Bahreyn<\/strong><\/li>\n\n\n\n<li><strong>Kuveyt<\/strong><\/li>\n\n\n\n<li><strong>Umman<\/strong><\/li>\n\n\n\n<li><strong>Suudi Arabistan (Dammam ve Riyad)<\/strong><\/li>\n<\/ul>\n\n\n\n<hr class=\"wp-block-separator has-alpha-channel-opacity\"\/>\n\n\n\n<h2 class=\"wp-block-heading\">Dijital Kanallar \u00dczerinden H\u0131zl\u0131 \u0130\u015flem \u0130mkan\u0131<\/h2>\n\n\n\n<p>THY, yolcular\u0131n ma\u011fduriyet ya\u015famamas\u0131 ad\u0131na bilet de\u011fi\u015fikli\u011fi ve iade s\u00fcre\u00e7lerini tamamen dijital platformlara ta\u015f\u0131d\u0131. Yolcular, \u00e7a\u011fr\u0131 merkezine ba\u011flanmaya gerek kalmadan a\u015fa\u011f\u0131daki y\u00f6ntemlerle i\u015flemlerini ger\u00e7ekle\u015ftirebilir:<\/p>\n\n\n\n<ul class=\"wp-block-list\">\n<li><strong>Online \u0130\u015flemler:<\/strong> Bilet de\u011fi\u015fikli\u011fi ve iade talepleri, THY\u2019nin resmi web sitesi ve mobil uygulamas\u0131 \u00fczerinden yap\u0131labilecek.<\/li>\n\n\n\n<li><strong>Anl\u0131k Bilgilendirme:<\/strong> G\u00fcncel u\u00e7u\u015f durumlar\u0131, web sitesindeki &#8220;U\u00e7u\u015f Durumu&#8221; sayfas\u0131 \u00fczerinden takip edilebilecek.<\/li>\n\n\n\n<li><strong>TK Asistan:<\/strong> WhatsApp \u00fczerinden hizmet veren yapay zeka destekli asistan arac\u0131l\u0131\u011f\u0131yla h\u0131zl\u0131 sorgulama yap\u0131labilecek.<\/li>\n<\/ul>\n\n\n\n<hr class=\"wp-block-separator has-alpha-channel-opacity\"\/>\n\n\n\n<h2 class=\"wp-block-heading\">T\u00fcrk Hava Yollar\u0131\u2019ndan Resmi A\u00e7\u0131klama<\/h2>\n\n\n\n<p>Kurum taraf\u0131ndan yap\u0131lan resmi duyuruda \u015fu ifadelere yer verildi:<\/p>\n\n\n\n<blockquote class=\"wp-block-quote is-layout-flow wp-block-quote-is-layout-flow\">\n<p>\u201cDe\u011ferli Yolcular\u0131m\u0131z, Birle\u015fik Arap Emirlikleri, Katar, Bahreyn, Kuveyt, Dammam, Riyad ve Umman seferlerini etkileyen geli\u015fmeler nedeniyle yolcular\u0131m\u0131za ek haklar tan\u0131mlanm\u0131\u015ft\u0131r.<\/p>\n\n\n\n<p>U\u00e7u\u015flar\u0131n\u0131zla ilgili g\u00fcncel bilgiye u\u00e7u\u015f durumu sayfam\u0131z \u00fczerinden ula\u015fabilir veya WhatsApp \u00fczerinden TK Asistan ile sorgulama yapabilirsiniz. Detayl\u0131 bilgiye a\u015fa\u011f\u0131daki ba\u011flant\u0131 \u00fczerinden ula\u015fabilir, bilet de\u011fi\u015fikli\u011fi ve iade i\u015flemlerinizi web sitemiz ve mobil uygulamam\u0131z \u00fczerinden ger\u00e7ekle\u015ftirebilirsiniz.\u201d<\/p>\n<\/blockquote>\n\n\n\n<hr class=\"wp-block-separator has-alpha-channel-opacity\"\/>\n\n\n\n<h3 class=\"wp-block-heading\">Yolcular \u0130\u00e7in \u00d6nemli Notlar<\/h3>\n\n\n\n<p>U\u00e7u\u015fu etkilenen yolcular\u0131n, havaliman\u0131na gitmeden \u00f6nce dijital kanallar vas\u0131tas\u0131yla u\u00e7u\u015flar\u0131n\u0131n son durumunu kontrol etmeleri ve bilet i\u015flemlerini (de\u011fi\u015fiklik\/iade) mobil uygulama \u00fczerinden tamamlamalar\u0131 tavsiye edilmektedir.<\/p>\n\n\n\n<p><a href=\"https:\/\/www.turizmgunlugu.com\/2026\/03\/04\/thy-ucus-iptalleri-katar-bae-kuveyt\">https:\/\/www.turizmgunlugu.com\/2026\/03\/04\/thy-ucus-iptalleri-katar-bae-kuveyt<\/a><\/p>\n","protected":false},"excerpt":{"rendered":"<p>T\u00fcrk Hava Yollar\u0131 (THY), Orta Do\u011fu co\u011frafyas\u0131nda ya\u015fanan g\u00fcncel geli\u015fmelerin u\u00e7u\u015f operasyonlar\u0131n\u0131 etkilemesi \u00fczerine, b\u00f6lgeye seyahat edecek yolcular\u0131 i\u00e7in kapsaml\u0131 bir d\u00fczenleme yay\u0131mlad\u0131. 4 Mart 2026 tarihi itibar\u0131yla yap\u0131lan duyuruda, u\u00e7u\u015fu etkilenen yolculara ilave haklar tan\u0131nd\u0131\u011f\u0131 ve i\u015flemlerin dijital kanallar \u00fczerinden kolayla\u015ft\u0131r\u0131ld\u0131\u011f\u0131 belirtildi. Kapsam Dahilindeki Destinasyonlar Yap\u0131lan a\u00e7\u0131klamaya g\u00f6re, a\u015fa\u011f\u0131daki \u00fclke ve \u015fehir seferlerinde seyahat [&hellip;]<\/p>\n","protected":false},"author":3,"featured_media":1378,"comment_status":"open","ping_status":"open","sticky":false,"template":"","format":"standard","meta":{"_jetpack_memberships_contains_paid_content":false,"footnotes":""},"categories":[34],"tags":[],"class_list":["post-1375","post","type-post","status-publish","format-standard","has-post-thumbnail","hentry","category-turizm-ve-seyehat-haberleri"],"jetpack_featured_media_url":"https:\/\/odakhaber.site\/wp-content\/uploads\/2026\/03\/thy-turk-hava-yollari.jpg","jetpack_sharing_enabled":true,"_links":{"self":[{"href":"https:\/\/odakhaber.site\/index.php?rest_route=\/wp\/v2\/posts\/1375","targetHints":{"allow":["GET"]}}],"collection":[{"href":"https:\/\/odakhaber.site\/index.php?rest_route=\/wp\/v2\/posts"}],"about":[{"href":"https:\/\/odakhaber.site\/index.php?rest_route=\/wp\/v2\/types\/post"}],"author":[{"embeddable":true,"href":"https:\/\/odakhaber.site\/index.php?rest_route=\/wp\/v2\/users\/3"}],"replies":[{"embeddable":true,"href":"https:\/\/odakhaber.site\/index.php?rest_route=%2Fwp%2Fv2%2Fcomments&post=1375"}],"version-history":[{"count":1,"href":"https:\/\/odakhaber.site\/index.php?rest_route=\/wp\/v2\/posts\/1375\/revisions"}],"predecessor-version":[{"id":1379,"href":"https:\/\/odakhaber.site\/index.php?rest_route=\/wp\/v2\/posts\/1375\/revisions\/1379"}],"wp:featuredmedia":[{"embeddable":true,"href":"https:\/\/odakhaber.site\/index.php?rest_route=\/wp\/v2\/media\/1378"}],"wp:attachment":[{"href":"https:\/\/odakhaber.site\/index.php?rest_route=%2Fwp%2Fv2%2Fmedia&parent=1375"}],"wp:term":[{"taxonomy":"category","embeddable":true,"href":"https:\/\/odakhaber.site\/index.php?rest_route=%2Fwp%2Fv2%2Fcategories&post=1375"},{"taxonomy":"post_tag","embeddable":true,"href":"https:\/\/odakhaber.site\/index.php?rest_route=%2Fwp%2Fv2%2Ftags&post=1375"}],"curies":[{"name":"wp","href":"https:\/\/api.w.org\/{rel}","templated":true}]}}