{"id":1474,"date":"2026-03-05T18:03:20","date_gmt":"2026-03-05T18:03:20","guid":{"rendered":"https:\/\/odakhaber.site\/?p=1474"},"modified":"2026-03-05T18:03:20","modified_gmt":"2026-03-05T18:03:20","slug":"obezite-bir-irade-sorunu-degil-kronik-bir-hastaliktir","status":"publish","type":"post","link":"https:\/\/odakhaber.site\/?p=1474","title":{"rendered":"Obezite Bir \u0130rade Sorunu De\u011fil, Kronik Bir Hastal\u0131kt\u0131r!"},"content":{"rendered":"\n<p><strong>Genel Cerrahi Uzman\u0131 Prof. Dr. H\u00fcseyin Sinan, D\u00fcnya Obezite G\u00fcn\u00fc kapsam\u0131nda yapt\u0131\u011f\u0131 a\u00e7\u0131klamalarda obeziteyle m\u00fccadelenin &#8220;dayan ve dene&#8221; yakla\u015f\u0131m\u0131ndan \u00e7ok daha \u00f6te bir s\u00fcre\u00e7 oldu\u011funu vurgulad\u0131. Sinan, tedavide modern t\u0131bb\u0131n sundu\u011fu t\u00fcm imkanlar\u0131n ki\u015fiye \u00f6zel bir stratejiyle kullan\u0131lmas\u0131 gerekti\u011fini belirtti.<\/strong><\/p>\n\n\n\n<h3 class=\"wp-block-heading\">Tedavinin Sars\u0131lmaz Temeli: Ya\u015fam Tarz\u0131 De\u011fi\u015fikli\u011fi<\/h3>\n\n\n\n<p>Prof. Dr. H\u00fcseyin Sinan\u2019a g\u00f6re, hangi y\u00f6ntem tercih edilirse edilsin;&nbsp;<strong>sa\u011fl\u0131kl\u0131 beslenme, hareket ve disiplin<\/strong>&nbsp;eksenli bir ya\u015fam tarz\u0131 de\u011fi\u015fikli\u011fi olmadan kal\u0131c\u0131 ba\u015far\u0131 m\u00fcmk\u00fcn de\u011fil. Obezitenin sadece bir kilo problemi olmad\u0131\u011f\u0131n\u0131 hat\u0131rlatan Sinan, tabloya e\u015flik eden diyabet, hipertansiyon, uyku apnesi ve kalp-damar hastal\u0131klar\u0131n\u0131n hayati risk ta\u015f\u0131d\u0131\u011f\u0131na dikkat \u00e7ekti.<\/p>\n\n\n\n<h3 class=\"wp-block-heading\">Yeni Nesil \u0130la\u00e7lar: Umut Verici Ama Mucize De\u011fil<\/h3>\n\n\n\n<p>Son d\u00f6nemde g\u00fcndemde olan yeni nesil obezite ila\u00e7lar\u0131na da de\u011finen Prof. Dr. Sinan, bilimsel geli\u015fmeleri yak\u0131ndan takip ettiklerini belirterek \u015funlar\u0131 s\u00f6yledi:<\/p>\n\n\n\n<blockquote class=\"wp-block-quote is-layout-flow wp-block-quote-is-layout-flow\">\n<p>&#8220;Umut verici veriler var ancak t\u0131pta her yeni geli\u015fme uzun d\u00f6nem sonu\u00e7larla de\u011ferlendirilir. Ne &#8216;ila\u00e7lar gereksizdir&#8217; diyoruz ne de &#8216;herkes i\u00e7in \u00e7\u00f6z\u00fcm budur&#8217; diyoruz. Burada kritik olan s\u00fcrd\u00fcr\u00fclebilirlik ve ger\u00e7ek ya\u015fam deneyimidir.&#8221;<\/p>\n<\/blockquote>\n\n\n\n<h3 class=\"wp-block-heading\">Cerrahi &#8220;Son \u00c7are&#8221; mi, Yoksa &#8220;Do\u011fru Zaman&#8221; m\u0131?<\/h3>\n\n\n\n<p>Obezite cerrahisinin bir &#8220;sihirli de\u011fnek&#8221; olmad\u0131\u011f\u0131n\u0131 ancak geli\u015fen tekniklerle g\u00fcvenli bir tedavi se\u00e7ene\u011fi haline geldi\u011fini belirten Sinan, en \u00e7ok merak edilen &#8220;Ameliyat son \u00e7are mi?&#8221; sorusuna \u015fu s\u00f6zlerle a\u00e7\u0131kl\u0131k getirdi:<\/p>\n\n\n\n<p>\u00a0Mesele son \u00e7are olup olmamas\u0131 de\u011fil, hastan\u0131n metabolik riskinin ne durumda oldu\u011fudur.<\/p>\n\n\n\n<p>\u00a0Beklemek sa\u011fl\u0131\u011fa zarar veriyorsa, etkili bir y\u00f6ntemi geciktirmek hastan\u0131n aleyhinedir.<\/p>\n\n\n\n<p>\u00a0Y\u0131llarca kilo verip geri alan hastalarda metabolik y\u00fck artmakta ve diyabet ilerlemektedir. Cerrahi, \u00e7aresizlik an\u0131nda de\u011fil; do\u011fru zamanda planland\u0131\u011f\u0131nda en etkili sonu\u00e7lar\u0131 verir.<\/p>\n\n\n\n<h3 class=\"wp-block-heading\">&#8220;Kutupla\u015fmaya De\u011fil, Ak\u0131lc\u0131 Yakla\u015f\u0131ma \u0130htiya\u00e7 Var&#8221;<\/h3>\n\n\n\n<p>Obezite tedavisinde tek bir do\u011frunun olmad\u0131\u011f\u0131n\u0131 ifade eden Prof. Dr. H\u00fcseyin Sinan, s\u00fcrecin ki\u015fiye \u00f6zel y\u00f6netilmesi gerekti\u011fini savundu:<\/p>\n\n\n\n<blockquote class=\"wp-block-quote is-layout-flow wp-block-quote-is-layout-flow\">\n<p>&#8220;Ya\u015fam tarz\u0131 de\u011fi\u015fikli\u011fi temeldir, ila\u00e7 tedavileri baz\u0131 hastalarda k\u0131ymetlidir, cerrahi ise uygun hastada g\u00fc\u00e7l\u00fc ve kal\u0131c\u0131 bir se\u00e7enektir. Obeziteyle m\u00fccadelede kutupla\u015fmaya de\u011fil, ak\u0131lc\u0131 ve ki\u015fiye \u00f6zel yakla\u015f\u0131ma ihtiya\u00e7 var. En \u00f6nemlisi, kimse bu s\u00fcre\u00e7te yaln\u0131z de\u011fil.&#8221;<\/p>\n<\/blockquote>\n\n\n\n<p><a href=\"https:\/\/www.sondakika.com\/saglik\/haber-obezite-irade-sorunu-degil-kronik-hastalik-19627190\">https:\/\/www.sondakika.com\/saglik\/haber-obezite-irade-sorunu-degil-kronik-hastalik-19627190<\/a><\/p>\n","protected":false},"excerpt":{"rendered":"<p>Genel Cerrahi Uzman\u0131 Prof. Dr. H\u00fcseyin Sinan, D\u00fcnya Obezite G\u00fcn\u00fc kapsam\u0131nda yapt\u0131\u011f\u0131 a\u00e7\u0131klamalarda obeziteyle m\u00fccadelenin &#8220;dayan ve dene&#8221; yakla\u015f\u0131m\u0131ndan \u00e7ok daha \u00f6te bir s\u00fcre\u00e7 oldu\u011funu vurgulad\u0131. Sinan, tedavide modern t\u0131bb\u0131n sundu\u011fu t\u00fcm imkanlar\u0131n ki\u015fiye \u00f6zel bir stratejiyle kullan\u0131lmas\u0131 gerekti\u011fini belirtti. Tedavinin Sars\u0131lmaz Temeli: Ya\u015fam Tarz\u0131 De\u011fi\u015fikli\u011fi Prof. Dr. H\u00fcseyin Sinan\u2019a g\u00f6re, hangi y\u00f6ntem tercih edilirse [&hellip;]<\/p>\n","protected":false},"author":5,"featured_media":1473,"comment_status":"open","ping_status":"open","sticky":false,"template":"","format":"standard","meta":{"_jetpack_memberships_contains_paid_content":false,"footnotes":""},"categories":[39],"tags":[],"class_list":["post-1474","post","type-post","status-publish","format-standard","has-post-thumbnail","hentry","category-saglik-haberleri"],"jetpack_featured_media_url":"https:\/\/odakhaber.site\/wp-content\/uploads\/2026\/03\/obezite-irade-sorunu-degil-kronik-bir-hastali-19627134_amp.jpg.webp","jetpack_sharing_enabled":true,"_links":{"self":[{"href":"https:\/\/odakhaber.site\/index.php?rest_route=\/wp\/v2\/posts\/1474","targetHints":{"allow":["GET"]}}],"collection":[{"href":"https:\/\/odakhaber.site\/index.php?rest_route=\/wp\/v2\/posts"}],"about":[{"href":"https:\/\/odakhaber.site\/index.php?rest_route=\/wp\/v2\/types\/post"}],"author":[{"embeddable":true,"href":"https:\/\/odakhaber.site\/index.php?rest_route=\/wp\/v2\/users\/5"}],"replies":[{"embeddable":true,"href":"https:\/\/odakhaber.site\/index.php?rest_route=%2Fwp%2Fv2%2Fcomments&post=1474"}],"version-history":[{"count":1,"href":"https:\/\/odakhaber.site\/index.php?rest_route=\/wp\/v2\/posts\/1474\/revisions"}],"predecessor-version":[{"id":1475,"href":"https:\/\/odakhaber.site\/index.php?rest_route=\/wp\/v2\/posts\/1474\/revisions\/1475"}],"wp:featuredmedia":[{"embeddable":true,"href":"https:\/\/odakhaber.site\/index.php?rest_route=\/wp\/v2\/media\/1473"}],"wp:attachment":[{"href":"https:\/\/odakhaber.site\/index.php?rest_route=%2Fwp%2Fv2%2Fmedia&parent=1474"}],"wp:term":[{"taxonomy":"category","embeddable":true,"href":"https:\/\/odakhaber.site\/index.php?rest_route=%2Fwp%2Fv2%2Fcategories&post=1474"},{"taxonomy":"post_tag","embeddable":true,"href":"https:\/\/odakhaber.site\/index.php?rest_route=%2Fwp%2Fv2%2Ftags&post=1474"}],"curies":[{"name":"wp","href":"https:\/\/api.w.org\/{rel}","templated":true}]}}