{"id":1476,"date":"2026-03-05T18:05:40","date_gmt":"2026-03-05T18:05:40","guid":{"rendered":"https:\/\/odakhaber.site\/?p=1476"},"modified":"2026-03-05T18:05:40","modified_gmt":"2026-03-05T18:05:40","slug":"kar-esaretini-hava-ambulansi-deldi-tokatta-nefes-kesen-kurtarma","status":"publish","type":"post","link":"https:\/\/odakhaber.site\/?p=1476","title":{"rendered":"Kar Esaretini Hava Ambulans\u0131 Deldi: Tokat\u2019ta Nefes Kesen Kurtarma"},"content":{"rendered":"\n<p><strong>Tokat\u2019\u0131n Almus il\u00e7esinde yo\u011fun kar ya\u011f\u0131\u015f\u0131 nedeniyle ula\u015f\u0131m\u0131n kapand\u0131\u011f\u0131 Mescit k\u00f6y\u00fcnde rahats\u0131zlanan 65 ya\u015f\u0131ndaki G.K., zamana kar\u015f\u0131 yar\u0131\u015fan hava ambulans\u0131 ekipleri taraf\u0131ndan kurtar\u0131larak hastaneye ula\u015ft\u0131r\u0131ld\u0131.<\/strong><\/p>\n\n\n\n<h3 class=\"wp-block-heading\">Yollar Kapand\u0131, G\u00f6ky\u00fcz\u00fc Devreye Girdi<\/h3>\n\n\n\n<p>Olay, 5 Mart 2026 tarihinde Almus il\u00e7esine ba\u011fl\u0131 Mescit k\u00f6y\u00fcnde meydana geldi. K\u00f6yde ikamet eden&nbsp;<strong>G.K.<\/strong>&nbsp;isimli kad\u0131n, aniden geli\u015fen&nbsp;<strong>nefes darl\u0131\u011f\u0131<\/strong>&nbsp;\u015fikayetiyle durumu 112 Acil \u00c7a\u011fr\u0131 Merkezi\u2019ne bildirdi. Ancak b\u00f6lgede etkili olan yo\u011fun kar ya\u011f\u0131\u015f\u0131 ve olumsuz hava ko\u015fullar\u0131, kara yolu ambulans\u0131n\u0131n k\u00f6ye ula\u015fmas\u0131n\u0131 imkans\u0131z hale getirdi.<\/p>\n\n\n\n<h3 class=\"wp-block-heading\">Kritik M\u00fcdahale: Helikopter Ambulans Havaland\u0131<\/h3>\n\n\n\n<p>Kara yolunun kapal\u0131 olmas\u0131 \u00fczerine&nbsp;<strong>Tokat \u0130l Sa\u011fl\u0131k M\u00fcd\u00fcrl\u00fc\u011f\u00fc \u0130l Ambulans Servisi Ba\u015fhekimli\u011fi<\/strong>&nbsp;ekipleri h\u0131zla harekete ge\u00e7erek b\u00f6lgeye helikopter ambulans sevk etti. Zorlu hava \u015fartlar\u0131na ra\u011fmen k\u0131sa s\u00fcrede k\u00f6ye ula\u015fan sa\u011fl\u0131k ekipleri, G.K.&#8217;ye ilk m\u00fcdahaleyi yerinde yapt\u0131.<\/p>\n\n\n\n<h3 class=\"wp-block-heading\">Hastaneye G\u00fcvenli Sevkiyat<\/h3>\n\n\n\n<p>Helikoptere al\u0131narak k\u00f6yden tahliye edilen hasta, vakit kaybedilmeden&nbsp;<strong>Tokat Devlet Hastanesi\u2019ne<\/strong>&nbsp;nakledildi. Hastanede tedavi alt\u0131na al\u0131nan G.K.\u2019nin sa\u011fl\u0131k durumu yak\u0131ndan takip ediliyor.<\/p>\n\n\n\n<p><a href=\"https:\/\/www.sondakika.com\/saglik\/haber-yogun-kar-hava-ambulansiyla-kurtardi-19627395\">https:\/\/www.sondakika.com\/saglik\/haber-yogun-kar-hava-ambulansiyla-kurtardi-19627395<\/a><\/p>\n","protected":false},"excerpt":{"rendered":"<p>Tokat\u2019\u0131n Almus il\u00e7esinde yo\u011fun kar ya\u011f\u0131\u015f\u0131 nedeniyle ula\u015f\u0131m\u0131n kapand\u0131\u011f\u0131 Mescit k\u00f6y\u00fcnde rahats\u0131zlanan 65 ya\u015f\u0131ndaki G.K., zamana kar\u015f\u0131 yar\u0131\u015fan hava ambulans\u0131 ekipleri taraf\u0131ndan kurtar\u0131larak hastaneye ula\u015ft\u0131r\u0131ld\u0131. Yollar Kapand\u0131, G\u00f6ky\u00fcz\u00fc Devreye Girdi Olay, 5 Mart 2026 tarihinde Almus il\u00e7esine ba\u011fl\u0131 Mescit k\u00f6y\u00fcnde meydana geldi. K\u00f6yde ikamet eden&nbsp;G.K.&nbsp;isimli kad\u0131n, aniden geli\u015fen&nbsp;nefes darl\u0131\u011f\u0131&nbsp;\u015fikayetiyle durumu 112 Acil \u00c7a\u011fr\u0131 Merkezi\u2019ne bildirdi. [&hellip;]<\/p>\n","protected":false},"author":5,"featured_media":1477,"comment_status":"open","ping_status":"open","sticky":false,"template":"","format":"standard","meta":{"_jetpack_memberships_contains_paid_content":false,"footnotes":""},"categories":[39],"tags":[],"class_list":["post-1476","post","type-post","status-publish","format-standard","has-post-thumbnail","hentry","category-saglik-haberleri"],"jetpack_featured_media_url":"https:\/\/odakhaber.site\/wp-content\/uploads\/2026\/03\/yolu-kardan-kapanan-koydeki-hasta-ambulans-2-19627355_amp.jpg.webp","jetpack_sharing_enabled":true,"_links":{"self":[{"href":"https:\/\/odakhaber.site\/index.php?rest_route=\/wp\/v2\/posts\/1476","targetHints":{"allow":["GET"]}}],"collection":[{"href":"https:\/\/odakhaber.site\/index.php?rest_route=\/wp\/v2\/posts"}],"about":[{"href":"https:\/\/odakhaber.site\/index.php?rest_route=\/wp\/v2\/types\/post"}],"author":[{"embeddable":true,"href":"https:\/\/odakhaber.site\/index.php?rest_route=\/wp\/v2\/users\/5"}],"replies":[{"embeddable":true,"href":"https:\/\/odakhaber.site\/index.php?rest_route=%2Fwp%2Fv2%2Fcomments&post=1476"}],"version-history":[{"count":1,"href":"https:\/\/odakhaber.site\/index.php?rest_route=\/wp\/v2\/posts\/1476\/revisions"}],"predecessor-version":[{"id":1478,"href":"https:\/\/odakhaber.site\/index.php?rest_route=\/wp\/v2\/posts\/1476\/revisions\/1478"}],"wp:featuredmedia":[{"embeddable":true,"href":"https:\/\/odakhaber.site\/index.php?rest_route=\/wp\/v2\/media\/1477"}],"wp:attachment":[{"href":"https:\/\/odakhaber.site\/index.php?rest_route=%2Fwp%2Fv2%2Fmedia&parent=1476"}],"wp:term":[{"taxonomy":"category","embeddable":true,"href":"https:\/\/odakhaber.site\/index.php?rest_route=%2Fwp%2Fv2%2Fcategories&post=1476"},{"taxonomy":"post_tag","embeddable":true,"href":"https:\/\/odakhaber.site\/index.php?rest_route=%2Fwp%2Fv2%2Ftags&post=1476"}],"curies":[{"name":"wp","href":"https:\/\/api.w.org\/{rel}","templated":true}]}}