{"id":1519,"date":"2026-03-06T15:51:50","date_gmt":"2026-03-06T15:51:50","guid":{"rendered":"https:\/\/odakhaber.site\/?p=1519"},"modified":"2026-03-06T15:51:50","modified_gmt":"2026-03-06T15:51:50","slug":"turkiyede-kronik-kuraklik-alarmi-yagislar-yeterli-mi","status":"publish","type":"post","link":"https:\/\/odakhaber.site\/?p=1519","title":{"rendered":"T\u00fcrkiye\u2019de Kronik Kurakl\u0131k Alarm\u0131: Ya\u011f\u0131\u015flar Yeterli mi?"},"content":{"rendered":"\n<p>Bo\u011fazi\u00e7i \u00dcniversitesi \u0130klim De\u011fi\u015fikli\u011fi ve Politikalar\u0131 Uygulama ve Ara\u015ft\u0131rma Merkezi Y\u00f6netim Kurulu \u00dcyesi&nbsp;<strong>Prof. Dr. Murat T\u00fcrke\u015f<\/strong>, 2026 k\u0131\u015f d\u00f6nemindeki ya\u011f\u0131\u015flar\u0131n yaratt\u0131\u011f\u0131 iyimserli\u011fe kar\u015f\u0131 \u00f6nemli uyar\u0131larda bulundu. Ya\u011f\u0131\u015flar\u0131n y\u00fczeysel bir rahatlama sa\u011flasa da derinlerdeki krizin s\u00fcrd\u00fc\u011f\u00fcn\u00fc vurgulad\u0131.<\/p>\n\n\n\n<h2 class=\"wp-block-heading\">&#8220;3 Ay Ya\u011f\u0131\u015fla 3 Y\u0131l\u0131n Kurakl\u0131\u011f\u0131 Bitmez&#8221;<\/h2>\n\n\n\n<p>T\u00fcrkiye&#8217;nin b\u00fcy\u00fck b\u00f6l\u00fcm\u00fcnde Aral\u0131k, Ocak ve \u015eubat aylar\u0131nda etkili olan sa\u011fanak ya\u011f\u0131\u015flar meteorolojik ve tar\u0131msal kurakl\u0131\u011f\u0131 k\u0131smen giderse de, Prof. Dr. T\u00fcrke\u015f tablonun tamam\u0131n\u0131n iyile\u015fmedi\u011fini belirtti:<\/p>\n\n\n\n<blockquote class=\"wp-block-quote is-layout-flow wp-block-quote-is-layout-flow\">\n<p>&#8220;Kurakl\u0131\u011f\u0131n tamamen ortadan kalkt\u0131\u011f\u0131n\u0131 s\u00f6ylemek m\u00fcmk\u00fcn de\u011fil. 3 ay ya\u011f\u0131\u015f oldu diye son 3 y\u0131l\u0131n kurakl\u0131\u011f\u0131 ortadan kalkmaz. T\u00fcrkiye&#8217;de kronik kurakl\u0131k s\u00fcr\u00fcyor.&#8221;<\/p>\n<\/blockquote>\n\n\n\n<h3 class=\"wp-block-heading\">Hangi Kurakl\u0131k T\u00fcrleri Devam Ediyor?<\/h3>\n\n\n\n<p>Ya\u011f\u0131\u015flar baraj seviyelerini art\u0131rsa da a\u015fa\u011f\u0131daki alanlarda su a\u00e7\u0131\u011f\u0131 kapanm\u0131\u015f de\u011fil:<\/p>\n\n\n\n<ul class=\"wp-block-list\">\n<li><strong>Hidrolojik Kurakl\u0131k:<\/strong>\u00a0Su rezervlerinin (nehirler, g\u00f6ller) uzun vadeli yetersizli\u011fi.<\/li>\n\n\n\n<li><strong>Hidrojeolojik Kurakl\u0131k:<\/strong>\u00a0Yer alt\u0131 su seviyelerindeki kritik d\u00fc\u015f\u00fc\u015f.<\/li>\n\n\n\n<li><strong>Ekolojik Kurakl\u0131k:<\/strong>\u00a0Ekosistemin su ihtiyac\u0131n\u0131n kar\u015f\u0131lanamamas\u0131.<\/li>\n<\/ul>\n\n\n\n<h2 class=\"wp-block-heading\">Mart Ortas\u0131ndan \u0130tibaren Yeni Bir D\u00f6nem Bekleniyor<\/h2>\n\n\n\n<p>Prof. Dr. T\u00fcrke\u015f, bas\u0131n\u00e7 sistemlerindeki olumlu geli\u015fmenin Mart ay\u0131 ortas\u0131ndan itibaren de\u011fi\u015fece\u011fini \u00f6ng\u00f6r\u00fcyor. \u00d6n\u00fcm\u00fczdeki d\u00f6neme dair tahminler \u015f\u00f6yle:<\/p>\n\n\n\n<p><strong>S\u0131cakl\u0131k Art\u0131\u015f\u0131:<\/strong>\u00a0Mart ortas\u0131yla birlikte T\u00fcrkiye genelinde normallerin \u00fczerinde s\u0131cakl\u0131klar ve kurak ko\u015fullar bekleniyor.<\/p>\n\n\n\n<p><strong>Ya\u011f\u0131\u015f Azl\u0131\u011f\u0131:<\/strong>\u00a0Mart ortas\u0131ndan Nisan sonuna kadar ya\u011f\u0131\u015flar\u0131n normallerin civar\u0131nda veya alt\u0131nda kalmas\u0131 \u00f6ng\u00f6r\u00fcl\u00fcyor.<\/p>\n\n\n\n<p><strong>Buharla\u015fma Riski:<\/strong>\u00a0Artan s\u0131cakl\u0131klarla birlikte buharla\u015fma ve terleme artacak, bu da su kaynaklar\u0131n\u0131n h\u0131zla azalmas\u0131na yol a\u00e7abilecek.<\/p>\n\n\n\n<ol start=\"1\" class=\"wp-block-list\"><\/ol>\n\n\n\n<hr class=\"wp-block-separator has-alpha-channel-opacity\"\/>\n\n\n\n<h2 class=\"wp-block-heading\">Gelecek Senaryolar\u0131: 2040 ve Sonras\u0131<\/h2>\n\n\n\n<p>\u0130klim modellerine dayanan gelecek \u00f6ng\u00f6r\u00fcleri, T\u00fcrkiye&#8217;nin Karadeniz ve Kuzeydo\u011fu Anadolu d\u0131\u015f\u0131ndaki b\u00f6lgeleri i\u00e7in pek iyimser de\u011fil. Prof. Dr. T\u00fcrke\u015f, y\u00fczy\u0131l\u0131n sonuna kadar bask\u0131n e\u011filimin \u015funlar olaca\u011f\u0131n\u0131 belirtti:<\/p>\n\n\n\n<ul class=\"wp-block-list\">\n<li>\u00c7ok y\u00fcksek s\u0131cakl\u0131klar.<\/li>\n\n\n\n<li>S\u00fcresi ve \u015fiddeti artan s\u0131cak hava dalgalar\u0131.<\/li>\n\n\n\n<li>S\u00fcrekli hale gelen kurakl\u0131k.<\/li>\n<\/ul>\n\n\n\n<hr class=\"wp-block-separator has-alpha-channel-opacity\"\/>\n\n\n\n<h2 class=\"wp-block-heading\">&#8220;Rehavete D\u00fc\u015fmemek Gerekiyor&#8221;<\/h2>\n\n\n\n<p>Barajlardaki dolulu\u011fun yan\u0131lt\u0131c\u0131 olmamas\u0131 gerekti\u011fini hat\u0131rlatan T\u00fcrke\u015f, su y\u00f6netimi konusunda \u015fu hayati uyar\u0131y\u0131 yap\u0131yor:<\/p>\n\n\n\n<blockquote class=\"wp-block-quote is-layout-flow wp-block-quote-is-layout-flow\">\n<p>&#8220;Halen barajlar\u0131m\u0131zda yeterli su yokmu\u015f gibi suyu etkili, yeterli, verimli, tasarruflu kullanmaya devam etmek zorununday\u0131z. \u00dclkenin fiziki co\u011frafyas\u0131, toprak \u00f6zellikleri ve iklim ko\u015fullar\u0131 dikkate al\u0131narak bir y\u00f6netim plan\u0131 uygulanmal\u0131.&#8221;<\/p>\n<\/blockquote>\n\n\n\n<p><strong>Suyu her zamankinden daha tasarruflu kullanmam\u0131z gereken bir d\u00f6neme giriyoruz.<\/strong><\/p>\n\n\n\n<hr class=\"wp-block-separator has-alpha-channel-opacity\"\/>\n\n\n\n<p><a href=\"https:\/\/www.sondakika.com\/saglik\/haber-kuraklik-sorunu-devam-ediyor-19629761\">https:\/\/www.sondakika.com\/saglik\/haber-kuraklik-sorunu-devam-ediyor-19629761<\/a><\/p>\n\n\n\n<p><\/p>\n","protected":false},"excerpt":{"rendered":"<p>Bo\u011fazi\u00e7i \u00dcniversitesi \u0130klim De\u011fi\u015fikli\u011fi ve Politikalar\u0131 Uygulama ve Ara\u015ft\u0131rma Merkezi Y\u00f6netim Kurulu \u00dcyesi&nbsp;Prof. Dr. Murat T\u00fcrke\u015f, 2026 k\u0131\u015f d\u00f6nemindeki ya\u011f\u0131\u015flar\u0131n yaratt\u0131\u011f\u0131 iyimserli\u011fe kar\u015f\u0131 \u00f6nemli uyar\u0131larda bulundu. Ya\u011f\u0131\u015flar\u0131n y\u00fczeysel bir rahatlama sa\u011flasa da derinlerdeki krizin s\u00fcrd\u00fc\u011f\u00fcn\u00fc vurgulad\u0131. &#8220;3 Ay Ya\u011f\u0131\u015fla 3 Y\u0131l\u0131n Kurakl\u0131\u011f\u0131 Bitmez&#8221; T\u00fcrkiye&#8217;nin b\u00fcy\u00fck b\u00f6l\u00fcm\u00fcnde Aral\u0131k, Ocak ve \u015eubat aylar\u0131nda etkili olan sa\u011fanak ya\u011f\u0131\u015flar [&hellip;]<\/p>\n","protected":false},"author":5,"featured_media":1520,"comment_status":"open","ping_status":"open","sticky":false,"template":"","format":"standard","meta":{"_jetpack_memberships_contains_paid_content":false,"footnotes":""},"categories":[39],"tags":[],"class_list":["post-1519","post","type-post","status-publish","format-standard","has-post-thumbnail","hentry","category-saglik-haberleri"],"jetpack_featured_media_url":"https:\/\/odakhaber.site\/wp-content\/uploads\/2026\/03\/turkiye-de-kronik-kuraklik-suruyor-8-19629725_amp.jpg.webp","jetpack_sharing_enabled":true,"_links":{"self":[{"href":"https:\/\/odakhaber.site\/index.php?rest_route=\/wp\/v2\/posts\/1519","targetHints":{"allow":["GET"]}}],"collection":[{"href":"https:\/\/odakhaber.site\/index.php?rest_route=\/wp\/v2\/posts"}],"about":[{"href":"https:\/\/odakhaber.site\/index.php?rest_route=\/wp\/v2\/types\/post"}],"author":[{"embeddable":true,"href":"https:\/\/odakhaber.site\/index.php?rest_route=\/wp\/v2\/users\/5"}],"replies":[{"embeddable":true,"href":"https:\/\/odakhaber.site\/index.php?rest_route=%2Fwp%2Fv2%2Fcomments&post=1519"}],"version-history":[{"count":1,"href":"https:\/\/odakhaber.site\/index.php?rest_route=\/wp\/v2\/posts\/1519\/revisions"}],"predecessor-version":[{"id":1521,"href":"https:\/\/odakhaber.site\/index.php?rest_route=\/wp\/v2\/posts\/1519\/revisions\/1521"}],"wp:featuredmedia":[{"embeddable":true,"href":"https:\/\/odakhaber.site\/index.php?rest_route=\/wp\/v2\/media\/1520"}],"wp:attachment":[{"href":"https:\/\/odakhaber.site\/index.php?rest_route=%2Fwp%2Fv2%2Fmedia&parent=1519"}],"wp:term":[{"taxonomy":"category","embeddable":true,"href":"https:\/\/odakhaber.site\/index.php?rest_route=%2Fwp%2Fv2%2Fcategories&post=1519"},{"taxonomy":"post_tag","embeddable":true,"href":"https:\/\/odakhaber.site\/index.php?rest_route=%2Fwp%2Fv2%2Ftags&post=1519"}],"curies":[{"name":"wp","href":"https:\/\/api.w.org\/{rel}","templated":true}]}}