{"id":1522,"date":"2026-03-06T15:58:24","date_gmt":"2026-03-06T15:58:24","guid":{"rendered":"https:\/\/odakhaber.site\/?p=1522"},"modified":"2026-03-06T15:58:24","modified_gmt":"2026-03-06T15:58:24","slug":"edirnede-bagirsak-kanseri-taramasi-seferberligi-erken-teshis-hayat-kurtarir","status":"publish","type":"post","link":"https:\/\/odakhaber.site\/?p=1522","title":{"rendered":"Edirne&#8217;de Ba\u011f\u0131rsak Kanseri Taramas\u0131 Seferberli\u011fi: Erken Te\u015fhis Hayat Kurtar\u0131r"},"content":{"rendered":"\n<p>Edirne&#8217;de kanserle m\u00fccadele kapsam\u0131nda fark\u0131ndal\u0131k yaratmak amac\u0131yla kapsaml\u0131 bir bilgilendirme toplant\u0131s\u0131 d\u00fczenlendi. \u0130l Sa\u011fl\u0131k M\u00fcd\u00fcrl\u00fc\u011f\u00fc taraf\u0131ndan organize edilen etkinlikte,&nbsp;<strong>ba\u011f\u0131rsak kanserinde erken te\u015fhisin<\/strong>&nbsp;hayati \u00f6nemi bir kez daha g\u00f6zler \u00f6n\u00fcne serildi.<\/p>\n\n\n\n<h3 class=\"wp-block-heading\">Kurumlar Aras\u0131 \u0130\u015f Birli\u011fi<\/h3>\n\n\n\n<p>Edirne Tar\u0131m ve Orman M\u00fcd\u00fcrl\u00fc\u011f\u00fc konferans salonunda ger\u00e7ekle\u015ftirilen toplant\u0131da, \u0130l Sa\u011fl\u0131k M\u00fcd\u00fcrl\u00fc\u011f\u00fc uzmanlar\u0131, Tar\u0131m ve Orman M\u00fcd\u00fcrl\u00fc\u011f\u00fc personelini hastal\u0131k ve korunma yollar\u0131 hakk\u0131nda bilgilendirdi.<\/p>\n\n\n\n<h3 class=\"wp-block-heading\">Toplant\u0131n\u0131n \u00d6ne \u00c7\u0131kan Ba\u015fl\u0131klar\u0131<\/h3>\n\n\n\n<p>Uzman sa\u011fl\u0131k personeli taraf\u0131ndan yap\u0131lan sunumlarda \u015fu kritik konulara de\u011finildi:<\/p>\n\n\n\n<ul class=\"wp-block-list\">\n<li><em><strong>Erken Evre Tespiti:<\/strong>\u00a0<\/em>D\u00fczenli taramalar\u0131n, hastal\u0131\u011f\u0131 hen\u00fcz ba\u015flang\u0131\u00e7 a\u015famas\u0131ndayken yakalamadaki kritik rol\u00fc.<\/li>\n\n\n\n<li><em><strong>Tarama Programlar\u0131:<\/strong>\u00a0<\/em>Devlet taraf\u0131ndan sunulan \u00fccretsiz tarama olanaklar\u0131 ve bu programlara kat\u0131l\u0131m\u0131n \u00f6nemi.<\/li>\n\n\n\n<li><strong><em>Koruyucu Sa\u011fl\u0131k Hizmetleri:<\/em><\/strong>\u00a0Kansere yakalanmadan \u00f6nce al\u0131nabilecek \u00f6nlemler ve ya\u015fam tarz\u0131 de\u011fi\u015fiklikleri.<\/li>\n<\/ul>\n\n\n\n<hr class=\"wp-block-separator has-alpha-channel-opacity\"\/>\n\n\n\n<h3 class=\"wp-block-heading\">Pratik Uygulama: Gaitada Gizli Kan Testi<\/h3>\n\n\n\n<p>Toplant\u0131n\u0131n en dikkat \u00e7ekici b\u00f6l\u00fcmlerinden biri, tan\u0131 y\u00f6ntemlerinin uygulamal\u0131 olarak anlat\u0131lmas\u0131 oldu. Kat\u0131l\u0131mc\u0131lara \u015fu imkanlar sa\u011fland\u0131:<\/p>\n\n\n\n<p>\u00a0<strong><em>Ba\u011f\u0131rsak kanserinin en \u00f6nemli \u00f6nc\u00fc belirtilerinden biri olan &#8220;gaitada gizli kan&#8221; testi hakk\u0131nda detayl\u0131 sunum yap\u0131ld\u0131.<\/em><\/strong><\/p>\n\n\n\n<p><strong>\u00a0<em>Toplant\u0131ya kat\u0131lan personele test kitleri da\u011f\u0131t\u0131ld\u0131.<\/em><\/strong><\/p>\n\n\n\n<p>\u00a0<strong><em>Uzmanlar, da\u011f\u0131t\u0131lan test kitlerinin evde nas\u0131l do\u011fru bir \u015fekilde kullan\u0131laca\u011f\u0131n\u0131 ad\u0131m ad\u0131m tarif etti.<\/em><\/strong><\/p>\n\n\n\n<h3 class=\"wp-block-heading\">&#8220;Erken Te\u015fhis&#8221; Vurgusu<\/h3>\n\n\n\n<p>Toplant\u0131 sonunda, vatanda\u015flar\u0131n tarama programlar\u0131na kat\u0131l\u0131m\u0131n\u0131n hastal\u0131\u011f\u0131n seyrini de\u011fi\u015ftirebilece\u011fi ve toplumsal fark\u0131ndal\u0131\u011f\u0131n art\u0131r\u0131lmas\u0131 gerekti\u011fi mesaj\u0131 verildi.<\/p>\n\n\n\n<p><a href=\"https:\/\/www.sondakika.com\/saglik\/haber-edirne-de-kanser-taramasi-toplantisi-19630350\">https:\/\/www.sondakika.com\/saglik\/haber-edirne-de-kanser-taramasi-toplantisi-19630350<\/a><\/p>\n\n\n\n<p><\/p>\n","protected":false},"excerpt":{"rendered":"<p>Edirne&#8217;de kanserle m\u00fccadele kapsam\u0131nda fark\u0131ndal\u0131k yaratmak amac\u0131yla kapsaml\u0131 bir bilgilendirme toplant\u0131s\u0131 d\u00fczenlendi. \u0130l Sa\u011fl\u0131k M\u00fcd\u00fcrl\u00fc\u011f\u00fc taraf\u0131ndan organize edilen etkinlikte,&nbsp;ba\u011f\u0131rsak kanserinde erken te\u015fhisin&nbsp;hayati \u00f6nemi bir kez daha g\u00f6zler \u00f6n\u00fcne serildi. Kurumlar Aras\u0131 \u0130\u015f Birli\u011fi Edirne Tar\u0131m ve Orman M\u00fcd\u00fcrl\u00fc\u011f\u00fc konferans salonunda ger\u00e7ekle\u015ftirilen toplant\u0131da, \u0130l Sa\u011fl\u0131k M\u00fcd\u00fcrl\u00fc\u011f\u00fc uzmanlar\u0131, Tar\u0131m ve Orman M\u00fcd\u00fcrl\u00fc\u011f\u00fc personelini hastal\u0131k ve korunma yollar\u0131 [&hellip;]<\/p>\n","protected":false},"author":5,"featured_media":1523,"comment_status":"open","ping_status":"open","sticky":false,"template":"","format":"standard","meta":{"_jetpack_memberships_contains_paid_content":false,"footnotes":""},"categories":[39],"tags":[],"class_list":["post-1522","post","type-post","status-publish","format-standard","has-post-thumbnail","hentry","category-saglik-haberleri"],"jetpack_featured_media_url":"https:\/\/odakhaber.site\/wp-content\/uploads\/2026\/03\/edirne-de-kanser-tarama-testlerinin-onemi-3-19630299_amp.jpg.webp","jetpack_sharing_enabled":true,"_links":{"self":[{"href":"https:\/\/odakhaber.site\/index.php?rest_route=\/wp\/v2\/posts\/1522","targetHints":{"allow":["GET"]}}],"collection":[{"href":"https:\/\/odakhaber.site\/index.php?rest_route=\/wp\/v2\/posts"}],"about":[{"href":"https:\/\/odakhaber.site\/index.php?rest_route=\/wp\/v2\/types\/post"}],"author":[{"embeddable":true,"href":"https:\/\/odakhaber.site\/index.php?rest_route=\/wp\/v2\/users\/5"}],"replies":[{"embeddable":true,"href":"https:\/\/odakhaber.site\/index.php?rest_route=%2Fwp%2Fv2%2Fcomments&post=1522"}],"version-history":[{"count":1,"href":"https:\/\/odakhaber.site\/index.php?rest_route=\/wp\/v2\/posts\/1522\/revisions"}],"predecessor-version":[{"id":1524,"href":"https:\/\/odakhaber.site\/index.php?rest_route=\/wp\/v2\/posts\/1522\/revisions\/1524"}],"wp:featuredmedia":[{"embeddable":true,"href":"https:\/\/odakhaber.site\/index.php?rest_route=\/wp\/v2\/media\/1523"}],"wp:attachment":[{"href":"https:\/\/odakhaber.site\/index.php?rest_route=%2Fwp%2Fv2%2Fmedia&parent=1522"}],"wp:term":[{"taxonomy":"category","embeddable":true,"href":"https:\/\/odakhaber.site\/index.php?rest_route=%2Fwp%2Fv2%2Fcategories&post=1522"},{"taxonomy":"post_tag","embeddable":true,"href":"https:\/\/odakhaber.site\/index.php?rest_route=%2Fwp%2Fv2%2Ftags&post=1522"}],"curies":[{"name":"wp","href":"https:\/\/api.w.org\/{rel}","templated":true}]}}