{"id":1599,"date":"2026-03-07T14:56:16","date_gmt":"2026-03-07T14:56:16","guid":{"rendered":"https:\/\/odakhaber.site\/?p=1599"},"modified":"2026-03-07T14:56:16","modified_gmt":"2026-03-07T14:56:16","slug":"yesilay-sanliurfadan-dev-atak-3-yilda-158-bin-kisiye-egitim","status":"publish","type":"post","link":"https:\/\/odakhaber.site\/?p=1599","title":{"rendered":"Ye\u015filay \u015eanl\u0131urfa&#8217;dan Dev Atak: 3 Y\u0131lda 158 Bin Ki\u015fiye E\u011fitim"},"content":{"rendered":"\n<p>Ye\u015filay \u015eanl\u0131urfa \u015eubesi, ba\u011f\u0131ml\u0131l\u0131kla m\u00fccadele sahas\u0131nda vites b\u00fcy\u00fcterek son 3 y\u0131l i\u00e7erisinde toplam\u00a0<strong>158 bin 500<\/strong> ki\u015fiye ula\u015ft\u0131. Yakla\u015f\u0131k 1300 g\u00f6n\u00fcll\u00fcs\u00fcyle \u00e7ocuklardan yeti\u015fkinlere kadar geni\u015f bir kitleyi hedefleyen \u015fube; teknoloji, alkol, kumar, madde ve t\u00fct\u00fcn ba\u011f\u0131ml\u0131l\u0131\u011f\u0131na kar\u015f\u0131 fark\u0131ndal\u0131k \u00e7al\u0131\u015fmalar\u0131n\u0131 aral\u0131ks\u0131z s\u00fcrd\u00fcr\u00fcyor.<\/p>\n\n\n\n<hr class=\"wp-block-separator has-alpha-channel-opacity\"\/>\n\n\n\n<h3 class=\"wp-block-heading\">E\u011fitim Verileri ve Hedef Kitle<\/h3>\n\n\n\n<p>T\u00fcrkiye Ba\u011f\u0131ml\u0131l\u0131kla M\u00fccadele E\u011fitim Program\u0131 (TBM) kapsam\u0131nda, Milli E\u011fitim Bakanl\u0131\u011f\u0131 ile yap\u0131lan protokol \u00e7er\u00e7evesinde ger\u00e7ekle\u015ftirilen e\u011fitimlerin d\u00f6k\u00fcm\u00fc \u015fu \u015fekildedir:<\/p>\n\n\n\n<figure class=\"wp-block-table\"><table class=\"has-fixed-layout\"><thead><tr><td>Hedef Kitle<\/td><td>Ki\u015fi Say\u0131s\u0131<\/td><\/tr><\/thead><tbody><tr><td><strong>\u0130lkokul, Ortaokul ve Lise \u00d6\u011frencileri<\/strong><\/td><td>123.000<\/td><\/tr><tr><td><strong>\u00dcniversite \u00d6\u011frencileri<\/strong><\/td><td>5.500<\/td><\/tr><tr><td><strong>Vatanda\u015flar<\/strong><\/td><td>30.000<\/td><\/tr><tr><td><strong>Toplam<\/strong><\/td><td><strong>158.500<\/strong><\/td><\/tr><\/tbody><\/table><\/figure>\n\n\n\n<hr class=\"wp-block-separator has-alpha-channel-opacity\"\/>\n\n\n\n<h3 class=\"wp-block-heading\">&#8220;Ba\u011f\u0131ms\u0131zl\u0131k Y\u0131l\u0131&#8221; \u0130lan Edildi<\/h3>\n\n\n\n<p>Ye\u015filay \u015eanl\u0131urfa \u015eube Ba\u015fkan\u0131&nbsp;<strong>Aziz \u00c7ift\u00e7i<\/strong>, bu y\u0131l\u0131 &#8220;Ba\u011f\u0131ms\u0131zl\u0131k Y\u0131l\u0131&#8221; olarak ilan ettiklerini belirterek, sahadaki etkinlik say\u0131s\u0131n\u0131 art\u0131racaklar\u0131n\u0131 vurgulad\u0131. \u00c7ift\u00e7i, hedeflerini ve toplumsal dayan\u0131\u015fman\u0131n \u00f6nemini \u015fu s\u00f6zlerle ifade etti:<\/p>\n\n\n\n<blockquote class=\"wp-block-quote is-layout-flow wp-block-quote-is-layout-flow\">\n<p>&#8220;\u0130n\u015fallah \u00f6n\u00fcm\u00fczdeki y\u0131llarda daha fazla insana yeti\u015fece\u011fiz. Ba\u011f\u0131ms\u0131zl\u0131k Y\u0131l\u0131 \u00e7er\u00e7evesinde sahada olaca\u011f\u0131z. Esnaf\u0131m\u0131za, \u00f6\u011frencilerimize, \u00f6\u011fretmenlerimize, cami cemaatine, cezaevindeki vatanda\u015flar\u0131m\u0131za yani t\u00fcm insanlar\u0131m\u0131za in\u015fallah ba\u011f\u0131ml\u0131l\u0131\u011f\u0131 anlatmaya \u00e7al\u0131\u015faca\u011f\u0131z. Son 3 y\u0131lda yakla\u015f\u0131k 400 okulda e\u011fitim verdik, bundan sonraki s\u00fcre\u00e7te bu say\u0131y\u0131 ikiye katlamay\u0131 d\u00fc\u015f\u00fcn\u00fcyoruz. Hedefimiz, 800 okulda e\u011fitimler vermek.&#8221;<\/p>\n<\/blockquote>\n\n\n\n<h3 class=\"wp-block-heading\">Toplumsal M\u00fccadele \u00c7a\u011fr\u0131s\u0131<\/h3>\n\n\n\n<p>\u00c7al\u0131\u015fmalar\u0131n sadece Ye\u015filay b\u00fcnyesinde kalmamas\u0131 gerekti\u011fini hat\u0131rlatan \u00c7ift\u00e7i, s\u00f6zlerini t\u00fcm \u015eanl\u0131urfa halk\u0131na seslenerek tamamlad\u0131:&nbsp;<em>&#8220;Sadece \u015fubat ay\u0131nda 57 etkinlik yapm\u0131\u015f\u0131z. Bu yeterli mi? Yetmez. Daha \u00e7ok \u00e7al\u0131\u015faca\u011f\u0131z. Ama bunlar tek Ye\u015filay ile olmuyor. Toplumsal birliktelikle, toplumsal uyumla, toplumsal m\u00fccadeleyle anlam buluyor. T\u00fcm Urfa halk\u0131n\u0131 Ye\u015filay g\u00f6n\u00fcll\u00fcl\u00fck hareketine dahil olmaya davet ediyorum.&#8221;<\/em><\/p>\n\n\n\n<p><a href=\"https:\/\/www.sondakika.com\/saglik\/haber-yesilay-158-bin-kisiye-egitim-verdi-19633590\">https:\/\/www.sondakika.com\/saglik\/haber-yesilay-158-bin-kisiye-egitim-verdi-19633590<\/a><\/p>\n","protected":false},"excerpt":{"rendered":"<p>Ye\u015filay \u015eanl\u0131urfa \u015eubesi, ba\u011f\u0131ml\u0131l\u0131kla m\u00fccadele sahas\u0131nda vites b\u00fcy\u00fcterek son 3 y\u0131l i\u00e7erisinde toplam\u00a0158 bin 500 ki\u015fiye ula\u015ft\u0131. Yakla\u015f\u0131k 1300 g\u00f6n\u00fcll\u00fcs\u00fcyle \u00e7ocuklardan yeti\u015fkinlere kadar geni\u015f bir kitleyi hedefleyen \u015fube; teknoloji, alkol, kumar, madde ve t\u00fct\u00fcn ba\u011f\u0131ml\u0131l\u0131\u011f\u0131na kar\u015f\u0131 fark\u0131ndal\u0131k \u00e7al\u0131\u015fmalar\u0131n\u0131 aral\u0131ks\u0131z s\u00fcrd\u00fcr\u00fcyor. E\u011fitim Verileri ve Hedef Kitle T\u00fcrkiye Ba\u011f\u0131ml\u0131l\u0131kla M\u00fccadele E\u011fitim Program\u0131 (TBM) kapsam\u0131nda, Milli E\u011fitim Bakanl\u0131\u011f\u0131 [&hellip;]<\/p>\n","protected":false},"author":5,"featured_media":1600,"comment_status":"open","ping_status":"open","sticky":false,"template":"","format":"standard","meta":{"_jetpack_memberships_contains_paid_content":false,"footnotes":""},"categories":[39],"tags":[],"class_list":["post-1599","post","type-post","status-publish","format-standard","has-post-thumbnail","hentry","category-saglik-haberleri"],"jetpack_featured_media_url":"https:\/\/odakhaber.site\/wp-content\/uploads\/2026\/03\/yesilay-sanliurfa-da-3-yilda-158-bin-500-kisi-3-19633547_amp.jpg.webp","jetpack_sharing_enabled":true,"_links":{"self":[{"href":"https:\/\/odakhaber.site\/index.php?rest_route=\/wp\/v2\/posts\/1599","targetHints":{"allow":["GET"]}}],"collection":[{"href":"https:\/\/odakhaber.site\/index.php?rest_route=\/wp\/v2\/posts"}],"about":[{"href":"https:\/\/odakhaber.site\/index.php?rest_route=\/wp\/v2\/types\/post"}],"author":[{"embeddable":true,"href":"https:\/\/odakhaber.site\/index.php?rest_route=\/wp\/v2\/users\/5"}],"replies":[{"embeddable":true,"href":"https:\/\/odakhaber.site\/index.php?rest_route=%2Fwp%2Fv2%2Fcomments&post=1599"}],"version-history":[{"count":1,"href":"https:\/\/odakhaber.site\/index.php?rest_route=\/wp\/v2\/posts\/1599\/revisions"}],"predecessor-version":[{"id":1601,"href":"https:\/\/odakhaber.site\/index.php?rest_route=\/wp\/v2\/posts\/1599\/revisions\/1601"}],"wp:featuredmedia":[{"embeddable":true,"href":"https:\/\/odakhaber.site\/index.php?rest_route=\/wp\/v2\/media\/1600"}],"wp:attachment":[{"href":"https:\/\/odakhaber.site\/index.php?rest_route=%2Fwp%2Fv2%2Fmedia&parent=1599"}],"wp:term":[{"taxonomy":"category","embeddable":true,"href":"https:\/\/odakhaber.site\/index.php?rest_route=%2Fwp%2Fv2%2Fcategories&post=1599"},{"taxonomy":"post_tag","embeddable":true,"href":"https:\/\/odakhaber.site\/index.php?rest_route=%2Fwp%2Fv2%2Ftags&post=1599"}],"curies":[{"name":"wp","href":"https:\/\/api.w.org\/{rel}","templated":true}]}}