{"id":1602,"date":"2026-03-07T15:01:46","date_gmt":"2026-03-07T15:01:46","guid":{"rendered":"https:\/\/odakhaber.site\/?p=1602"},"modified":"2026-03-07T15:01:46","modified_gmt":"2026-03-07T15:01:46","slug":"acil-serviste-unutulmaz-ders-bana-sukretmeyi-ogretti","status":"publish","type":"post","link":"https:\/\/odakhaber.site\/?p=1602","title":{"rendered":"Acil Serviste Unutulmaz Ders: &#8220;Bana \u015e\u00fckretmeyi \u00d6\u011fretti&#8221;"},"content":{"rendered":"\n<p>Bir acil servis doktoru, sosyal medya hesab\u0131ndan payla\u015ft\u0131\u011f\u0131 sars\u0131c\u0131 an\u0131s\u0131yla hayat\u0131n de\u011ferine ve teslimiyetin g\u00fcc\u00fcne dikkat \u00e7ekti. A\u011f\u0131r durumdaki ya\u015fl\u0131 bir hastan\u0131n son nefesinden \u00f6nceki metaneti, deneyimli hekim i\u00e7in unutulmaz bir ya\u015fam dersine d\u00f6n\u00fc\u015ft\u00fc.<\/p>\n\n\n\n<hr class=\"wp-block-separator has-alpha-channel-opacity\"\/>\n\n\n\n<h3 class=\"wp-block-heading\">&#8220;\u0130yiyim Allah&#8217;a \u015e\u00fck\u00fcr&#8221;<\/h3>\n\n\n\n<p>Doktorun aktard\u0131\u011f\u0131 bilgilere g\u00f6re, acil servise getirilen ya\u015fl\u0131 hastan\u0131n genel durumu olduk\u00e7a kritikti. G\u00fcnlerdir hi\u00e7bir \u015fey yiyip i\u00e7emedi\u011fi \u00f6\u011frenilen hastan\u0131n hayati bulgular\u0131 da muayene s\u0131ras\u0131nda k\u00f6t\u00fc seyrediyordu.<\/p>\n\n\n\n<p>Tetkikler i\u00e7in hastan\u0131n uzanmas\u0131 gerekti\u011fini belirten doktor, durumunun a\u011f\u0131rl\u0131\u011f\u0131n\u0131 fark ederek <strong>&#8220;\u0130yi de\u011filsen uzanma&#8221;<\/strong> uyar\u0131s\u0131nda bulundu. Ya\u015fl\u0131 adam\u0131n bu s\u00f6zlere g\u00fcl\u00fcmseyerek verdi\u011fi yan\u0131t ise odadaki herkesi duyguland\u0131rd\u0131:<\/p>\n\n\n\n<blockquote class=\"wp-block-quote is-layout-flow wp-block-quote-is-layout-flow\">\n<p><strong>&#8220;\u0130yiyim Allah&#8217;a \u015f\u00fck\u00fcr.&#8221;<\/strong><\/p>\n<\/blockquote>\n\n\n\n<hr class=\"wp-block-separator has-alpha-channel-opacity\"\/>\n\n\n\n<h3 class=\"wp-block-heading\">Be\u015f Dakika Sonra Gelen Veda<\/h3>\n\n\n\n<p>Bu k\u0131sa ve anlaml\u0131 diyalo\u011fun \u00fczerinden yakla\u015f\u0131k <strong>5 dakika<\/strong> ge\u00e7tikten sonra ya\u015fl\u0131 hastan\u0131n kalbi durdu. Hastan\u0131n son anlar\u0131ndaki huzurlu tavr\u0131 ve \u015f\u00fck\u00fcr dolu s\u00f6zleri kar\u015f\u0131s\u0131nda derin bir \u00fcz\u00fcnt\u00fc ve hayranl\u0131k duydu\u011funu belirten doktor, duygular\u0131n\u0131 \u015fu s\u00f6zlerle ifade etti:<\/p>\n\n\n\n<blockquote class=\"wp-block-quote is-layout-flow wp-block-quote-is-layout-flow\">\n<p><strong>&#8220;O g\u00fcn, o amca \u00f6mr\u00fcn\u00fcn son dakikalar\u0131nda fark\u0131nda olmadan bana &#8216;\u015f\u00fckretmeyi&#8217; \u00f6\u011fretti.&#8221;<\/strong><\/p>\n<\/blockquote>\n\n\n\n<hr class=\"wp-block-separator has-alpha-channel-opacity\"\/>\n\n\n\n<h3 class=\"wp-block-heading\">Sa\u011fl\u0131k \u00c7al\u0131\u015fanlar\u0131n\u0131n Tan\u0131kl\u0131\u011f\u0131<\/h3>\n\n\n\n<p>Acil servislerin her g\u00fcn benzer dramatik anlara sahne oldu\u011funu hat\u0131rlatan doktor, bu an\u0131y\u0131 payla\u015fma amac\u0131n\u0131n insanlar\u0131n ellerindekilerin de\u011ferini bilmesi ve \u015f\u00fckretmenin \u00f6nemini hat\u0131rlamas\u0131 oldu\u011funu dile getirdi.<\/p>\n\n\n\n<p>Bu olay, en zor anlarda bile muhafaza edilen manevi g\u00fcc\u00fcn, profesyonel t\u0131p insanlar\u0131 \u00fczerinde bile nas\u0131l kal\u0131c\u0131 bir iz b\u0131rakabilece\u011fini bir kez daha kan\u0131tlad\u0131.<\/p>\n\n\n\n<p><a href=\"https:\/\/www.sondakika.com\/saglik\/haber-doktor-hastasinin-olmeden-5-dakika-onceki-19633940\">https:\/\/www.sondakika.com\/saglik\/haber-doktor-hastasinin-olmeden-5-dakika-onceki-19633940<\/a><\/p>\n\n\n\n<p><\/p>\n","protected":false},"excerpt":{"rendered":"<p>Bir acil servis doktoru, sosyal medya hesab\u0131ndan payla\u015ft\u0131\u011f\u0131 sars\u0131c\u0131 an\u0131s\u0131yla hayat\u0131n de\u011ferine ve teslimiyetin g\u00fcc\u00fcne dikkat \u00e7ekti. A\u011f\u0131r durumdaki ya\u015fl\u0131 bir hastan\u0131n son nefesinden \u00f6nceki metaneti, deneyimli hekim i\u00e7in unutulmaz bir ya\u015fam dersine d\u00f6n\u00fc\u015ft\u00fc. &#8220;\u0130yiyim Allah&#8217;a \u015e\u00fck\u00fcr&#8221; Doktorun aktard\u0131\u011f\u0131 bilgilere g\u00f6re, acil servise getirilen ya\u015fl\u0131 hastan\u0131n genel durumu olduk\u00e7a kritikti. G\u00fcnlerdir hi\u00e7bir \u015fey yiyip i\u00e7emedi\u011fi [&hellip;]<\/p>\n","protected":false},"author":5,"featured_media":1603,"comment_status":"open","ping_status":"open","sticky":false,"template":"","format":"standard","meta":{"_jetpack_memberships_contains_paid_content":false,"footnotes":""},"categories":[39],"tags":[],"class_list":["post-1602","post","type-post","status-publish","format-standard","has-post-thumbnail","hentry","category-saglik-haberleri"],"jetpack_featured_media_url":"https:\/\/odakhaber.site\/wp-content\/uploads\/2026\/03\/doktor-hastasinin-olmeden-5-dakika-onceki-19633940_9096_amp.jpg.webp","jetpack_sharing_enabled":true,"_links":{"self":[{"href":"https:\/\/odakhaber.site\/index.php?rest_route=\/wp\/v2\/posts\/1602","targetHints":{"allow":["GET"]}}],"collection":[{"href":"https:\/\/odakhaber.site\/index.php?rest_route=\/wp\/v2\/posts"}],"about":[{"href":"https:\/\/odakhaber.site\/index.php?rest_route=\/wp\/v2\/types\/post"}],"author":[{"embeddable":true,"href":"https:\/\/odakhaber.site\/index.php?rest_route=\/wp\/v2\/users\/5"}],"replies":[{"embeddable":true,"href":"https:\/\/odakhaber.site\/index.php?rest_route=%2Fwp%2Fv2%2Fcomments&post=1602"}],"version-history":[{"count":1,"href":"https:\/\/odakhaber.site\/index.php?rest_route=\/wp\/v2\/posts\/1602\/revisions"}],"predecessor-version":[{"id":1604,"href":"https:\/\/odakhaber.site\/index.php?rest_route=\/wp\/v2\/posts\/1602\/revisions\/1604"}],"wp:featuredmedia":[{"embeddable":true,"href":"https:\/\/odakhaber.site\/index.php?rest_route=\/wp\/v2\/media\/1603"}],"wp:attachment":[{"href":"https:\/\/odakhaber.site\/index.php?rest_route=%2Fwp%2Fv2%2Fmedia&parent=1602"}],"wp:term":[{"taxonomy":"category","embeddable":true,"href":"https:\/\/odakhaber.site\/index.php?rest_route=%2Fwp%2Fv2%2Fcategories&post=1602"},{"taxonomy":"post_tag","embeddable":true,"href":"https:\/\/odakhaber.site\/index.php?rest_route=%2Fwp%2Fv2%2Ftags&post=1602"}],"curies":[{"name":"wp","href":"https:\/\/api.w.org\/{rel}","templated":true}]}}