{"id":1660,"date":"2026-03-08T15:14:17","date_gmt":"2026-03-08T15:14:17","guid":{"rendered":"https:\/\/odakhaber.site\/?p=1660"},"modified":"2026-03-08T15:14:17","modified_gmt":"2026-03-08T15:14:17","slug":"kar-engelini-paletli-ambulans-asarak-hayat-kurtardi","status":"publish","type":"post","link":"https:\/\/odakhaber.site\/?p=1660","title":{"rendered":"Kar Engelini Paletli Ambulans A\u015farak Hayat Kurtard\u0131"},"content":{"rendered":"\n<p>Bitlis\u2019in Tatvan il\u00e7esinde, yo\u011fun kar ya\u011f\u0131\u015f\u0131 ve tipi nedeniyle yollar\u0131 kapanan Sar\u0131kum k\u00f6y\u00fcnde mahsur kalan bir vatanda\u015f, ekiplerin zorlu m\u00fccadelesiyle hastaneye ula\u015ft\u0131r\u0131ld\u0131.<\/p>\n\n\n\n<hr class=\"wp-block-separator has-alpha-channel-opacity\"\/>\n\n\n\n<h3 class=\"wp-block-heading\">Acil Yard\u0131m \u00c7a\u011fr\u0131s\u0131 ve Zorlu Parkur<\/h3>\n\n\n\n<p>Sar\u0131kum k\u00f6y\u00fcnde ya\u015fayan&nbsp;<strong>35 ya\u015f\u0131ndaki bir kad\u0131n<\/strong>, aniden geli\u015fen \u015fiddetli&nbsp;<strong>g\u00f6\u011f\u00fcs a\u011fr\u0131s\u0131<\/strong>&nbsp;\u015fikayetiyle yak\u0131nlar\u0131ndan yard\u0131m istedi. Ailenin&nbsp;<strong>112 Acil \u00c7a\u011fr\u0131 Merkezi<\/strong>&#8216;ne durumu bildirmesi \u00fczerine harekete ge\u00e7en ekipler, k\u00f6y yolunun kar nedeniyle tamamen kapal\u0131 oldu\u011funu tespit etti.<\/p>\n\n\n\n<h3 class=\"wp-block-heading\">UMKE ve Paletli Kar Arac\u0131 Devreye Girdi<\/h3>\n\n\n\n<p>Normal ambulanslar\u0131n ula\u015famad\u0131\u011f\u0131 b\u00f6lgeye,&nbsp;<strong>UMKE (Ulusal Medikal Kurtarma Ekibi)<\/strong>&nbsp;ve sa\u011fl\u0131k g\u00f6revlileri&nbsp;<strong>paletli kar ambulans\u0131<\/strong>&nbsp;ile sevk edildi. Kar kal\u0131nl\u0131\u011f\u0131n\u0131n ve tipinin ge\u00e7it vermedi\u011fi yollar\u0131 a\u015fan ekipler, k\u00f6ye ula\u015farak hastaya ilk m\u00fcdahaleyi evinde ger\u00e7ekle\u015ftirdi.<\/p>\n\n\n\n<hr class=\"wp-block-separator has-alpha-channel-opacity\"\/>\n\n\n\n<h3 class=\"wp-block-heading\">Sa\u011fl\u0131k Durumu ve Yetkili A\u00e7\u0131klamas\u0131<\/h3>\n\n\n\n<p>G\u00fcvenli bir \u015fekilde paletli araca al\u0131nan ve hastaneye nakledilen kad\u0131n\u0131n tedavi alt\u0131na al\u0131nd\u0131\u011f\u0131, yap\u0131lan kontrollerde&nbsp;<strong>sa\u011fl\u0131k durumunun iyi oldu\u011fu<\/strong>&nbsp;bildirildi.<\/p>\n\n\n\n<p>Olay\u0131n ard\u0131ndan yetkililer, k\u0131\u015f \u015fartlar\u0131n\u0131n zorlu\u011funa dikkat \u00e7ekerek \u015fu a\u00e7\u0131klamada bulundu:<\/p>\n\n\n\n<blockquote class=\"wp-block-quote is-layout-flow wp-block-quote-is-layout-flow\">\n<p>&#8220;\u00d6zellikle k\u0131\u015f aylar\u0131nda etkili olan yo\u011fun kar ya\u011f\u0131\u015f\u0131na ra\u011fmen, acil sa\u011fl\u0131k ekiplerimiz 7\/24 saat g\u00f6rev ba\u015f\u0131ndad\u0131r. Vatanda\u015flar\u0131m\u0131za kesintisiz sa\u011fl\u0131k hizmeti sunulmaya kararl\u0131l\u0131kla devam edilmektedir.&#8221;<\/p>\n<\/blockquote>\n\n\n\n<p><a href=\"https:\/\/www.sondakika.com\/saglik\/haber-kar-ambulanisiyla-hastaneye-ulastirildi-19637272\">https:\/\/www.sondakika.com\/saglik\/haber-kar-ambulanisiyla-hastaneye-ulastirildi-19637272<\/a><\/p>\n","protected":false},"excerpt":{"rendered":"<p>Bitlis\u2019in Tatvan il\u00e7esinde, yo\u011fun kar ya\u011f\u0131\u015f\u0131 ve tipi nedeniyle yollar\u0131 kapanan Sar\u0131kum k\u00f6y\u00fcnde mahsur kalan bir vatanda\u015f, ekiplerin zorlu m\u00fccadelesiyle hastaneye ula\u015ft\u0131r\u0131ld\u0131. Acil Yard\u0131m \u00c7a\u011fr\u0131s\u0131 ve Zorlu Parkur Sar\u0131kum k\u00f6y\u00fcnde ya\u015fayan&nbsp;35 ya\u015f\u0131ndaki bir kad\u0131n, aniden geli\u015fen \u015fiddetli&nbsp;g\u00f6\u011f\u00fcs a\u011fr\u0131s\u0131&nbsp;\u015fikayetiyle yak\u0131nlar\u0131ndan yard\u0131m istedi. Ailenin&nbsp;112 Acil \u00c7a\u011fr\u0131 Merkezi&#8216;ne durumu bildirmesi \u00fczerine harekete ge\u00e7en ekipler, k\u00f6y yolunun kar nedeniyle [&hellip;]<\/p>\n","protected":false},"author":5,"featured_media":1661,"comment_status":"open","ping_status":"open","sticky":false,"template":"","format":"standard","meta":{"_jetpack_memberships_contains_paid_content":false,"footnotes":""},"categories":[39],"tags":[],"class_list":["post-1660","post","type-post","status-publish","format-standard","has-post-thumbnail","hentry","category-saglik-haberleri"],"jetpack_featured_media_url":"https:\/\/odakhaber.site\/wp-content\/uploads\/2026\/03\/bitlis-te-ekipler-hasta-kadin-icin-seferber-o-4-19637243_amp.jpg-2.webp","jetpack_sharing_enabled":true,"_links":{"self":[{"href":"https:\/\/odakhaber.site\/index.php?rest_route=\/wp\/v2\/posts\/1660","targetHints":{"allow":["GET"]}}],"collection":[{"href":"https:\/\/odakhaber.site\/index.php?rest_route=\/wp\/v2\/posts"}],"about":[{"href":"https:\/\/odakhaber.site\/index.php?rest_route=\/wp\/v2\/types\/post"}],"author":[{"embeddable":true,"href":"https:\/\/odakhaber.site\/index.php?rest_route=\/wp\/v2\/users\/5"}],"replies":[{"embeddable":true,"href":"https:\/\/odakhaber.site\/index.php?rest_route=%2Fwp%2Fv2%2Fcomments&post=1660"}],"version-history":[{"count":1,"href":"https:\/\/odakhaber.site\/index.php?rest_route=\/wp\/v2\/posts\/1660\/revisions"}],"predecessor-version":[{"id":1662,"href":"https:\/\/odakhaber.site\/index.php?rest_route=\/wp\/v2\/posts\/1660\/revisions\/1662"}],"wp:featuredmedia":[{"embeddable":true,"href":"https:\/\/odakhaber.site\/index.php?rest_route=\/wp\/v2\/media\/1661"}],"wp:attachment":[{"href":"https:\/\/odakhaber.site\/index.php?rest_route=%2Fwp%2Fv2%2Fmedia&parent=1660"}],"wp:term":[{"taxonomy":"category","embeddable":true,"href":"https:\/\/odakhaber.site\/index.php?rest_route=%2Fwp%2Fv2%2Fcategories&post=1660"},{"taxonomy":"post_tag","embeddable":true,"href":"https:\/\/odakhaber.site\/index.php?rest_route=%2Fwp%2Fv2%2Ftags&post=1660"}],"curies":[{"name":"wp","href":"https:\/\/api.w.org\/{rel}","templated":true}]}}