{"id":1663,"date":"2026-03-08T15:21:10","date_gmt":"2026-03-08T15:21:10","guid":{"rendered":"https:\/\/odakhaber.site\/?p=1663"},"modified":"2026-03-08T15:21:10","modified_gmt":"2026-03-08T15:21:10","slug":"coklu-roller-ve-psikolojik-siddet-kadin-ruh-sagligi-alarm-veriyor","status":"publish","type":"post","link":"https:\/\/odakhaber.site\/?p=1663","title":{"rendered":"\u00c7oklu Roller ve Psikolojik \u015eiddet: Kad\u0131n Ruh Sa\u011fl\u0131\u011f\u0131 Alarm Veriyor"},"content":{"rendered":"\n<p>Klinik Psikolog&nbsp;<strong>Pelin Ankay Kudu<\/strong>, 8 Mart D\u00fcnya Kad\u0131nlar G\u00fcn\u00fc kapsam\u0131nda yapt\u0131\u011f\u0131 a\u00e7\u0131klamada, kad\u0131nlar\u0131n \u00fcstlendi\u011fi yo\u011fun sorumluluklar\u0131n ruh sa\u011fl\u0131\u011f\u0131 \u00fczerindeki etkilerine dikkat \u00e7ekti. Kudu, bug\u00fcn\u00fcn sadece bir kutlama de\u011fil, kad\u0131nlar\u0131n ya\u015fam ko\u015fullar\u0131n\u0131n ve ruhsal haklar\u0131n\u0131n konu\u015fulmas\u0131 gereken kritik bir e\u015fik oldu\u011funu vurgulad\u0131.<\/p>\n\n\n\n<hr class=\"wp-block-separator has-alpha-channel-opacity\"\/>\n\n\n\n<h3 class=\"wp-block-heading\">G\u00f6r\u00fcnmez Y\u00fck: Anne, E\u015f, \u00c7al\u0131\u015fan ve Evlat<\/h3>\n\n\n\n<p>Kad\u0131nlar\u0131n g\u00fcnl\u00fck ya\u015famda anne, e\u015f, \u00e7al\u0131\u015fan ve evlat gibi bir\u00e7ok rol\u00fc ayn\u0131 anda y\u00fcr\u00fctt\u00fc\u011f\u00fcn\u00fc belirten Kudu, bu s\u00fcre\u00e7te kad\u0131nlar\u0131n genellikle&nbsp;<strong>kendi ihtiya\u00e7lar\u0131n\u0131 geri plana att\u0131\u011f\u0131n\u0131<\/strong>&nbsp;ifade etti.<\/p>\n\n\n\n<p><strong>Ara\u015ft\u0131rma Sonu\u00e7lar\u0131 Ne Diyor?<\/strong>&nbsp;Kudu, toplumsal fark\u0131ndal\u0131\u011f\u0131n hen\u00fcz yeni geli\u015fmeye ba\u015flad\u0131\u011f\u0131n\u0131 belirterek \u015fu \u00e7arp\u0131c\u0131 veriyi payla\u015ft\u0131:<\/p>\n\n\n\n<blockquote class=\"wp-block-quote is-layout-flow wp-block-quote-is-layout-flow\">\n<p>&#8220;Yap\u0131lan ara\u015ft\u0131rmalar, kad\u0131nlarda&nbsp;<strong>depresyon, kayg\u0131 bozuklu\u011fu ve t\u00fckenmi\u015flik<\/strong>&nbsp;gibi ruhsal sorunlar\u0131n erkeklere oranla daha s\u0131k g\u00f6r\u00fclebildi\u011fini g\u00f6steriyor.&#8221;<\/p>\n<\/blockquote>\n\n\n\n<h3 class=\"wp-block-heading\">Psikolojik \u015eiddetin G\u00f6r\u00fcnmeyen Y\u00fcz\u00fc<\/h3>\n\n\n\n<p>\u015eiddetin sadece fiziksel boyutuyla ele al\u0131nmamas\u0131 gerekti\u011fini hat\u0131rlatan Kudu, kad\u0131nlar\u0131n hem fiziksel hem de ruhsal g\u00fcvenli\u011finin korunmas\u0131n\u0131n \u00f6nemine de\u011findi:<\/p>\n\n\n\n<blockquote class=\"wp-block-quote is-layout-flow wp-block-quote-is-layout-flow\">\n<p>&#8220;Bast\u0131r\u0131lmak, izolasyona u\u011framak, i\u015f hayat\u0131ndan uzakla\u015ft\u0131r\u0131lmak gibi durumlar da psikolojik \u015fiddet kapsam\u0131na girer.&#8221;<\/p>\n<\/blockquote>\n\n\n\n<hr class=\"wp-block-separator has-alpha-channel-opacity\"\/>\n\n\n\n<h3 class=\"wp-block-heading\">\u00c7\u00f6z\u00fcm \u00d6nerileri ve Fark\u0131ndal\u0131k<\/h3>\n\n\n\n<p>Kudu, kad\u0131n ruh sa\u011fl\u0131\u011f\u0131n\u0131n bireysel de\u011fil, toplumsal bir mesele oldu\u011funu belirterek \u015fu noktalara dikkat \u00e7ekti:<\/p>\n\n\n\n<ul class=\"wp-block-list\">\n<li><strong>Hizmete Eri\u015fim:<\/strong>\u00a0Baz\u0131 b\u00f6lgelerde s\u0131n\u0131rl\u0131 olan ruh sa\u011fl\u0131\u011f\u0131 hizmetlerine eri\u015fimin art\u0131r\u0131lmas\u0131 gerekiyor.<\/li>\n\n\n\n<li><strong>Kurumsal Destek:<\/strong>\u00a0T\u00fcrkiye\u2019de sivil toplum kurulu\u015flar\u0131n\u0131n kad\u0131n ruh sa\u011fl\u0131\u011f\u0131na y\u00f6nelik a\u00e7t\u0131\u011f\u0131 birimlerin desteklenmesi ve mekanizmalar\u0131n g\u00fc\u00e7lendirilmesi \u015fart.<\/li>\n\n\n\n<li><strong>Bireysel Fark\u0131ndal\u0131k:<\/strong>\u00a0Kad\u0131nlar\u0131n kendi ruhsal ihtiya\u00e7lar\u0131n\u0131 fark etmelerinin \u00f6nemi b\u00fcy\u00fck.<\/li>\n<\/ul>\n\n\n\n<blockquote class=\"wp-block-quote is-layout-flow wp-block-quote-is-layout-flow\">\n<p>&#8220;Kad\u0131nlar\u0131n ruh sa\u011fl\u0131\u011f\u0131 hizmetlerine eri\u015fimini art\u0131rmak i\u00e7in hem mekanizmalar\u0131 g\u00fc\u00e7lendirmemiz hem de toplumsal fark\u0131ndal\u0131\u011f\u0131 art\u0131rmam\u0131z gerekiyor.&#8221; \u2014&nbsp;<strong>Klinik Psikolog Pelin Ankay Kudu<\/strong><\/p>\n<\/blockquote>\n\n\n\n<p><a href=\"https:\/\/www.haberturk.com\/kadinlarin-birden-fazla-rolu-ayni-anda-ustlenmeleri-ruh-sagliklarini-etkileyebiliyor-3867985\">https:\/\/www.haberturk.com\/kadinlarin-birden-fazla-rolu-ayni-anda-ustlenmeleri-ruh-sagliklarini-etkileyebiliyor-3867985<\/a><\/p>\n\n\n\n<p><\/p>\n","protected":false},"excerpt":{"rendered":"<p>Klinik Psikolog&nbsp;Pelin Ankay Kudu, 8 Mart D\u00fcnya Kad\u0131nlar G\u00fcn\u00fc kapsam\u0131nda yapt\u0131\u011f\u0131 a\u00e7\u0131klamada, kad\u0131nlar\u0131n \u00fcstlendi\u011fi yo\u011fun sorumluluklar\u0131n ruh sa\u011fl\u0131\u011f\u0131 \u00fczerindeki etkilerine dikkat \u00e7ekti. Kudu, bug\u00fcn\u00fcn sadece bir kutlama de\u011fil, kad\u0131nlar\u0131n ya\u015fam ko\u015fullar\u0131n\u0131n ve ruhsal haklar\u0131n\u0131n konu\u015fulmas\u0131 gereken kritik bir e\u015fik oldu\u011funu vurgulad\u0131. G\u00f6r\u00fcnmez Y\u00fck: Anne, E\u015f, \u00c7al\u0131\u015fan ve Evlat Kad\u0131nlar\u0131n g\u00fcnl\u00fck ya\u015famda anne, e\u015f, \u00e7al\u0131\u015fan ve [&hellip;]<\/p>\n","protected":false},"author":5,"featured_media":1664,"comment_status":"open","ping_status":"open","sticky":false,"template":"","format":"standard","meta":{"_jetpack_memberships_contains_paid_content":false,"footnotes":""},"categories":[39],"tags":[],"class_list":["post-1663","post","type-post","status-publish","format-standard","has-post-thumbnail","hentry","category-saglik-haberleri"],"jetpack_featured_media_url":"https:\/\/odakhaber.site\/wp-content\/uploads\/2026\/03\/960x540-4.jpeg","jetpack_sharing_enabled":true,"_links":{"self":[{"href":"https:\/\/odakhaber.site\/index.php?rest_route=\/wp\/v2\/posts\/1663","targetHints":{"allow":["GET"]}}],"collection":[{"href":"https:\/\/odakhaber.site\/index.php?rest_route=\/wp\/v2\/posts"}],"about":[{"href":"https:\/\/odakhaber.site\/index.php?rest_route=\/wp\/v2\/types\/post"}],"author":[{"embeddable":true,"href":"https:\/\/odakhaber.site\/index.php?rest_route=\/wp\/v2\/users\/5"}],"replies":[{"embeddable":true,"href":"https:\/\/odakhaber.site\/index.php?rest_route=%2Fwp%2Fv2%2Fcomments&post=1663"}],"version-history":[{"count":1,"href":"https:\/\/odakhaber.site\/index.php?rest_route=\/wp\/v2\/posts\/1663\/revisions"}],"predecessor-version":[{"id":1665,"href":"https:\/\/odakhaber.site\/index.php?rest_route=\/wp\/v2\/posts\/1663\/revisions\/1665"}],"wp:featuredmedia":[{"embeddable":true,"href":"https:\/\/odakhaber.site\/index.php?rest_route=\/wp\/v2\/media\/1664"}],"wp:attachment":[{"href":"https:\/\/odakhaber.site\/index.php?rest_route=%2Fwp%2Fv2%2Fmedia&parent=1663"}],"wp:term":[{"taxonomy":"category","embeddable":true,"href":"https:\/\/odakhaber.site\/index.php?rest_route=%2Fwp%2Fv2%2Fcategories&post=1663"},{"taxonomy":"post_tag","embeddable":true,"href":"https:\/\/odakhaber.site\/index.php?rest_route=%2Fwp%2Fv2%2Ftags&post=1663"}],"curies":[{"name":"wp","href":"https:\/\/api.w.org\/{rel}","templated":true}]}}