{"id":1666,"date":"2026-03-08T15:25:54","date_gmt":"2026-03-08T15:25:54","guid":{"rendered":"https:\/\/odakhaber.site\/?p=1666"},"modified":"2026-03-08T15:25:54","modified_gmt":"2026-03-08T15:25:54","slug":"hayat-kurtaran-eller-direksiyonda-kocaelinin-kadin-ambulans-suruculeri","status":"publish","type":"post","link":"https:\/\/odakhaber.site\/?p=1666","title":{"rendered":"Hayat Kurtaran Eller Direksiyonda: Kocaeli\u2019nin Kad\u0131n Ambulans S\u00fcr\u00fcc\u00fcleri"},"content":{"rendered":"\n<p>Kocaeli 112 Acil Sa\u011fl\u0131k Hizmetleri b\u00fcnyesinde g\u00f6rev yapan kad\u0131n ambulans s\u00fcr\u00fcc\u00fcleri, hem zorlu yol \u015fartlar\u0131yla ba\u015fa \u00e7\u0131k\u0131yor hem de acil m\u00fcdahale ekiplerinin en kritik destek\u00e7isi olarak zamanla yar\u0131\u015f\u0131yor. 24 saat esas\u0131na g\u00f6re \u00e7al\u0131\u015fan bu kad\u0131n kahramanlar, \u00f6n yarg\u0131lar\u0131 k\u0131rarak hayat kurtarma m\u00fccadelesinde \u00f6n saflarda yer al\u0131yor.<\/p>\n\n\n\n<hr class=\"wp-block-separator has-alpha-channel-opacity\"\/>\n\n\n\n<h3 class=\"wp-block-heading\">Hem E\u011fitmen Hem S\u00fcr\u00fcc\u00fc: Ayla Arslan<\/h3>\n\n\n\n<p>Derince 6 No&#8217;lu Acil Sa\u011fl\u0131k Hizmetleri \u0130stasyonu&#8217;nda g\u00f6revli acil t\u0131p teknisyeni (ATT)&nbsp;<strong>Ayla Arslan<\/strong>, 8 y\u0131ld\u0131r ambulans s\u00fcr\u00fcc\u00fcl\u00fc\u011f\u00fc yap\u0131yor. Mesle\u011fine &#8220;Ambulans S\u00fcr\u00fc\u015f G\u00fcvenli\u011fi E\u011fitimi&#8221; ile ba\u015flayan Arslan, ayn\u0131 zamanda bu alanda e\u011fitmenlik de y\u00fcr\u00fct\u00fcyor.<\/p>\n\n\n\n<p><strong>Toplumsal \u00d6n Yarg\u0131larla M\u00fccadele<\/strong>&nbsp;Arslan, mesle\u011fine dair kar\u015f\u0131la\u015ft\u0131\u011f\u0131 tepkileri \u015fu s\u00f6zlerle aktar\u0131yor:<\/p>\n\n\n\n<blockquote class=\"wp-block-quote is-layout-flow wp-block-quote-is-layout-flow\">\n<p>&#8220;\u0130nsanlar beni direksiyonda g\u00f6r\u00fcnce \u015fa\u015f\u0131r\u0131yorlar. &#8216;Erkek yok muydu?&#8217; diyorlar. Sonras\u0131nda yapabildi\u011fimiz \u015feyleri g\u00f6r\u00fcnce mutlu oluyor, tebrik ediyor, gurur duyuyorlar. Biz her g\u00fcn bu \u00f6n yarg\u0131y\u0131 k\u0131rmak i\u00e7in \u00e7al\u0131\u015f\u0131yoruz.&#8221;<\/p>\n<\/blockquote>\n\n\n\n<hr class=\"wp-block-separator has-alpha-channel-opacity\"\/>\n\n\n\n<h3 class=\"wp-block-heading\">Hayalini Ger\u00e7e\u011fe D\u00f6n\u00fc\u015ft\u00fcren Emel B\u00fcy\u00fck<\/h3>\n\n\n\n<p>15 y\u0131ld\u0131r ATT olarak g\u00f6rev yapan ve yak\u0131n zamanda s\u00fcr\u00fcc\u00fcl\u00fck koltu\u011funa oturan&nbsp;<strong>Emel B\u00fcy\u00fck<\/strong>, Derince 2 No&#8217;lu istasyonda hizmet veriyor. B\u00fcy\u00fck i\u00e7in bu g\u00f6rev sadece ara\u00e7 kullanmak de\u011fil, kapsaml\u0131 bir operasyonel s\u00fcre\u00e7 anlam\u0131na geliyor.<\/p>\n\n\n\n<p><strong>Sadece S\u00fcr\u00fc\u015f De\u011fil, G\u00fcvenlik ve M\u00fcdahale<\/strong>&nbsp;Emel B\u00fcy\u00fck, g\u00f6rev tan\u0131m\u0131n\u0131n geni\u015fli\u011fine \u015fu ifadelerle dikkat \u00e7ekiyor:<\/p>\n\n\n\n<blockquote class=\"wp-block-quote is-layout-flow wp-block-quote-is-layout-flow\">\n<p>&#8220;Olay yeri g\u00fcvenli\u011fi, arkada\u015flar\u0131m\u0131z\u0131n g\u00fcvenli\u011fi var. Sadece ev vakalar\u0131nda da \u00e7al\u0131\u015fm\u0131yoruz. D\u0131\u015far\u0131da 3 bayan olarak vakaya gitti\u011fimizde bu biraz zor oluyor ama yap\u0131lmayacak ve \u00fcstesinden gelemeyece\u011fimiz bir \u015fey yok.&#8221;<\/p>\n<\/blockquote>\n\n\n\n<hr class=\"wp-block-separator has-alpha-channel-opacity\"\/>\n\n\n\n<h3 class=\"wp-block-heading\">Kad\u0131n S\u00fcr\u00fcc\u00fclerin Operasyonel Rol\u00fc<\/h3>\n\n\n\n<p>Kocaeli&#8217;deki kad\u0131n s\u00fcr\u00fcc\u00fcler, acil sa\u011fl\u0131k hizmetlerinde sadece &#8220;\u015fof\u00f6r&#8221; de\u011fil, \u00e7ok y\u00f6nl\u00fc birer sa\u011fl\u0131k profesyoneli olarak \u00e7al\u0131\u015f\u0131yor:<\/p>\n\n\n\n<ul class=\"wp-block-list\">\n<li><strong>Olay Yeri Y\u00f6netimi:<\/strong>\u00a0Ekibin ve hastan\u0131n g\u00fcvenli\u011fini sa\u011flama.<\/li>\n\n\n\n<li><strong>T\u0131bbi Destek:<\/strong>\u00a0\u0130lk m\u00fcdahale an\u0131nda sa\u011fl\u0131k ekiplerine aktif yard\u0131m.<\/li>\n\n\n\n<li><strong>H\u0131z ve Disiplin:<\/strong>\u00a0Yo\u011fun trafikte ve zorlu hava ko\u015fullar\u0131nda vakaya en h\u0131zl\u0131 \u015fekilde ula\u015f\u0131m.<\/li>\n\n\n\n<li><strong>Lojistik:<\/strong>\u00a0Hastan\u0131n olay yerinden g\u00fcvenle al\u0131n\u0131p hastaneye nakli ve hastane \u00f6ncesi tedavi s\u00fcreci.<\/li>\n<\/ul>\n\n\n\n<p><a href=\"https:\/\/www.sondakika.com\/saglik\/haber-kadin-ambulans-suruculeri-zorlu-gorevde-19636310\">https:\/\/www.sondakika.com\/saglik\/haber-kadin-ambulans-suruculeri-zorlu-gorevde-19636310<\/a><\/p>\n\n\n\n<p><\/p>\n","protected":false},"excerpt":{"rendered":"<p>Kocaeli 112 Acil Sa\u011fl\u0131k Hizmetleri b\u00fcnyesinde g\u00f6rev yapan kad\u0131n ambulans s\u00fcr\u00fcc\u00fcleri, hem zorlu yol \u015fartlar\u0131yla ba\u015fa \u00e7\u0131k\u0131yor hem de acil m\u00fcdahale ekiplerinin en kritik destek\u00e7isi olarak zamanla yar\u0131\u015f\u0131yor. 24 saat esas\u0131na g\u00f6re \u00e7al\u0131\u015fan bu kad\u0131n kahramanlar, \u00f6n yarg\u0131lar\u0131 k\u0131rarak hayat kurtarma m\u00fccadelesinde \u00f6n saflarda yer al\u0131yor. Hem E\u011fitmen Hem S\u00fcr\u00fcc\u00fc: Ayla Arslan Derince 6 No&#8217;lu [&hellip;]<\/p>\n","protected":false},"author":5,"featured_media":1667,"comment_status":"open","ping_status":"open","sticky":false,"template":"","format":"standard","meta":{"_jetpack_memberships_contains_paid_content":false,"footnotes":""},"categories":[39],"tags":[],"class_list":["post-1666","post","type-post","status-publish","format-standard","has-post-thumbnail","hentry","category-saglik-haberleri"],"jetpack_featured_media_url":"https:\/\/odakhaber.site\/wp-content\/uploads\/2026\/03\/kocaeli-de-kadin-ambulans-suruculeri-hastalar-2-19636256_amp.jpg.webp","jetpack_sharing_enabled":true,"_links":{"self":[{"href":"https:\/\/odakhaber.site\/index.php?rest_route=\/wp\/v2\/posts\/1666","targetHints":{"allow":["GET"]}}],"collection":[{"href":"https:\/\/odakhaber.site\/index.php?rest_route=\/wp\/v2\/posts"}],"about":[{"href":"https:\/\/odakhaber.site\/index.php?rest_route=\/wp\/v2\/types\/post"}],"author":[{"embeddable":true,"href":"https:\/\/odakhaber.site\/index.php?rest_route=\/wp\/v2\/users\/5"}],"replies":[{"embeddable":true,"href":"https:\/\/odakhaber.site\/index.php?rest_route=%2Fwp%2Fv2%2Fcomments&post=1666"}],"version-history":[{"count":1,"href":"https:\/\/odakhaber.site\/index.php?rest_route=\/wp\/v2\/posts\/1666\/revisions"}],"predecessor-version":[{"id":1668,"href":"https:\/\/odakhaber.site\/index.php?rest_route=\/wp\/v2\/posts\/1666\/revisions\/1668"}],"wp:featuredmedia":[{"embeddable":true,"href":"https:\/\/odakhaber.site\/index.php?rest_route=\/wp\/v2\/media\/1667"}],"wp:attachment":[{"href":"https:\/\/odakhaber.site\/index.php?rest_route=%2Fwp%2Fv2%2Fmedia&parent=1666"}],"wp:term":[{"taxonomy":"category","embeddable":true,"href":"https:\/\/odakhaber.site\/index.php?rest_route=%2Fwp%2Fv2%2Fcategories&post=1666"},{"taxonomy":"post_tag","embeddable":true,"href":"https:\/\/odakhaber.site\/index.php?rest_route=%2Fwp%2Fv2%2Ftags&post=1666"}],"curies":[{"name":"wp","href":"https:\/\/api.w.org\/{rel}","templated":true}]}}