{"id":1779,"date":"2026-03-09T17:46:05","date_gmt":"2026-03-09T17:46:05","guid":{"rendered":"https:\/\/odakhaber.site\/?p=1779"},"modified":"2026-03-09T17:46:05","modified_gmt":"2026-03-09T17:46:05","slug":"modern-cagin-gorunmez-pandemisi-yalnizlik-salgini-gencleri-tehdit-ediyor","status":"publish","type":"post","link":"https:\/\/odakhaber.site\/?p=1779","title":{"rendered":"Modern \u00c7a\u011f\u0131n G\u00f6r\u00fcnmez Pandemisi: &#8220;Yaln\u0131zl\u0131k Salg\u0131n\u0131&#8221; Gen\u00e7leri Tehdit Ediyor"},"content":{"rendered":"\n<p><strong>09.03.2026<\/strong>&nbsp;\u2013 Bilimsel literat\u00fcrde&nbsp;<strong>&#8220;Yaln\u0131zl\u0131k Salg\u0131n\u0131&#8221; (Loneliness Epidemic)<\/strong>&nbsp;olarak adland\u0131r\u0131lan sessiz tehlike, d\u00fcnya genelinde derinle\u015fiyor. Uzmanlar, \u00f6zellikle 18\u201325 ya\u015f grubundaki gen\u00e7lerin bu durumdan en \u00e7ok etkilenen kesim oldu\u011funu ve yaln\u0131zl\u0131k oranlar\u0131n\u0131n baz\u0131 \u00fclkelerde %60&#8217;a ula\u015ft\u0131\u011f\u0131n\u0131 belirtiyor.<\/p>\n\n\n\n<hr class=\"wp-block-separator has-alpha-channel-opacity\"\/>\n\n\n\n<h3 class=\"wp-block-heading\">Yaln\u0131zl\u0131k Sadece Ruhu De\u011fil, Bedeni de Hasta Ediyor<\/h3>\n\n\n\n<p>Yeditepe \u00dcniversitesi T\u0131p Fak\u00fcltesi Ruh Sa\u011fl\u0131\u011f\u0131 ve Hastal\u0131klar\u0131 Anabilim Dal\u0131 Ba\u015fkan\u0131&nbsp;<strong>Do\u00e7. Dr. O\u011fuzhan Zahmac\u0131o\u011flu<\/strong>, yaln\u0131zl\u0131\u011f\u0131n klinik etkilerinin art\u0131k g\u00f6rmezden gelinemeyece\u011fini vurgulad\u0131. Yaln\u0131zl\u0131\u011f\u0131n beyinde s\u00fcrekli bir &#8220;tehdit alg\u0131s\u0131&#8221; yaratt\u0131\u011f\u0131n\u0131 belirten Zahmac\u0131o\u011flu, bu durumun fiziksel sonu\u00e7lar\u0131n\u0131 \u015f\u00f6yle \u00f6zetledi:<\/p>\n\n\n\n<p>\u00a0Kortizol seviyesi y\u00fckseliyor ve ba\u011f\u0131\u015f\u0131kl\u0131k sistemi bask\u0131lan\u0131yor.<\/p>\n\n\n\n<p>\u00a02025\u20132026 d\u00f6nemi ara\u015ft\u0131rmalar\u0131na g\u00f6re yaln\u0131zl\u0131k; demans riskini\u00a0<strong>%50<\/strong>, kalp hastal\u0131\u011f\u0131 riskini\u00a0<strong>%29<\/strong>, inme riskini ise\u00a0<strong>%32<\/strong>\u00a0art\u0131r\u0131yor.<\/p>\n\n\n\n<p>\u00a0D\u00fcnya Sa\u011fl\u0131k \u00d6rg\u00fct\u00fc&#8217;n\u00fcn 2025 raporuna g\u00f6re, sosyal izolasyon d\u00fcnya genelinde y\u0131lda yakla\u015f\u0131k\u00a0<strong>871 bin<\/strong>\u00a0\u00f6l\u00fcme neden oluyor. Bu risk d\u00fczeyi; sigara kullan\u0131m\u0131, obezite ve hareketsizlik ile e\u015f de\u011fer g\u00f6r\u00fcl\u00fcyor.<\/p>\n\n\n\n<h3 class=\"wp-block-heading\">Gen\u00e7ler Aras\u0131nda &#8220;Modern Yaln\u0131zl\u0131k Paradoksu&#8221;<\/h3>\n\n\n\n<p>Yeditepe \u00dcniversitesi Psikoloji B\u00f6l\u00fcm\u00fc Ba\u015fkan\u0131&nbsp;<strong>Do\u00e7. Dr. Berke K\u0131r\u0131kkanat<\/strong>, gen\u00e7lerin s\u00fcrekli \u00e7evrim i\u00e7i olmalar\u0131na ra\u011fmen derinlikli ba\u011flar kuramad\u0131\u011f\u0131na dikkat \u00e7ekerek bu durumu &#8220;Modern Yaln\u0131zl\u0131k Paradoksu&#8221; olarak tan\u0131ml\u0131yor. K\u0131r\u0131kkanat, &#8220;Bu, &#8216;kimsem yok&#8217; yaln\u0131zl\u0131\u011f\u0131 de\u011fil; kalabal\u0131klar i\u00e7inde hissedilen anla\u015f\u0131lamama ve duygusal g\u00fcvencesizliktir,&#8221; diyerek y\u00fcz y\u00fcze temas\u0131n azalmas\u0131n\u0131n bu duyguyu derinle\u015ftirdi\u011fini ifade etti.<\/p>\n\n\n\n<h3 class=\"wp-block-heading\">T\u00fcrkiye&#8217;de Yaln\u0131z Ya\u015fayanlar\u0131n Say\u0131s\u0131 H\u0131zla Art\u0131yor<\/h3>\n\n\n\n<p>T\u00dc\u0130K&#8217;in 2026 verileri, toplumsal d\u00f6n\u00fc\u015f\u00fcm\u00fcn boyutlar\u0131n\u0131 g\u00f6zler \u00f6n\u00fcne seriyor:<\/p>\n\n\n\n<ul class=\"wp-block-list\">\n<li><strong>Tek Ki\u015filik Haneler:<\/strong>\u00a05,5 milyonu a\u015fm\u0131\u015f durumda.<\/li>\n\n\n\n<li><strong>Art\u0131\u015f Oran\u0131:<\/strong>\u00a0Son on y\u0131lda yaln\u0131z ya\u015fayanlar\u0131n say\u0131s\u0131ndaki art\u0131\u015f\u00a0<strong>%60\u2019\u0131n \u00fczerinde<\/strong>.<\/li>\n\n\n\n<li><strong>Odak Noktalar\u0131:<\/strong>\u00a0En y\u00fcksek oranlar \u0130stanbul, Ankara ve \u0130zmir gibi b\u00fcy\u00fck \u015fehirlerde yo\u011funla\u015f\u0131yor.<\/li>\n<\/ul>\n\n\n\n<hr class=\"wp-block-separator has-alpha-channel-opacity\"\/>\n\n\n\n<h3 class=\"wp-block-heading\">Yapay Zeka ve Sosyal Medyan\u0131n \u00c7eli\u015fkili Etkisi<\/h3>\n\n\n\n<p>2025 ve 2026 y\u0131llar\u0131nda yayg\u0131nla\u015fan yapay zeka destekli dijital yolda\u015flar hakk\u0131nda uyar\u0131da bulunan uzmanlar, bu ara\u00e7lar\u0131n &#8220;duyulma&#8221; hissi verse de ger\u00e7ek ili\u015fkilerin yerini tutamayaca\u011f\u0131n\u0131 belirtiyor. Sosyal medyan\u0131n ise \u00e7o\u011fu zaman kar\u015f\u0131la\u015ft\u0131rma ve yetersizlik duygusunu besledi\u011fi vurgulan\u0131yor.<\/p>\n\n\n\n<h3 class=\"wp-block-heading\">\u00c7\u00f6z\u00fcm: &#8220;Sosyal Re\u00e7eteleme&#8221; ve Anlaml\u0131 Ba\u011flar<\/h3>\n\n\n\n<p>D\u00fcnya Sa\u011fl\u0131k \u00d6rg\u00fct\u00fc ve OECD raporlar\u0131, yaln\u0131zl\u0131\u011f\u0131n ki\u015fisel bir zay\u0131fl\u0131k de\u011fil, modern ya\u015fam\u0131n yap\u0131sal bir sorunu oldu\u011funu ortaya koyuyor. \u00c7\u00f6z\u00fcm i\u00e7in \u00f6nerilen modellerden biri olan&nbsp;<strong>&#8220;sosyal re\u00e7eteleme&#8221;<\/strong>, bireyleri topluluk etkinliklerine ve sosyal alanlara y\u00f6nlendirerek izolasyonu azaltmay\u0131 hedefliyor.<\/p>\n\n\n\n<p>Do\u00e7. Dr. Berke K\u0131r\u0131kkanat \u00e7\u00f6z\u00fcm\u00fcn anahtar\u0131n\u0131 \u015fu s\u00f6zlerle \u00f6zetliyor:<\/p>\n\n\n\n<blockquote class=\"wp-block-quote is-layout-flow wp-block-quote-is-layout-flow\">\n<p>&#8220;Toplum olarak daha fazla ba\u011flant\u0131ya de\u011fil, daha fazla anlaml\u0131 ba\u011fa ihtiyac\u0131m\u0131z var.&#8221;<\/p>\n<\/blockquote>\n\n\n\n<p><a href=\"https:\/\/www.sondakika.com\/saglik\/haber-yalnizlik-salgini-gencler-riskte-19639094\">https:\/\/www.sondakika.com\/saglik\/haber-yalnizlik-salgini-gencler-riskte-19639094<\/a><\/p>\n\n\n\n<p><\/p>\n","protected":false},"excerpt":{"rendered":"<p>09.03.2026&nbsp;\u2013 Bilimsel literat\u00fcrde&nbsp;&#8220;Yaln\u0131zl\u0131k Salg\u0131n\u0131&#8221; (Loneliness Epidemic)&nbsp;olarak adland\u0131r\u0131lan sessiz tehlike, d\u00fcnya genelinde derinle\u015fiyor. Uzmanlar, \u00f6zellikle 18\u201325 ya\u015f grubundaki gen\u00e7lerin bu durumdan en \u00e7ok etkilenen kesim oldu\u011funu ve yaln\u0131zl\u0131k oranlar\u0131n\u0131n baz\u0131 \u00fclkelerde %60&#8217;a ula\u015ft\u0131\u011f\u0131n\u0131 belirtiyor. Yaln\u0131zl\u0131k Sadece Ruhu De\u011fil, Bedeni de Hasta Ediyor Yeditepe \u00dcniversitesi T\u0131p Fak\u00fcltesi Ruh Sa\u011fl\u0131\u011f\u0131 ve Hastal\u0131klar\u0131 Anabilim Dal\u0131 Ba\u015fkan\u0131&nbsp;Do\u00e7. Dr. O\u011fuzhan Zahmac\u0131o\u011flu, [&hellip;]<\/p>\n","protected":false},"author":5,"featured_media":1780,"comment_status":"open","ping_status":"open","sticky":false,"template":"","format":"standard","meta":{"_jetpack_memberships_contains_paid_content":false,"footnotes":""},"categories":[39],"tags":[],"class_list":["post-1779","post","type-post","status-publish","format-standard","has-post-thumbnail","hentry","category-saglik-haberleri"],"jetpack_featured_media_url":"https:\/\/odakhaber.site\/wp-content\/uploads\/2026\/03\/dunya-yalnizlik-salgini-ile-karsi-karsiya-2-19639039_amp.jpg.webp","jetpack_sharing_enabled":true,"_links":{"self":[{"href":"https:\/\/odakhaber.site\/index.php?rest_route=\/wp\/v2\/posts\/1779","targetHints":{"allow":["GET"]}}],"collection":[{"href":"https:\/\/odakhaber.site\/index.php?rest_route=\/wp\/v2\/posts"}],"about":[{"href":"https:\/\/odakhaber.site\/index.php?rest_route=\/wp\/v2\/types\/post"}],"author":[{"embeddable":true,"href":"https:\/\/odakhaber.site\/index.php?rest_route=\/wp\/v2\/users\/5"}],"replies":[{"embeddable":true,"href":"https:\/\/odakhaber.site\/index.php?rest_route=%2Fwp%2Fv2%2Fcomments&post=1779"}],"version-history":[{"count":1,"href":"https:\/\/odakhaber.site\/index.php?rest_route=\/wp\/v2\/posts\/1779\/revisions"}],"predecessor-version":[{"id":1781,"href":"https:\/\/odakhaber.site\/index.php?rest_route=\/wp\/v2\/posts\/1779\/revisions\/1781"}],"wp:featuredmedia":[{"embeddable":true,"href":"https:\/\/odakhaber.site\/index.php?rest_route=\/wp\/v2\/media\/1780"}],"wp:attachment":[{"href":"https:\/\/odakhaber.site\/index.php?rest_route=%2Fwp%2Fv2%2Fmedia&parent=1779"}],"wp:term":[{"taxonomy":"category","embeddable":true,"href":"https:\/\/odakhaber.site\/index.php?rest_route=%2Fwp%2Fv2%2Fcategories&post=1779"},{"taxonomy":"post_tag","embeddable":true,"href":"https:\/\/odakhaber.site\/index.php?rest_route=%2Fwp%2Fv2%2Ftags&post=1779"}],"curies":[{"name":"wp","href":"https:\/\/api.w.org\/{rel}","templated":true}]}}