{"id":1840,"date":"2026-03-10T16:57:25","date_gmt":"2026-03-10T16:57:25","guid":{"rendered":"https:\/\/odakhaber.site\/?p=1840"},"modified":"2026-03-10T16:57:25","modified_gmt":"2026-03-10T16:57:25","slug":"kolon-kanserinde-erken-teshis-tarama-testleri-hayat-kurtariyor","status":"publish","type":"post","link":"https:\/\/odakhaber.site\/?p=1840","title":{"rendered":"Kolon Kanserinde Erken Te\u015fhis: Tarama Testleri Hayat Kurtar\u0131yor"},"content":{"rendered":"\n<p><strong>10 Mart 2026<\/strong>&nbsp;\u2013 Sindirim sisteminin en yayg\u0131n g\u00f6r\u00fclen kanser t\u00fcrlerinden biri olan kolon kanseri, modern t\u0131bb\u0131n sundu\u011fu tarama y\u00f6ntemleri sayesinde &#8220;\u00f6nlenebilir&#8221; hastal\u0131klar kategorisinde yer al\u0131yor. Medical Park \u0130stanbul Onkoloji Hastanesi\u2019nden&nbsp;<strong>Medikal Onkoloji Uzman\u0131 Dr. Engin Erdemo\u011flu<\/strong>, kolon kanseriyle m\u00fccadelede en g\u00fc\u00e7l\u00fc silah\u0131n d\u00fczenli tarama testleri oldu\u011funu vurgulad\u0131.<\/p>\n\n\n\n<h3 class=\"wp-block-heading\">Polipler Kanser Habercisi Olabilir<\/h3>\n\n\n\n<p>Dr. Erdemo\u011flu, kolon kanserinin kal\u0131n ba\u011f\u0131rsak ve rektumda geli\u015fti\u011fini belirterek hastal\u0131\u011f\u0131n olu\u015fum s\u00fcrecine dikkat \u00e7ekti:<\/p>\n\n\n\n<blockquote class=\"wp-block-quote is-layout-flow wp-block-quote-is-layout-flow\">\n<p>&#8220;Bu kanserlerin b\u00fcy\u00fck b\u00f6l\u00fcm\u00fc ba\u015flang\u0131\u00e7ta&nbsp;<strong>polip<\/strong>&nbsp;ad\u0131 verilen iyi huylu olu\u015fumlardan geli\u015fir. Zaman i\u00e7inde baz\u0131 polipler kansere d\u00f6n\u00fc\u015febilir. Bu nedenle poliplerin hen\u00fcz kanserle\u015fmeden tespit edilip \u00e7\u0131kar\u0131lmas\u0131 hayati \u00f6nem ta\u015f\u0131r.&#8221;<\/p>\n<\/blockquote>\n\n\n\n<h3 class=\"wp-block-heading\">Risk Fakt\u00f6rleri: Ya\u015f ve Ya\u015fam Tarz\u0131na Dikkat!<\/h3>\n\n\n\n<p>Uzman Dr. Erdemo\u011flu, \u00f6zellikle&nbsp;<strong>50 ya\u015f sonras\u0131nda<\/strong>&nbsp;riskin belirgin \u015fekilde artt\u0131\u011f\u0131n\u0131 ifade etse de, son y\u0131llarda gen\u00e7 ya\u015f gruplar\u0131nda da vaka art\u0131\u015f\u0131 g\u00f6zlendi\u011fini belirtti. Risk fakt\u00f6rlerini \u015fu \u015fekilde s\u0131ralad\u0131:<\/p>\n\n\n\n<ul class=\"wp-block-list\">\n<li><strong>Genetik Fakt\u00f6rler:<\/strong>\u00a0Ailede kolon kanseri \u00f6yk\u00fcs\u00fc bulunmas\u0131 ve inflamatuvar ba\u011f\u0131rsak hastal\u0131klar\u0131.<\/li>\n\n\n\n<li><strong>Beslenme Hatalar\u0131:<\/strong>\u00a0Liften fakir diyet, k\u0131rm\u0131z\u0131 ve i\u015flenmi\u015f et t\u00fcketiminin fazlal\u0131\u011f\u0131.<\/li>\n\n\n\n<li><strong>Ya\u015fam Bi\u00e7imi:<\/strong>\u00a0Obezite, hareketsiz ya\u015fam, sigara, a\u015f\u0131r\u0131 alkol ve Tip 2 diyabet.<\/li>\n<\/ul>\n\n\n\n<h3 class=\"wp-block-heading\">Bu Belirtileri \u0130hmal Etmeyin<\/h3>\n\n\n\n<p>Kolon kanseri erken evrede sessiz ilerleyebilir. Dr. Erdemo\u011flu, a\u015fa\u011f\u0131daki belirtiler g\u00f6r\u00fcld\u00fc\u011f\u00fcnde vakit kaybetmeden bir uzmana ba\u015fvurulmas\u0131 gerekti\u011fini hat\u0131rlatt\u0131:<\/p>\n\n\n\n<p>Ba\u011f\u0131rsak al\u0131\u015fkanl\u0131klar\u0131nda de\u011fi\u015fiklik (ishal veya kab\u0131zl\u0131k).<\/p>\n\n\n\n<p>D\u0131\u015fk\u0131 \u00e7ap\u0131nda incelme ve\u00a0<strong>d\u0131\u015fk\u0131da kan g\u00f6r\u00fclmesi<\/strong>.<\/p>\n\n\n\n<p>A\u00e7\u0131klanamayan kilo kayb\u0131 ve halsizlik (kans\u0131zl\u0131\u011fa ba\u011fl\u0131).<\/p>\n\n\n\n<p>Kar\u0131n a\u011fr\u0131s\u0131 ve \u015fi\u015fkinlik hissi.<\/p>\n\n\n\n<ol start=\"1\" class=\"wp-block-list\"><\/ol>\n\n\n\n<blockquote class=\"wp-block-quote is-layout-flow wp-block-quote-is-layout-flow\">\n<p><strong>\u00d6nemli Uyar\u0131:<\/strong>&nbsp;&#8220;D\u0131\u015fk\u0131da kan her zaman ciddiye al\u0131nmal\u0131d\u0131r. &#8216;Nas\u0131l olsa hemoroittir&#8217; d\u00fc\u015f\u00fcncesiyle de\u011ferlendirme geciktirilmemelidir.&#8221;<\/p>\n<\/blockquote>\n\n\n\n<hr class=\"wp-block-separator has-alpha-channel-opacity\"\/>\n\n\n\n<h3 class=\"wp-block-heading\">Tarama Takvimi Nas\u0131l Olmal\u0131?<\/h3>\n\n\n\n<p>Ortalama risk grubundaki bireyler i\u00e7in tarama s\u00fcrecinin&nbsp;<strong>45-50 ya\u015f<\/strong>&nbsp;aras\u0131nda ba\u015flamas\u0131 gerekti\u011fini belirten Erdemo\u011flu, \u015fu takvimi \u00f6nerdi:<\/p>\n\n\n\n<figure class=\"wp-block-table\"><table class=\"has-fixed-layout\"><thead><tr><td>Test Y\u00f6ntemi<\/td><td>Uygulama S\u0131kl\u0131\u011f\u0131<\/td><\/tr><\/thead><tbody><tr><td><strong>Gaitada Gizli Kan Testi<\/strong><\/td><td>Y\u0131lda 1 kez<\/td><\/tr><tr><td><strong>Sigmoidoskopi<\/strong><\/td><td>3-5 y\u0131lda bir<\/td><\/tr><tr><td><strong>Kolonoskopi<\/strong><\/td><td>5-10 y\u0131lda bir<\/td><\/tr><\/tbody><\/table><\/figure>\n\n\n\n<h3 class=\"wp-block-heading\"> Erken Tan\u0131 Hayat Kurtar\u0131r<\/h3>\n\n\n\n<p>Sa\u011fl\u0131kl\u0131 ya\u015fam al\u0131\u015fkanl\u0131klar\u0131n\u0131n (lifli beslenme, egzersiz, sigaras\u0131z ya\u015fam) riski azaltt\u0131\u011f\u0131n\u0131 belirten Dr. Engin Erdemo\u011flu, &#8220;Kolon kanseri b\u00fcy\u00fck \u00f6l\u00e7\u00fcde \u00f6nlenebilir bir hastal\u0131kt\u0131r. Tarama programlar\u0131na kat\u0131l\u0131m, bu m\u00fccadeledeki en b\u00fcy\u00fck sorumlulu\u011fumuzdur,&#8221; diyerek s\u00f6zlerini noktalad\u0131.<\/p>\n\n\n\n<p><a href=\"https:\/\/www.sondakika.com\/saglik\/haber-kolon-kanserinde-erken-tarama-hayat-kurtariyor-19642153\">https:\/\/www.sondakika.com\/saglik\/haber-kolon-kanserinde-erken-tarama-hayat-kurtariyor-19642153<\/a><\/p>\n","protected":false},"excerpt":{"rendered":"<p>10 Mart 2026&nbsp;\u2013 Sindirim sisteminin en yayg\u0131n g\u00f6r\u00fclen kanser t\u00fcrlerinden biri olan kolon kanseri, modern t\u0131bb\u0131n sundu\u011fu tarama y\u00f6ntemleri sayesinde &#8220;\u00f6nlenebilir&#8221; hastal\u0131klar kategorisinde yer al\u0131yor. Medical Park \u0130stanbul Onkoloji Hastanesi\u2019nden&nbsp;Medikal Onkoloji Uzman\u0131 Dr. Engin Erdemo\u011flu, kolon kanseriyle m\u00fccadelede en g\u00fc\u00e7l\u00fc silah\u0131n d\u00fczenli tarama testleri oldu\u011funu vurgulad\u0131. Polipler Kanser Habercisi Olabilir Dr. Erdemo\u011flu, kolon kanserinin kal\u0131n [&hellip;]<\/p>\n","protected":false},"author":5,"featured_media":1841,"comment_status":"open","ping_status":"open","sticky":false,"template":"","format":"standard","meta":{"_jetpack_memberships_contains_paid_content":false,"footnotes":""},"categories":[39],"tags":[],"class_list":["post-1840","post","type-post","status-publish","format-standard","has-post-thumbnail","hentry","category-saglik-haberleri"],"jetpack_featured_media_url":"https:\/\/odakhaber.site\/wp-content\/uploads\/2026\/03\/kolon-kanserinden-korunmak-icin-5-10-yilda-bi-2-19642120_amp.jpg.webp","jetpack_sharing_enabled":true,"_links":{"self":[{"href":"https:\/\/odakhaber.site\/index.php?rest_route=\/wp\/v2\/posts\/1840","targetHints":{"allow":["GET"]}}],"collection":[{"href":"https:\/\/odakhaber.site\/index.php?rest_route=\/wp\/v2\/posts"}],"about":[{"href":"https:\/\/odakhaber.site\/index.php?rest_route=\/wp\/v2\/types\/post"}],"author":[{"embeddable":true,"href":"https:\/\/odakhaber.site\/index.php?rest_route=\/wp\/v2\/users\/5"}],"replies":[{"embeddable":true,"href":"https:\/\/odakhaber.site\/index.php?rest_route=%2Fwp%2Fv2%2Fcomments&post=1840"}],"version-history":[{"count":1,"href":"https:\/\/odakhaber.site\/index.php?rest_route=\/wp\/v2\/posts\/1840\/revisions"}],"predecessor-version":[{"id":1842,"href":"https:\/\/odakhaber.site\/index.php?rest_route=\/wp\/v2\/posts\/1840\/revisions\/1842"}],"wp:featuredmedia":[{"embeddable":true,"href":"https:\/\/odakhaber.site\/index.php?rest_route=\/wp\/v2\/media\/1841"}],"wp:attachment":[{"href":"https:\/\/odakhaber.site\/index.php?rest_route=%2Fwp%2Fv2%2Fmedia&parent=1840"}],"wp:term":[{"taxonomy":"category","embeddable":true,"href":"https:\/\/odakhaber.site\/index.php?rest_route=%2Fwp%2Fv2%2Fcategories&post=1840"},{"taxonomy":"post_tag","embeddable":true,"href":"https:\/\/odakhaber.site\/index.php?rest_route=%2Fwp%2Fv2%2Ftags&post=1840"}],"curies":[{"name":"wp","href":"https:\/\/api.w.org\/{rel}","templated":true}]}}