{"id":1843,"date":"2026-03-10T17:02:46","date_gmt":"2026-03-10T17:02:46","guid":{"rendered":"https:\/\/odakhaber.site\/?p=1843"},"modified":"2026-03-10T17:02:46","modified_gmt":"2026-03-10T17:02:46","slug":"ankarada-tip-literaturune-gececek-operasyon-gogus-boslugundaki-riskli-tumor-5-saatte-alindi","status":"publish","type":"post","link":"https:\/\/odakhaber.site\/?p=1843","title":{"rendered":"Ankara\u2019da T\u0131p Literat\u00fcr\u00fcne Ge\u00e7ecek Operasyon: G\u00f6\u011f\u00fcs Bo\u015flu\u011fundaki Riskli T\u00fcm\u00f6r 5 Saatte Al\u0131nd\u0131"},"content":{"rendered":"\n<p><strong>10 Mart 2026<\/strong> \u2013 V\u00fccudun kalsiyum dengesini sa\u011flayan paratiroid bezinin, nadir g\u00f6r\u00fclen bir \u015fekilde g\u00f6\u011f\u00fcs bo\u015flu\u011funda konumlanmas\u0131 ve \u00fczerinde t\u00fcm\u00f6r olu\u015fmas\u0131, t\u0131p d\u00fcnyas\u0131nda az rastlanan bir vakaya sahne oldu. Ankara Bilkent \u015eehir Hastanesi\u2019nde ger\u00e7ekle\u015ftirilen 5 saatlik kritik operasyonla, 51 ya\u015f\u0131ndaki Cihan Demet sa\u011fl\u0131\u011f\u0131na kavu\u015ftu.<\/p>\n\n\n\n<h3 class=\"wp-block-heading\">Belirtiler Depresyonla Kar\u0131\u015ft\u0131r\u0131l\u0131yor<\/h3>\n\n\n\n<p>G\u00fczellik uzman\u0131 olan Cihan Demet, iki y\u0131l boyunca ge\u00e7meyen \u00e7arp\u0131nt\u0131, huzursuzluk, y\u00fcksek tansiyon ve s\u00fcrekli tekrarlayan b\u00f6brek ta\u015f\u0131 \u015fikayetleriyle m\u00fccadele etti. Hastal\u0131\u011f\u0131n sosyal ya\u015fam\u0131n\u0131 alt\u00fcst etti\u011fini belirten Demet, ya\u015fad\u0131\u011f\u0131 s\u00fcreci \u015fu s\u00f6zlerle anlatt\u0131:<\/p>\n\n\n\n<blockquote class=\"wp-block-quote is-layout-flow wp-block-quote-is-layout-flow\">\n<p>&#8220;S\u00fcrekli b\u00f6brek ta\u015f\u0131 olu\u015fuyordu; k\u0131rd\u0131r\u0131yorduk, tekrar olu\u015fuyordu. Kontrol alt\u0131na al\u0131namayan bir y\u00fcksek tansiyonum vard\u0131. Bu hastal\u0131k insan\u0131 agresif ve sinirli yap\u0131yor, sosyalle\u015fmek istemiyorsunuz. Genelde belirtiler depresyonla kar\u0131\u015ft\u0131r\u0131l\u0131yor.&#8221;<\/p>\n<\/blockquote>\n\n\n\n<h3 class=\"wp-block-heading\">&#8220;Ameliyat Edilemez&#8221; Denilen B\u00f6lgeden \u00c7\u0131kar\u0131ld\u0131<\/h3>\n\n\n\n<p>Yap\u0131lan tetkiklerde, normalde boyunda olmas\u0131 gereken paratiroid bezlerinden birinin g\u00f6\u011f\u00fcs kafesi i\u00e7inde, b\u00fcy\u00fck damarlar\u0131n aras\u0131nda yer ald\u0131\u011f\u0131 ve \u00fczerinde bir adenom (t\u00fcm\u00f6r) bulundu\u011fu saptand\u0131. Bir\u00e7ok merkezde &#8220;y\u00fcksek riskli&#8221; ve &#8220;ameliyat edilemez&#8221; bulunan vaka i\u00e7in Ankara Bilkent \u015eehir Hastanesi Genel Cerrahi ve G\u00f6\u011f\u00fcs Cerrahisi ekipleri ortak bir planlama yapt\u0131.<\/p>\n\n\n\n<h3 class=\"wp-block-heading\">15 Dakikal\u0131k \u0130\u015flem 5 Saat S\u00fcrd\u00fc<\/h3>\n\n\n\n<p>Operasyonu ger\u00e7ekle\u015ftiren Meme Endokrin Hastal\u0131klar\u0131 B\u00f6l\u00fcm\u00fc&#8217;nden <strong>Prof. Dr. Tanju T\u00fct\u00fcnc\u00fc<\/strong>, paratiroid bezlerinin konumuyla ilgili \u015fu teknik bilgileri payla\u015ft\u0131:<\/p>\n\n\n\n<ul class=\"wp-block-list\">\n<li><strong>Normal Konum:<\/strong> Paratiroid bezleri %95 olas\u0131l\u0131kla boyun b\u00f6lgesindedir.<\/li>\n\n\n\n<li><strong>\u0130stisnai Durum:<\/strong> %2 ila %5 oran\u0131nda g\u00f6\u011f\u00fcs i\u00e7i veya kalbin alt\u0131na kadar inebilirler.<\/li>\n\n\n\n<li><strong>Operasyon Zorlu\u011fu:<\/strong> &#8220;Tipik bir konumda olsayd\u0131 15 dakikada bitebilecek bir ameliyatt\u0131. Ancak ana damarlar aras\u0131ndaki riskli konumu ve \u00e7ok ince bir diseksiyon (dokular\u0131n ayr\u0131lmas\u0131) gereklili\u011fi nedeniyle operasyon 5 saat s\u00fcrd\u00fc.&#8221;<\/li>\n<\/ul>\n\n\n\n<h3 class=\"wp-block-heading\">Multidisipliner Ba\u015far\u0131<\/h3>\n\n\n\n<p>G\u00f6\u011f\u00fcs Cerrahisi Klini\u011fi&#8217;nden <strong>Prof. Dr. Y\u00fccel Akka\u015f<\/strong> ise t\u00fcm\u00f6r\u00fcn ula\u015f\u0131lamaz denilen bir noktadan ba\u015far\u0131yla \u00e7\u0131kar\u0131ld\u0131\u011f\u0131n\u0131 vurgulad\u0131:<\/p>\n\n\n\n<blockquote class=\"wp-block-quote is-layout-flow wp-block-quote-is-layout-flow\">\n<p>&#8220;Kesilerle bile ula\u015fman\u0131n \u00e7ok zor oldu\u011fu bir b\u00f6lgeden bu lezyonu \u00e7\u0131kard\u0131k. \u00c7ok k\u00fc\u00e7\u00fck lezyonlar ama insan hayat\u0131n\u0131 %100 etkiliyorlar. \u00c7\u0131kard\u0131ktan sonra hastan\u0131n hayat\u0131 tamamen de\u011fi\u015fiyor.&#8221;<\/p>\n<\/blockquote>\n\n\n\n<h3 class=\"wp-block-heading\">Hayat Kalitesi Normale D\u00f6nd\u00fc<\/h3>\n\n\n\n<p>Ameliyat sonras\u0131 yo\u011fun bak\u0131m s\u00fcrecine bile gerek kalmadan h\u0131zla toparlanan Cihan Demet, \u015fikayetlerinin geriledi\u011fini ve g\u00fcnl\u00fck hayat\u0131na d\u00f6nd\u00fc\u011f\u00fcn\u00fc belirtti. Uzmanlar, bu t\u00fcr vakalar\u0131n erken te\u015fhisinin ve uzman kadrolar taraf\u0131ndan y\u00f6netilmesinin hayati \u00f6nem ta\u015f\u0131d\u0131\u011f\u0131n\u0131 hat\u0131rlatt\u0131.<\/p>\n\n\n\n<p><a href=\"https:\/\/www.sondakika.com\/saglik\/haber-riskli-tumor-basariyla-alindi-19642819\">https:\/\/www.sondakika.com\/saglik\/haber-riskli-tumor-basariyla-alindi-19642819<\/a><\/p>\n\n\n\n<p><\/p>\n","protected":false},"excerpt":{"rendered":"<p>10 Mart 2026 \u2013 V\u00fccudun kalsiyum dengesini sa\u011flayan paratiroid bezinin, nadir g\u00f6r\u00fclen bir \u015fekilde g\u00f6\u011f\u00fcs bo\u015flu\u011funda konumlanmas\u0131 ve \u00fczerinde t\u00fcm\u00f6r olu\u015fmas\u0131, t\u0131p d\u00fcnyas\u0131nda az rastlanan bir vakaya sahne oldu. Ankara Bilkent \u015eehir Hastanesi\u2019nde ger\u00e7ekle\u015ftirilen 5 saatlik kritik operasyonla, 51 ya\u015f\u0131ndaki Cihan Demet sa\u011fl\u0131\u011f\u0131na kavu\u015ftu. Belirtiler Depresyonla Kar\u0131\u015ft\u0131r\u0131l\u0131yor G\u00fczellik uzman\u0131 olan Cihan Demet, iki y\u0131l boyunca [&hellip;]<\/p>\n","protected":false},"author":5,"featured_media":1845,"comment_status":"open","ping_status":"open","sticky":false,"template":"","format":"standard","meta":{"_jetpack_memberships_contains_paid_content":false,"footnotes":""},"categories":[39],"tags":[],"class_list":["post-1843","post","type-post","status-publish","format-standard","has-post-thumbnail","hentry","category-saglik-haberleri"],"jetpack_featured_media_url":"https:\/\/odakhaber.site\/wp-content\/uploads\/2026\/03\/gogus-boslugundaki-tumor-5-saatlik-operasyonl-5-19642767_amp.jpg.webp","jetpack_sharing_enabled":true,"_links":{"self":[{"href":"https:\/\/odakhaber.site\/index.php?rest_route=\/wp\/v2\/posts\/1843","targetHints":{"allow":["GET"]}}],"collection":[{"href":"https:\/\/odakhaber.site\/index.php?rest_route=\/wp\/v2\/posts"}],"about":[{"href":"https:\/\/odakhaber.site\/index.php?rest_route=\/wp\/v2\/types\/post"}],"author":[{"embeddable":true,"href":"https:\/\/odakhaber.site\/index.php?rest_route=\/wp\/v2\/users\/5"}],"replies":[{"embeddable":true,"href":"https:\/\/odakhaber.site\/index.php?rest_route=%2Fwp%2Fv2%2Fcomments&post=1843"}],"version-history":[{"count":1,"href":"https:\/\/odakhaber.site\/index.php?rest_route=\/wp\/v2\/posts\/1843\/revisions"}],"predecessor-version":[{"id":1846,"href":"https:\/\/odakhaber.site\/index.php?rest_route=\/wp\/v2\/posts\/1843\/revisions\/1846"}],"wp:featuredmedia":[{"embeddable":true,"href":"https:\/\/odakhaber.site\/index.php?rest_route=\/wp\/v2\/media\/1845"}],"wp:attachment":[{"href":"https:\/\/odakhaber.site\/index.php?rest_route=%2Fwp%2Fv2%2Fmedia&parent=1843"}],"wp:term":[{"taxonomy":"category","embeddable":true,"href":"https:\/\/odakhaber.site\/index.php?rest_route=%2Fwp%2Fv2%2Fcategories&post=1843"},{"taxonomy":"post_tag","embeddable":true,"href":"https:\/\/odakhaber.site\/index.php?rest_route=%2Fwp%2Fv2%2Ftags&post=1843"}],"curies":[{"name":"wp","href":"https:\/\/api.w.org\/{rel}","templated":true}]}}