{"id":1853,"date":"2026-03-10T17:18:46","date_gmt":"2026-03-10T17:18:46","guid":{"rendered":"https:\/\/odakhaber.site\/?p=1853"},"modified":"2026-03-10T17:18:46","modified_gmt":"2026-03-10T17:18:46","slug":"bangladeste-enerji-seferberligi-universite-tatili-10-gun-erkene-cekildi","status":"publish","type":"post","link":"https:\/\/odakhaber.site\/?p=1853","title":{"rendered":"Banglade\u015f&#8217;te Enerji Seferberli\u011fi: \u00dcniversite Tatili 10 G\u00fcn Erkene \u00c7ekildi"},"content":{"rendered":"\n<p><strong>10 Mart 2026<\/strong>&nbsp;\u2013 K\u00fcresel enerji krizine kar\u015f\u0131 radikal \u00f6nlemler alan Banglade\u015f h\u00fck\u00fcmeti, \u00fcniversitelerde Ramazan Bayram\u0131 tatilini 10 g\u00fcn \u00f6nce ba\u015flatma karar\u0131 ald\u0131. Artan elektrik ve yak\u0131t maliyetlerini d\u00fc\u015f\u00fcrmeyi hedefleyen karar kapsam\u0131nda, \u00fclke genelindeki t\u00fcm devlet ve \u00f6zel \u00fcniversitelerde tatil&nbsp;<strong>9 Mart<\/strong>&nbsp;itibar\u0131yla resmen ba\u015flad\u0131.<\/p>\n\n\n\n<h3 class=\"wp-block-heading\">Tatil Plan\u0131 \u00d6ne \u00c7ekildi<\/h3>\n\n\n\n<p>Normal \u015fartlarda 20\u201322 Mart tarihlerinde kutlanacak olan Ramazan Bayram\u0131 \u00f6ncesinde al\u0131nan bu karar, e\u011fitim kurumlar\u0131ndaki t\u00fcketimi minimize etmeyi ama\u00e7l\u0131yor. Daily Star gazetesinin haberine g\u00f6re; Dakka y\u00f6netimi, k\u00fcresel piyasalardaki belirsizliklere kar\u015f\u0131 e\u011fitim kurumlar\u0131n\u0131 erken tatile sokarak enerji tasarrufu sa\u011flamay\u0131 planl\u0131yor.<\/p>\n\n\n\n<h3 class=\"wp-block-heading\">\u00dcniversiteler \u0130\u00e7in Tasarruf Talimatnamesi<\/h3>\n\n\n\n<p>H\u00fck\u00fcmet, tatil karar\u0131yla birlikte \u00fcniversite y\u00f6netimlerine \u015fu tasarruf tedbirlerini iletti:<\/p>\n\n\n\n<ul class=\"wp-block-list\">\n<li><strong>Do\u011fal I\u015f\u0131k Kullan\u0131m\u0131:<\/strong>\u00a0Kap\u0131 ve pencerelerin a\u00e7\u0131k tutularak g\u00fcne\u015f \u0131\u015f\u0131\u011f\u0131ndan maksimum d\u00fczeyde yararlan\u0131lmas\u0131.<\/li>\n\n\n\n<li><strong>Cihaz Kontrol\u00fc:<\/strong>\u00a0Gereksiz t\u00fcm \u0131\u015f\u0131kland\u0131rma ve elektrikli cihazlar\u0131n tamamen kapat\u0131lmas\u0131.<\/li>\n\n\n\n<li><strong>Lojistik S\u0131n\u0131rlama:<\/strong>\u00a0Kurum b\u00fcnyesindeki ara\u00e7 kullan\u0131m\u0131n\u0131n m\u00fcmk\u00fcn oldu\u011funca k\u0131s\u0131tlanmas\u0131.<\/li>\n<\/ul>\n\n\n\n<hr class=\"wp-block-separator has-alpha-channel-opacity\"\/>\n\n\n\n<h3 class=\"wp-block-heading\">Krizin Kayna\u011f\u0131: Orta Do\u011fu\u2019daki \u00c7at\u0131\u015fmalar ve H\u00fcrm\u00fcz Bo\u011faz\u0131<\/h3>\n\n\n\n<p>Banglade\u015f\u2019in bu karar\u0131n\u0131n arkas\u0131nda, Orta Do\u011fu\u2019da t\u0131rmanan askeri gerilim yat\u0131yor. 28 \u015eubat\u2019ta ba\u015flayan ve 10\u2019uncu g\u00fcn\u00fcne giren \u00e7at\u0131\u015fmalar, k\u00fcresel enerji arz g\u00fcvenli\u011fini do\u011frudan tehdit ediyor:<\/p>\n\n\n\n<ol start=\"1\" class=\"wp-block-list\">\n<li><strong>H\u00fcrm\u00fcz Bo\u011faz\u0131 Kapat\u0131ld\u0131:<\/strong>\u00a0\u0130ran, petrol ve s\u0131v\u0131la\u015ft\u0131r\u0131lm\u0131\u015f do\u011fal gaz (LNG) ta\u015f\u0131mac\u0131l\u0131\u011f\u0131 i\u00e7in kritik \u00f6neme sahip H\u00fcrm\u00fcz Bo\u011faz\u0131\u2019nda deniz trafi\u011fini durdurdu.<\/li>\n\n\n\n<li><strong>Arz Endi\u015fesi:<\/strong>\u00a0Bo\u011faz\u0131n kapanmas\u0131 k\u00fcresel enerji arz\u0131nda aksamalara yol a\u00e7arken, petrol fiyatlar\u0131nda sert y\u00fckseli\u015fleri tetikledi.<\/li>\n\n\n\n<li><strong>\u0130thalat Ba\u011f\u0131ml\u0131l\u0131\u011f\u0131:<\/strong>\u00a0Enerji ithalat\u0131na ba\u011f\u0131ml\u0131 olan Banglade\u015f gibi \u00fclkeler, bu geli\u015fmelere kar\u015f\u0131 yurt i\u00e7inde tasarruf \u00f6nlemlerini devreye sokmak zorunda kald\u0131.<\/li>\n<\/ol>\n\n\n\n<p>Banglade\u015f h\u00fck\u00fcmetinin bu ad\u0131m\u0131, jeopolitik krizlerin yerel ekonomiler ve e\u011fitim hayat\u0131 \u00fczerindeki do\u011frudan etkisini bir kez daha g\u00f6zler \u00f6n\u00fcne serdi. Enerji piyasalar\u0131ndaki belirsizlik s\u00fcrd\u00fck\u00e7e benzer \u00f6nlemlerin di\u011fer sekt\u00f6rlere de yay\u0131l\u0131p yay\u0131lmayaca\u011f\u0131 merak konusu.<\/p>\n\n\n\n<p><a href=\"https:\/\/www.sondakika.com\/dunya\/haber-banglades-te-universitelerde-bayram-tatili-10-gun-19641919\">https:\/\/www.sondakika.com\/dunya\/haber-banglades-te-universitelerde-bayram-tatili-10-gun-19641919<\/a><\/p>\n\n\n\n<p><\/p>\n","protected":false},"excerpt":{"rendered":"<p>10 Mart 2026&nbsp;\u2013 K\u00fcresel enerji krizine kar\u015f\u0131 radikal \u00f6nlemler alan Banglade\u015f h\u00fck\u00fcmeti, \u00fcniversitelerde Ramazan Bayram\u0131 tatilini 10 g\u00fcn \u00f6nce ba\u015flatma karar\u0131 ald\u0131. Artan elektrik ve yak\u0131t maliyetlerini d\u00fc\u015f\u00fcrmeyi hedefleyen karar kapsam\u0131nda, \u00fclke genelindeki t\u00fcm devlet ve \u00f6zel \u00fcniversitelerde tatil&nbsp;9 Mart&nbsp;itibar\u0131yla resmen ba\u015flad\u0131. Tatil Plan\u0131 \u00d6ne \u00c7ekildi Normal \u015fartlarda 20\u201322 Mart tarihlerinde kutlanacak olan Ramazan Bayram\u0131 [&hellip;]<\/p>\n","protected":false},"author":5,"featured_media":1854,"comment_status":"open","ping_status":"open","sticky":false,"template":"","format":"standard","meta":{"_jetpack_memberships_contains_paid_content":false,"footnotes":""},"categories":[37],"tags":[],"class_list":["post-1853","post","type-post","status-publish","format-standard","has-post-thumbnail","hentry","category-dunya-haberleri"],"jetpack_featured_media_url":"https:\/\/odakhaber.site\/wp-content\/uploads\/2026\/03\/banglades-te-universitelerde-bayram-tatili-10-gun-19641918_3025_amp.jpg.webp","jetpack_sharing_enabled":true,"_links":{"self":[{"href":"https:\/\/odakhaber.site\/index.php?rest_route=\/wp\/v2\/posts\/1853","targetHints":{"allow":["GET"]}}],"collection":[{"href":"https:\/\/odakhaber.site\/index.php?rest_route=\/wp\/v2\/posts"}],"about":[{"href":"https:\/\/odakhaber.site\/index.php?rest_route=\/wp\/v2\/types\/post"}],"author":[{"embeddable":true,"href":"https:\/\/odakhaber.site\/index.php?rest_route=\/wp\/v2\/users\/5"}],"replies":[{"embeddable":true,"href":"https:\/\/odakhaber.site\/index.php?rest_route=%2Fwp%2Fv2%2Fcomments&post=1853"}],"version-history":[{"count":1,"href":"https:\/\/odakhaber.site\/index.php?rest_route=\/wp\/v2\/posts\/1853\/revisions"}],"predecessor-version":[{"id":1855,"href":"https:\/\/odakhaber.site\/index.php?rest_route=\/wp\/v2\/posts\/1853\/revisions\/1855"}],"wp:featuredmedia":[{"embeddable":true,"href":"https:\/\/odakhaber.site\/index.php?rest_route=\/wp\/v2\/media\/1854"}],"wp:attachment":[{"href":"https:\/\/odakhaber.site\/index.php?rest_route=%2Fwp%2Fv2%2Fmedia&parent=1853"}],"wp:term":[{"taxonomy":"category","embeddable":true,"href":"https:\/\/odakhaber.site\/index.php?rest_route=%2Fwp%2Fv2%2Fcategories&post=1853"},{"taxonomy":"post_tag","embeddable":true,"href":"https:\/\/odakhaber.site\/index.php?rest_route=%2Fwp%2Fv2%2Ftags&post=1853"}],"curies":[{"name":"wp","href":"https:\/\/api.w.org\/{rel}","templated":true}]}}