{"id":1856,"date":"2026-03-10T17:25:43","date_gmt":"2026-03-10T17:25:43","guid":{"rendered":"https:\/\/odakhaber.site\/?p=1856"},"modified":"2026-03-10T17:25:43","modified_gmt":"2026-03-10T17:25:43","slug":"biyoteknolojide-yeni-donem-ugur-sahin-ve-ozlem-tureci-biontechten-ayriliyor","status":"publish","type":"post","link":"https:\/\/odakhaber.site\/?p=1856","title":{"rendered":"Biyoteknolojide Yeni D\u00f6nem: U\u011fur \u015eahin ve \u00d6zlem T\u00fcreci BioNTech\u2019ten Ayr\u0131l\u0131yor"},"content":{"rendered":"\n<p><strong>10 Mart 2026<\/strong>&nbsp;\u2013 D\u00fcnyan\u0131n ilk tescilli Covid-19 a\u015f\u0131s\u0131n\u0131 geli\u015ftirerek k\u00fcresel \u00e7apta ba\u015far\u0131 kazanan Dr. U\u011fur \u015eahin ve Dr. \u00d6zlem T\u00fcreci, BioNTech y\u00f6netiminden ayr\u0131lacaklar\u0131n\u0131 duyurdu. Almanya merkezli biyoteknoloji devinden ayr\u0131lan \u00e7ift, rotalar\u0131n\u0131 tamamen yeni nesil teknolojilere odaklanacak yeni bir giri\u015fime \u00e7evirdi.<\/p>\n\n\n\n<h3 class=\"wp-block-heading\">Odak Noktas\u0131: Yeni Nesil mRNA \u0130novasyonlar\u0131<\/h3>\n\n\n\n<p>\u0130kilinin kuraca\u011f\u0131 yeni \u015firket, mRNA teknolojisinde s\u0131n\u0131rlar\u0131 zorlayacak ara\u015ft\u0131rma ve geli\u015ftirme faaliyetlerine odaklanacak. Bu stratejik ayr\u0131l\u0131k kapsam\u0131nda BioNTech ile yeni giri\u015fim aras\u0131nda bir teknoloji k\u00f6pr\u00fcs\u00fc kurulacak:<\/p>\n\n\n\n<ul class=\"wp-block-list\">\n<li><strong>Teknoloji Transferi:<\/strong>\u00a0BioNTech, yeni \u015firkete belirli haklar ve mRNA teknolojileriyle katk\u0131 sa\u011flayacak.<\/li>\n\n\n\n<li><strong>Ortakl\u0131k Yap\u0131s\u0131:<\/strong>\u00a0BioNTech, bu katk\u0131lar\u0131 kar\u015f\u0131l\u0131\u011f\u0131nda yeni kurulacak \u015firketten az\u0131nl\u0131k hissesi ve lisans \u00fccretleri alacak.<\/li>\n<\/ul>\n\n\n\n<figure class=\"wp-block-image size-large is-resized\"><img loading=\"lazy\" decoding=\"async\" width=\"1024\" height=\"682\" src=\"https:\/\/odakhaber.site\/wp-content\/uploads\/2026\/03\/338140.jpg-1024x682.webp\" alt=\"\" class=\"wp-image-1858\" style=\"width:551px;height:auto\" srcset=\"https:\/\/odakhaber.site\/wp-content\/uploads\/2026\/03\/338140.jpg-1024x682.webp 1024w, https:\/\/odakhaber.site\/wp-content\/uploads\/2026\/03\/338140.jpg-300x200.webp 300w, https:\/\/odakhaber.site\/wp-content\/uploads\/2026\/03\/338140.jpg-768x512.webp 768w, https:\/\/odakhaber.site\/wp-content\/uploads\/2026\/03\/338140.jpg.webp 1280w\" sizes=\"auto, (max-width: 1024px) 100vw, 1024px\" \/><\/figure>\n\n\n\n<h3 class=\"wp-block-heading\">Piyasalar Karar\u0131 Sert Kar\u015f\u0131lad\u0131<\/h3>\n\n\n\n<p>Ayr\u0131l\u0131k haberinin ard\u0131ndan BioNTech hisseleri Frankfurt Borsas\u0131\u2019nda yakla\u015f\u0131k&nbsp;<strong>y\u00fczde 18<\/strong>&nbsp;oran\u0131nda de\u011fer kaybetti. BioNTech Denetleme Kurulu, \u015firketin gelecekteki y\u00f6netimini devralacak halefleri belirlemek \u00fczere \u00e7al\u0131\u015fmalar\u0131 ba\u015flatt\u0131\u011f\u0131n\u0131 bildirdi.<\/p>\n\n\n\n<hr class=\"wp-block-separator has-alpha-channel-opacity\"\/>\n\n\n\n<h3 class=\"wp-block-heading\">Finansal Tablo: 2025 Y\u0131l\u0131nda Milyar Avroluk Zarar<\/h3>\n\n\n\n<p>BioNTech, 2025 mali y\u0131l\u0131n\u0131 y\u00fcksek ara\u015ft\u0131rma ve geli\u015ftirme (AR-GE) harcamalar\u0131 nedeniyle ciddi bir a\u00e7\u0131kla kapatt\u0131. \u015eirketin mali verileri \u015fu \u015fekilde kaydedildi:<\/p>\n\n\n\n<ul class=\"wp-block-list\">\n<li><strong>2025 Net Zarar:<\/strong>\u00a01,12 milyar avro.<\/li>\n\n\n\n<li><strong>2024 Net Zarar:<\/strong>\u00a0665,3 milyon avro.<\/li>\n\n\n\n<li><strong>2025 Toplam Gelir:<\/strong>\u00a02,87 milyar avro (\u00d6nceki y\u0131la g\u00f6re hafif bir art\u0131\u015f).<\/li>\n\n\n\n<li><strong>2026 Beklentisi:<\/strong>\u00a0A\u015f\u0131 talebindeki d\u00fc\u015f\u00fc\u015fle birlikte gelirlerin\u00a0<strong>2\u20132,3 milyar avro<\/strong>\u00a0band\u0131na gerilemesi \u00f6ng\u00f6r\u00fcl\u00fcyor.<\/li>\n<\/ul>\n\n\n\n<figure class=\"wp-block-image size-large is-resized\"><img loading=\"lazy\" decoding=\"async\" width=\"1024\" height=\"682\" src=\"https:\/\/odakhaber.site\/wp-content\/uploads\/2026\/03\/338139.jpg-1024x682.webp\" alt=\"\" class=\"wp-image-1857\" style=\"width:616px;height:auto\" srcset=\"https:\/\/odakhaber.site\/wp-content\/uploads\/2026\/03\/338139.jpg-1024x682.webp 1024w, https:\/\/odakhaber.site\/wp-content\/uploads\/2026\/03\/338139.jpg-300x200.webp 300w, https:\/\/odakhaber.site\/wp-content\/uploads\/2026\/03\/338139.jpg-768x512.webp 768w, https:\/\/odakhaber.site\/wp-content\/uploads\/2026\/03\/338139.jpg.webp 1280w\" sizes=\"auto, (max-width: 1024px) 100vw, 1024px\" \/><\/figure>\n\n\n\n<h3 class=\"wp-block-heading\">BioNTech\u2019in Gelece\u011fi: 2030 Hedefi Onkoloji<\/h3>\n\n\n\n<p>2020 y\u0131l\u0131nda Pfizer ile i\u015f birli\u011fi yaparak milyarlarca avro kazanan BioNTech, mRNA platformunu kanser tedavisine entegre etmeye kararl\u0131. \u015eirket, kurucu liderlerinin ayr\u0131l\u0131\u011f\u0131na ra\u011fmen&nbsp;<strong>2030 y\u0131l\u0131na kadar<\/strong>&nbsp;onkoloji (kanser) alan\u0131ndaki bir\u00e7ok ila\u00e7 aday\u0131 i\u00e7in ruhsat ba\u015fvurusu yapmay\u0131 planl\u0131yor.<\/p>\n\n\n\n<p><a href=\"https:\/\/www.evrensel.net\/haber\/5974522\/ugur-sahin-ve-ozlem-tureci-biontechi-birakiyor-yeni-mrna-sirketi-kuruyorlar\">https:\/\/www.evrensel.net\/haber\/5974522\/ugur-sahin-ve-ozlem-tureci-biontechi-birakiyor-yeni-mrna-sirketi-kuruyorlar<\/a><\/p>\n\n\n\n<p><\/p>\n","protected":false},"excerpt":{"rendered":"<p>10 Mart 2026&nbsp;\u2013 D\u00fcnyan\u0131n ilk tescilli Covid-19 a\u015f\u0131s\u0131n\u0131 geli\u015ftirerek k\u00fcresel \u00e7apta ba\u015far\u0131 kazanan Dr. U\u011fur \u015eahin ve Dr. \u00d6zlem T\u00fcreci, BioNTech y\u00f6netiminden ayr\u0131lacaklar\u0131n\u0131 duyurdu. Almanya merkezli biyoteknoloji devinden ayr\u0131lan \u00e7ift, rotalar\u0131n\u0131 tamamen yeni nesil teknolojilere odaklanacak yeni bir giri\u015fime \u00e7evirdi. Odak Noktas\u0131: Yeni Nesil mRNA \u0130novasyonlar\u0131 \u0130kilinin kuraca\u011f\u0131 yeni \u015firket, mRNA teknolojisinde s\u0131n\u0131rlar\u0131 zorlayacak ara\u015ft\u0131rma [&hellip;]<\/p>\n","protected":false},"author":5,"featured_media":1859,"comment_status":"open","ping_status":"open","sticky":false,"template":"","format":"standard","meta":{"_jetpack_memberships_contains_paid_content":false,"footnotes":""},"categories":[37],"tags":[],"class_list":["post-1856","post","type-post","status-publish","format-standard","has-post-thumbnail","hentry","category-dunya-haberleri"],"jetpack_featured_media_url":"https:\/\/odakhaber.site\/wp-content\/uploads\/2026\/03\/338141.jpg.webp","jetpack_sharing_enabled":true,"_links":{"self":[{"href":"https:\/\/odakhaber.site\/index.php?rest_route=\/wp\/v2\/posts\/1856","targetHints":{"allow":["GET"]}}],"collection":[{"href":"https:\/\/odakhaber.site\/index.php?rest_route=\/wp\/v2\/posts"}],"about":[{"href":"https:\/\/odakhaber.site\/index.php?rest_route=\/wp\/v2\/types\/post"}],"author":[{"embeddable":true,"href":"https:\/\/odakhaber.site\/index.php?rest_route=\/wp\/v2\/users\/5"}],"replies":[{"embeddable":true,"href":"https:\/\/odakhaber.site\/index.php?rest_route=%2Fwp%2Fv2%2Fcomments&post=1856"}],"version-history":[{"count":1,"href":"https:\/\/odakhaber.site\/index.php?rest_route=\/wp\/v2\/posts\/1856\/revisions"}],"predecessor-version":[{"id":1860,"href":"https:\/\/odakhaber.site\/index.php?rest_route=\/wp\/v2\/posts\/1856\/revisions\/1860"}],"wp:featuredmedia":[{"embeddable":true,"href":"https:\/\/odakhaber.site\/index.php?rest_route=\/wp\/v2\/media\/1859"}],"wp:attachment":[{"href":"https:\/\/odakhaber.site\/index.php?rest_route=%2Fwp%2Fv2%2Fmedia&parent=1856"}],"wp:term":[{"taxonomy":"category","embeddable":true,"href":"https:\/\/odakhaber.site\/index.php?rest_route=%2Fwp%2Fv2%2Fcategories&post=1856"},{"taxonomy":"post_tag","embeddable":true,"href":"https:\/\/odakhaber.site\/index.php?rest_route=%2Fwp%2Fv2%2Ftags&post=1856"}],"curies":[{"name":"wp","href":"https:\/\/api.w.org\/{rel}","templated":true}]}}