{"id":1866,"date":"2026-03-10T17:31:51","date_gmt":"2026-03-10T17:31:51","guid":{"rendered":"https:\/\/odakhaber.site\/?p=1866"},"modified":"2026-03-10T17:31:51","modified_gmt":"2026-03-10T17:31:51","slug":"sanat-dunyasinda-tarihi-imza-italya-caravaggionun-nadide-eseri-icin-30-milyon-euro-odedi","status":"publish","type":"post","link":"https:\/\/odakhaber.site\/?p=1866","title":{"rendered":"Sanat D\u00fcnyas\u0131nda Tarihi \u0130mza: \u0130talya, Caravaggio\u2019nun Nadide Eseri \u0130\u00e7in 30 Milyon Euro \u00d6dedi!"},"content":{"rendered":"\n<figure class=\"wp-block-image\"><img decoding=\"async\" src=\"https:\/\/mavimanset.com\/wp-content\/uploads\/2026\/03\/69b019476076c3848807ef8d.webp\" alt=\"\"\/><\/figure>\n\n\n\n<p>\u0130talya, sanat tarihinin en b\u00fcy\u00fck dehalar\u0131ndan biri olarak kabul edilen Caravaggio\u2019nun imzas\u0131n\u0131 ta\u015f\u0131yan nadide bir eseri devlet koleksiyonuna katt\u0131\u011f\u0131n\u0131 resmi olarak duyurdu. K\u00fcresel sanat camias\u0131nda b\u00fcy\u00fck yank\u0131 uyand\u0131ran bu hamleyle, ilerleyen y\u0131llarda Papa VIII. Urban unvan\u0131n\u0131 alacak olan Maffeo Barberini\u2019nin gen\u00e7lik y\u0131llar\u0131na ait portresi, 30 milyon euro kar\u015f\u0131l\u0131\u011f\u0131nda \u0130talya\u2019n\u0131n k\u00fclt\u00fcrel hazinesine dahil edildi.<\/p>\n\n\n\n<h3 class=\"wp-block-heading\"><strong>Barberini Koleksiyonuna Tarihi D\u00f6n\u00fc\u015f<\/strong><\/h3>\n\n\n\n<p>\u0130talya K\u00fclt\u00fcr Bakanl\u0131\u011f\u0131\u2019ndan yap\u0131lan a\u00e7\u0131klamaya g\u00f6re bu paha bi\u00e7ilemez \u015faheser, Roma\u2019n\u0131n kalbinde yer alan Barberini Saray\u0131\u2019ndaki Ulusal Antik Sanat Galerisi\u2019ne ta\u015f\u0131nacak. Eserin, bir zamanlar ait oldu\u011fu tarihi Barberini koleksiyonuna geri d\u00f6nmesi, d\u00fcnya sanat otoriteleri taraf\u0131ndan \u201ck\u00fclt\u00fcrel bir iade-i itibar\u201d olarak nitelendiriliyor.<\/p>\n\n\n\n<h3 class=\"wp-block-heading\"><strong>Devletin En Stratejik Sanat Yat\u0131r\u0131m\u0131<\/strong><\/h3>\n\n\n\n<p>\u0130talya K\u00fclt\u00fcr Bakan\u0131 Alessandro Giuli, bu sat\u0131n al\u0131m\u0131 \u201cola\u011fan\u00fcst\u00fc \u00f6neme sahip bir ad\u0131m\u201d olarak tan\u0131mlad\u0131. Giuli, bu hamlenin \u0130talyan devletinin bir sanat eseri i\u00e7in ger\u00e7ekle\u015ftirdi\u011fi en b\u00fcy\u00fck yat\u0131r\u0131mlardan biri oldu\u011funu vurgularken, eserin d\u00fcnya genelindeki Caravaggio k\u00fclliyat\u0131 i\u00e7indeki e\u015fsiz yerine dikkat \u00e7ekti.<\/p>\n\n\n\n<h3 class=\"wp-block-heading\"><strong>D\u00fcnyada Sadece \u00dc\u00e7 Adet Bulunuyor!<\/strong><\/h3>\n\n\n\n<p>Caravaggio\u2019nun d\u00fcnya genelinde kesin olarak kabul edilen yakla\u015f\u0131k 65 tablosu bulunsa da, \u201cportre\u201d t\u00fcr\u00fcndeki \u00e7al\u0131\u015fmalar\u0131 son derece k\u0131s\u0131tl\u0131. Sanat tarih\u00e7ilerine g\u00f6re, b\u00fcy\u00fck ustan\u0131n f\u0131r\u00e7as\u0131ndan \u00e7\u0131kan ve varl\u0131\u011f\u0131 kesin olarak teyit edilen yaln\u0131zca \u201c\u00fc\u00e7 adet\u201d portre bulunuyor. 1963 y\u0131l\u0131nda orijinalli\u011fi tescillenen bu eser, Caravaggio\u2019nun portre sanat\u0131ndaki nadir dehas\u0131n\u0131 temsil eden o \u00fc\u00e7 e\u015fsiz par\u00e7adan biri olarak kabul ediliyor.<\/p>\n\n\n\n<p>KARDE\u015e HABER<\/p>\n\n\n\n<p><a href=\"https:\/\/mavimanset.com\/2026\/03\/10\/sanat-dunyasinda-tarihi-imza-italya-caravaggionun-nadide-eseri-icin-30-milyon-euro-odedi\">https:\/\/mavimanset.com\/2026\/03\/10\/sanat-dunyasinda-tarihi-imza-italya-caravaggionun-nadide-eseri-icin-30-milyon-euro-odedi<\/a><\/p>\n\n\n\n<p><\/p>\n","protected":false},"excerpt":{"rendered":"<p>\u0130talya, sanat tarihinin en b\u00fcy\u00fck dehalar\u0131ndan biri olarak kabul edilen Caravaggio\u2019nun imzas\u0131n\u0131 ta\u015f\u0131yan nadide bir eseri devlet koleksiyonuna katt\u0131\u011f\u0131n\u0131 resmi olarak duyurdu. K\u00fcresel sanat camias\u0131nda b\u00fcy\u00fck yank\u0131 uyand\u0131ran bu hamleyle, ilerleyen y\u0131llarda Papa VIII. Urban unvan\u0131n\u0131 alacak olan Maffeo Barberini\u2019nin gen\u00e7lik y\u0131llar\u0131na ait portresi, 30 milyon euro kar\u015f\u0131l\u0131\u011f\u0131nda \u0130talya\u2019n\u0131n k\u00fclt\u00fcrel hazinesine dahil edildi. Barberini Koleksiyonuna [&hellip;]<\/p>\n","protected":false},"author":5,"featured_media":1867,"comment_status":"open","ping_status":"open","sticky":false,"template":"","format":"standard","meta":{"_jetpack_memberships_contains_paid_content":false,"footnotes":""},"categories":[37],"tags":[],"class_list":["post-1866","post","type-post","status-publish","format-standard","has-post-thumbnail","hentry","category-dunya-haberleri"],"jetpack_featured_media_url":"https:\/\/odakhaber.site\/wp-content\/uploads\/2026\/03\/69b019476076c3848807ef8d.webp","jetpack_sharing_enabled":true,"_links":{"self":[{"href":"https:\/\/odakhaber.site\/index.php?rest_route=\/wp\/v2\/posts\/1866","targetHints":{"allow":["GET"]}}],"collection":[{"href":"https:\/\/odakhaber.site\/index.php?rest_route=\/wp\/v2\/posts"}],"about":[{"href":"https:\/\/odakhaber.site\/index.php?rest_route=\/wp\/v2\/types\/post"}],"author":[{"embeddable":true,"href":"https:\/\/odakhaber.site\/index.php?rest_route=\/wp\/v2\/users\/5"}],"replies":[{"embeddable":true,"href":"https:\/\/odakhaber.site\/index.php?rest_route=%2Fwp%2Fv2%2Fcomments&post=1866"}],"version-history":[{"count":1,"href":"https:\/\/odakhaber.site\/index.php?rest_route=\/wp\/v2\/posts\/1866\/revisions"}],"predecessor-version":[{"id":1868,"href":"https:\/\/odakhaber.site\/index.php?rest_route=\/wp\/v2\/posts\/1866\/revisions\/1868"}],"wp:featuredmedia":[{"embeddable":true,"href":"https:\/\/odakhaber.site\/index.php?rest_route=\/wp\/v2\/media\/1867"}],"wp:attachment":[{"href":"https:\/\/odakhaber.site\/index.php?rest_route=%2Fwp%2Fv2%2Fmedia&parent=1866"}],"wp:term":[{"taxonomy":"category","embeddable":true,"href":"https:\/\/odakhaber.site\/index.php?rest_route=%2Fwp%2Fv2%2Fcategories&post=1866"},{"taxonomy":"post_tag","embeddable":true,"href":"https:\/\/odakhaber.site\/index.php?rest_route=%2Fwp%2Fv2%2Ftags&post=1866"}],"curies":[{"name":"wp","href":"https:\/\/api.w.org\/{rel}","templated":true}]}}