{"id":1869,"date":"2026-03-10T20:14:00","date_gmt":"2026-03-10T20:14:00","guid":{"rendered":"https:\/\/odakhaber.site\/?p=1869"},"modified":"2026-03-10T20:14:00","modified_gmt":"2026-03-10T20:14:00","slug":"ugurcan-cakir-devlesti-rams-parkta-kader-ani-liverpoola-gecit-yok","status":"publish","type":"post","link":"https:\/\/odakhaber.site\/?p=1869","title":{"rendered":"U\u011furcan \u00c7ak\u0131r Devle\u015fti! Rams Park&#8217;ta Kader An\u0131: Liverpool&#8217;a Ge\u00e7it Yok"},"content":{"rendered":"\n<p><strong>UEFA \u015eampiyonlar Ligi son 16 turunda temsilcimiz Galatasaray, evinde \u0130ngiliz devi Liverpool&#8217;u a\u011f\u0131rl\u0131yor. M\u00fccadelenin ikinci yar\u0131s\u0131nda kalesinde devle\u015fen U\u011furcan \u00c7ak\u0131r, yapt\u0131\u011f\u0131 kritik kurtar\u0131\u015fla ma\u00e7\u0131n gidi\u015fat\u0131n\u0131 belirledi.<\/strong><\/p>\n\n\n\n<hr class=\"wp-block-separator has-alpha-channel-opacity\"\/>\n\n\n\n<h3 class=\"wp-block-heading\"><strong>Rams Park&#8217;ta Nefes Kesen Dakikalar<\/strong><\/h3>\n\n\n\n<p>Galatasaray\u2019\u0131n UEFA \u015eampiyonlar Ligi son 16 turundaki zorlu s\u0131nav\u0131nda, ma\u00e7\u0131n k\u0131r\u0131lma noktas\u0131 66. dakikada ya\u015fand\u0131. Sar\u0131-k\u0131rm\u0131z\u0131l\u0131 ekibin Liverpool kar\u015f\u0131s\u0131ndaki \u00fcst\u00fcnl\u00fc\u011f\u00fcn\u00fc koruma m\u00fccadelesi verdi\u011fi anlarda, savunmada yap\u0131lan bir anl\u0131k hata trib\u00fcnleri korkuttu.<\/p>\n\n\n\n<h3 class=\"wp-block-heading\"><strong>66. Dakika: Kalede Bir Duvar!<\/strong><\/h3>\n\n\n\n<p>Savunman\u0131n arkas\u0131na sarkan Liverpool\u2019lu <strong>Hugo Ekitike<\/strong>, hatay\u0131 iyi de\u011ferlendirerek \u00e7aprazdan kaleci <strong>U\u011furcan \u00c7ak\u0131r<\/strong> ile kar\u015f\u0131 kar\u015f\u0131ya kald\u0131. Ekitike\u2019nin sert ve isabetli vuru\u015funda a\u00e7\u0131y\u0131 m\u00fckemmel kapatan U\u011furcan, yapt\u0131\u011f\u0131 harika kurtar\u0131\u015fla konuk ekibin skoru e\u015fitlemesine izin vermedi.<\/p>\n\n\n\n<blockquote class=\"wp-block-quote is-layout-flow wp-block-quote-is-layout-flow\">\n<p><strong>Ma\u00e7\u0131n Kader An\u0131:<\/strong> Ekitike\u2019nin kar\u015f\u0131 kar\u015f\u0131ya kald\u0131\u011f\u0131 bu pozisyonda U\u011furcan \u00c7ak\u0131r\u2019\u0131n refleksi, temsilcimizin tur umutlar\u0131n\u0131 sahada diri tutan en \u00f6nemli hamle oldu.<\/p>\n<\/blockquote>\n\n\n\n<hr class=\"wp-block-separator has-alpha-channel-opacity\"\/>\n\n\n\n<h3 class=\"wp-block-heading\"><strong>Trib\u00fcnler U\u011furcan&#8217;\u0131 Ayakta Alk\u0131\u015flad\u0131<\/strong><\/h3>\n\n\n\n<p>Bu kritik m\u00fcdahalenin ard\u0131ndan Rams Park&#8217;\u0131 dolduran binlerce taraftar, milli eldivene sevgi g\u00f6sterilerinde bulundu. Liverpool bask\u0131s\u0131n\u0131n artt\u0131\u011f\u0131 bu dakikalarda gelen kurtar\u0131\u015f, ma\u00e7\u0131n &#8220;kader an\u0131&#8221; olarak kay\u0131tlara ge\u00e7ti.<\/p>\n\n\n\n<p><a href=\"https:\/\/www.aspor.com.tr\/galatasaray\/2026\/03\/10\/ugurcan-cakirdan-kritik-kurtaris-iste-macin-kader-ani\">https:\/\/www.aspor.com.tr\/galatasaray\/2026\/03\/10\/ugurcan-cakirdan-kritik-kurtaris-iste-macin-kader-ani<\/a><\/p>\n","protected":false},"excerpt":{"rendered":"<p>UEFA \u015eampiyonlar Ligi son 16 turunda temsilcimiz Galatasaray, evinde \u0130ngiliz devi Liverpool&#8217;u a\u011f\u0131rl\u0131yor. M\u00fccadelenin ikinci yar\u0131s\u0131nda kalesinde devle\u015fen U\u011furcan \u00c7ak\u0131r, yapt\u0131\u011f\u0131 kritik kurtar\u0131\u015fla ma\u00e7\u0131n gidi\u015fat\u0131n\u0131 belirledi. Rams Park&#8217;ta Nefes Kesen Dakikalar Galatasaray\u2019\u0131n UEFA \u015eampiyonlar Ligi son 16 turundaki zorlu s\u0131nav\u0131nda, ma\u00e7\u0131n k\u0131r\u0131lma noktas\u0131 66. dakikada ya\u015fand\u0131. Sar\u0131-k\u0131rm\u0131z\u0131l\u0131 ekibin Liverpool kar\u015f\u0131s\u0131ndaki \u00fcst\u00fcnl\u00fc\u011f\u00fcn\u00fc koruma m\u00fccadelesi verdi\u011fi anlarda, [&hellip;]<\/p>\n","protected":false},"author":4,"featured_media":1871,"comment_status":"open","ping_status":"open","sticky":false,"template":"","format":"standard","meta":{"_jetpack_memberships_contains_paid_content":false,"footnotes":""},"categories":[9],"tags":[],"class_list":["post-1869","post","type-post","status-publish","format-standard","has-post-thumbnail","hentry","category-spor"],"jetpack_featured_media_url":"https:\/\/odakhaber.site\/wp-content\/uploads\/2026\/03\/836x530-ugurcan-cakirdan-kritik-kurtaris-1773170449734.jpeg","jetpack_sharing_enabled":true,"_links":{"self":[{"href":"https:\/\/odakhaber.site\/index.php?rest_route=\/wp\/v2\/posts\/1869","targetHints":{"allow":["GET"]}}],"collection":[{"href":"https:\/\/odakhaber.site\/index.php?rest_route=\/wp\/v2\/posts"}],"about":[{"href":"https:\/\/odakhaber.site\/index.php?rest_route=\/wp\/v2\/types\/post"}],"author":[{"embeddable":true,"href":"https:\/\/odakhaber.site\/index.php?rest_route=\/wp\/v2\/users\/4"}],"replies":[{"embeddable":true,"href":"https:\/\/odakhaber.site\/index.php?rest_route=%2Fwp%2Fv2%2Fcomments&post=1869"}],"version-history":[{"count":1,"href":"https:\/\/odakhaber.site\/index.php?rest_route=\/wp\/v2\/posts\/1869\/revisions"}],"predecessor-version":[{"id":1872,"href":"https:\/\/odakhaber.site\/index.php?rest_route=\/wp\/v2\/posts\/1869\/revisions\/1872"}],"wp:featuredmedia":[{"embeddable":true,"href":"https:\/\/odakhaber.site\/index.php?rest_route=\/wp\/v2\/media\/1871"}],"wp:attachment":[{"href":"https:\/\/odakhaber.site\/index.php?rest_route=%2Fwp%2Fv2%2Fmedia&parent=1869"}],"wp:term":[{"taxonomy":"category","embeddable":true,"href":"https:\/\/odakhaber.site\/index.php?rest_route=%2Fwp%2Fv2%2Fcategories&post=1869"},{"taxonomy":"post_tag","embeddable":true,"href":"https:\/\/odakhaber.site\/index.php?rest_route=%2Fwp%2Fv2%2Ftags&post=1869"}],"curies":[{"name":"wp","href":"https:\/\/api.w.org\/{rel}","templated":true}]}}