{"id":1873,"date":"2026-03-10T20:17:29","date_gmt":"2026-03-10T20:17:29","guid":{"rendered":"https:\/\/odakhaber.site\/?p=1873"},"modified":"2026-03-10T20:17:29","modified_gmt":"2026-03-10T20:17:29","slug":"rams-parkta-gol-sesi-yarida-kaldi-osimhen-atti-var-ofsayt-dedi","status":"publish","type":"post","link":"https:\/\/odakhaber.site\/?p=1873","title":{"rendered":"Rams Park\u2019ta Gol Sesi Yar\u0131da Kald\u0131! Osimhen Att\u0131, VAR &#8216;Ofsayt&#8217; Dedi"},"content":{"rendered":"\n<hr class=\"wp-block-separator has-alpha-channel-opacity\"\/>\n\n\n\n<p><strong>UEFA \u015eampiyonlar Ligi son 16 turu ilk ma\u00e7\u0131nda dev randevu! Galatasaray\u2019\u0131n Liverpool kar\u015f\u0131s\u0131nda Victor Osimhen ile buldu\u011fu gol, ofsayt engeline tak\u0131ld\u0131. \u0130\u015fte trib\u00fcnleri aya\u011fa kald\u0131ran o an\u0131n detaylar\u0131&#8230;<\/strong><\/p>\n\n\n\n<hr class=\"wp-block-separator has-alpha-channel-opacity\"\/>\n\n\n\n<h3 class=\"wp-block-heading\"><strong>Dev Ma\u00e7ta Nefesler Tutuldu<\/strong><\/h3>\n\n\n\n<p>Temsilcimiz Galatasaray, Avrupa\u2019n\u0131n en prestijli turnuvas\u0131 olan UEFA \u015eampiyonlar Ligi son 16 turu ilk aya\u011f\u0131nda, \u0130ngiliz devi Liverpool\u2019u evinde konuk etti. Sar\u0131-k\u0131rm\u0131z\u0131l\u0131 taraftarlar\u0131n yo\u011fun deste\u011fiyle ba\u015flayan m\u00fccadelede, ma\u00e7\u0131n kaderini etkileyen o pozisyon 62. dakikada ya\u015fand\u0131.<\/p>\n\n\n\n<h3 class=\"wp-block-heading\"><strong>62. Dakika: Sevin\u00e7 Kursaklarda Kald\u0131<\/strong><\/h3>\n\n\n\n<p>Kar\u015f\u0131la\u015fman\u0131n ikinci yar\u0131s\u0131nda bask\u0131s\u0131n\u0131 art\u0131ran Galatasaray, d\u00fcnya y\u0131ld\u0131z\u0131 <strong>Victor Osimhen<\/strong> ile topu a\u011flara g\u00f6ndermeyi ba\u015fard\u0131. Ancak me\u015fin yuvarla\u011f\u0131n \u00e7izgiyi ge\u00e7mesinin ard\u0131ndan hakem heyeti oyunu durdurdu.<\/p>\n\n\n\n<h3 class=\"wp-block-heading\"><strong>Karar: Ofsayt!<\/strong><\/h3>\n\n\n\n<p>Yap\u0131lan incelemelerin ard\u0131ndan, gol \u00f6ncesinde ata\u011f\u0131 \u015fekillendiren <strong>Bar\u0131\u015f Alper Y\u0131lmaz<\/strong>&#8216;\u0131n ofsayt pozisyonunda oldu\u011fu tespit edildi. Bu karar neticesinde Osimhen\u2019in att\u0131\u011f\u0131 gol ge\u00e7ersiz say\u0131l\u0131rken, Liverpool kalesinde b\u00fcy\u00fck heyecan yaratan bu an tabelaya yans\u0131mad\u0131.<\/p>\n\n\n\n<blockquote class=\"wp-block-quote is-layout-flow wp-block-quote-is-layout-flow\">\n<p><strong>Kritik Detay:<\/strong> Kar\u015f\u0131la\u015fman\u0131n en hareketli isimlerinden olan Bar\u0131\u015f Alper Y\u0131lmaz&#8217;\u0131n milimetrik ofsayt\u0131, sar\u0131-k\u0131rm\u0131z\u0131l\u0131 ekibin Liverpool kar\u015f\u0131s\u0131nda \u00f6ne ge\u00e7me \u015fans\u0131n\u0131 elinden ald\u0131.<\/p>\n<\/blockquote>\n\n\n\n<p><a href=\"https:\/\/www.aspor.com.tr\/galatasaray\/2026\/03\/10\/galatasarayin-victor-osimhen-ile-buldugu-gole-ofsayt-engeli\">https:\/\/www.aspor.com.tr\/galatasaray\/2026\/03\/10\/galatasarayin-victor-osimhen-ile-buldugu-gole-ofsayt-engeli<\/a><\/p>\n","protected":false},"excerpt":{"rendered":"<p>UEFA \u015eampiyonlar Ligi son 16 turu ilk ma\u00e7\u0131nda dev randevu! Galatasaray\u2019\u0131n Liverpool kar\u015f\u0131s\u0131nda Victor Osimhen ile buldu\u011fu gol, ofsayt engeline tak\u0131ld\u0131. \u0130\u015fte trib\u00fcnleri aya\u011fa kald\u0131ran o an\u0131n detaylar\u0131&#8230; Dev Ma\u00e7ta Nefesler Tutuldu Temsilcimiz Galatasaray, Avrupa\u2019n\u0131n en prestijli turnuvas\u0131 olan UEFA \u015eampiyonlar Ligi son 16 turu ilk aya\u011f\u0131nda, \u0130ngiliz devi Liverpool\u2019u evinde konuk etti. Sar\u0131-k\u0131rm\u0131z\u0131l\u0131 taraftarlar\u0131n [&hellip;]<\/p>\n","protected":false},"author":4,"featured_media":1874,"comment_status":"open","ping_status":"open","sticky":false,"template":"","format":"standard","meta":{"_jetpack_memberships_contains_paid_content":false,"footnotes":""},"categories":[9],"tags":[],"class_list":["post-1873","post","type-post","status-publish","format-standard","has-post-thumbnail","hentry","category-spor"],"jetpack_featured_media_url":"https:\/\/odakhaber.site\/wp-content\/uploads\/2026\/03\/836x530-galatasarayin-victor-osimhen-ile-buldugu-gole-ofsayt-engeli-1773169888617.jpeg","jetpack_sharing_enabled":true,"_links":{"self":[{"href":"https:\/\/odakhaber.site\/index.php?rest_route=\/wp\/v2\/posts\/1873","targetHints":{"allow":["GET"]}}],"collection":[{"href":"https:\/\/odakhaber.site\/index.php?rest_route=\/wp\/v2\/posts"}],"about":[{"href":"https:\/\/odakhaber.site\/index.php?rest_route=\/wp\/v2\/types\/post"}],"author":[{"embeddable":true,"href":"https:\/\/odakhaber.site\/index.php?rest_route=\/wp\/v2\/users\/4"}],"replies":[{"embeddable":true,"href":"https:\/\/odakhaber.site\/index.php?rest_route=%2Fwp%2Fv2%2Fcomments&post=1873"}],"version-history":[{"count":1,"href":"https:\/\/odakhaber.site\/index.php?rest_route=\/wp\/v2\/posts\/1873\/revisions"}],"predecessor-version":[{"id":1875,"href":"https:\/\/odakhaber.site\/index.php?rest_route=\/wp\/v2\/posts\/1873\/revisions\/1875"}],"wp:featuredmedia":[{"embeddable":true,"href":"https:\/\/odakhaber.site\/index.php?rest_route=\/wp\/v2\/media\/1874"}],"wp:attachment":[{"href":"https:\/\/odakhaber.site\/index.php?rest_route=%2Fwp%2Fv2%2Fmedia&parent=1873"}],"wp:term":[{"taxonomy":"category","embeddable":true,"href":"https:\/\/odakhaber.site\/index.php?rest_route=%2Fwp%2Fv2%2Fcategories&post=1873"},{"taxonomy":"post_tag","embeddable":true,"href":"https:\/\/odakhaber.site\/index.php?rest_route=%2Fwp%2Fv2%2Ftags&post=1873"}],"curies":[{"name":"wp","href":"https:\/\/api.w.org\/{rel}","templated":true}]}}