{"id":1877,"date":"2026-03-10T20:21:52","date_gmt":"2026-03-10T20:21:52","guid":{"rendered":"https:\/\/odakhaber.site\/?p=1877"},"modified":"2026-03-10T20:21:52","modified_gmt":"2026-03-10T20:21:52","slug":"rams-parkta-duygu-seli-osimheni-aglatan-dev-koreografi-aile-her-seydir","status":"publish","type":"post","link":"https:\/\/odakhaber.site\/?p=1877","title":{"rendered":"Rams Park&#8217;ta Duygu Seli! Osimhen&#8217;i A\u011flatan Dev Koreografi: &#8220;Aile Her \u015eeydir&#8221;"},"content":{"rendered":"\n<p><strong>UEFA \u015eampiyonlar Ligi son 16 turu ilk ma\u00e7\u0131nda Galatasaray, Liverpool&#8217;u konuk ederken; dev m\u00fccadele \u00f6ncesi trib\u00fcnlerde e\u015fine az rastlan\u0131r bir an ya\u015fand\u0131. Sar\u0131-k\u0131rm\u0131z\u0131l\u0131 taraftarlar\u0131n Victor Osimhen i\u00e7in haz\u0131rlad\u0131\u011f\u0131 \u00f6zel koreografi, Nijeryal\u0131 y\u0131ld\u0131z\u0131 g\u00f6zya\u015flar\u0131na bo\u011fdu.<\/strong><\/p>\n\n\n\n<hr class=\"wp-block-separator has-alpha-channel-opacity\"\/>\n\n\n\n<h3 class=\"wp-block-heading\"><strong>D\u00fcnya Bu Koreografiyi Konu\u015fuyor!<\/strong><\/h3>\n\n\n\n<p>Galatasaray, \u015eampiyonlar Ligi son 16 turu ilk ma\u00e7\u0131nda sahas\u0131nda \u0130ngiliz devi Liverpool&#8217;u a\u011f\u0131rlad\u0131. Ancak ma\u00e7\u0131n santras\u0131ndan hemen \u00f6nce trib\u00fcnlerde y\u00fckselen dev g\u00f6rsel, futbolun sadece bir oyun olmad\u0131\u011f\u0131n\u0131 bir kez daha kan\u0131tlad\u0131. Sar\u0131-k\u0131rm\u0131z\u0131l\u0131 futbolseverler, golc\u00fc oyuncu <strong>Victor Osimhen<\/strong>&#8216;e unutulmaz bir jest yapt\u0131.<\/p>\n\n\n\n<h3 class=\"wp-block-heading\"><strong>Annesiyle Yan Yana: &#8220;Biz Bir Aileyiz&#8221;<\/strong><\/h3>\n\n\n\n<p>Rams Park trib\u00fcnlerinde a\u00e7\u0131lan devasa koreografide, Victor Osimhen ve hen\u00fcz 3 ya\u015f\u0131ndayken kaybetti\u011fi annesi tasvir edildi. G\u00f6rselin alt\u0131na ili\u015ftirilen anlaml\u0131 not ise t\u00fcm stadyumu duyguland\u0131rd\u0131:<\/p>\n\n\n\n<blockquote class=\"wp-block-quote is-layout-flow wp-block-quote-is-layout-flow\">\n<p><strong>&#8220;Biz bir aileyiz ve aile her \u015feydir.&#8221;<\/strong><\/p>\n<\/blockquote>\n\n\n\n<h3 class=\"wp-block-heading\"><strong>Osimhen G\u00f6zya\u015flar\u0131n\u0131 Tutamad\u0131<\/strong><\/h3>\n\n\n\n<p>Koreografiyi g\u00f6rd\u00fc\u011f\u00fc anda sahada duygusal anlar ya\u015fayan Nijeryal\u0131 y\u0131ld\u0131z\u0131n g\u00f6zya\u015flar\u0131n\u0131 tutamad\u0131\u011f\u0131 kameralara yans\u0131d\u0131. Kendisi i\u00e7in haz\u0131rlanan bu \u00f6zel s\u00fcrprize kay\u0131ts\u0131z kalmayan Osimhen, trib\u00fcnlere giderek sar\u0131-k\u0131rm\u0131z\u0131l\u0131 taraftarlar\u0131 uzun s\u00fcre alk\u0131\u015flad\u0131 ve bu deste\u011fe te\u015fekk\u00fcr etti.<\/p>\n\n\n\n<p><strong>\u0130\u015eTE O TAR\u0130H\u0130 G\u00d6R\u00dcNT\u00dcLER:<\/strong> <\/p>\n\n\n\n<figure class=\"wp-block-image size-full\"><img loading=\"lazy\" decoding=\"async\" width=\"800\" height=\"369\" src=\"https:\/\/odakhaber.site\/wp-content\/uploads\/2026\/03\/0x0-galatasaray-taraftarindan-victor-osimheni-aglatan-koreografi-1773165657276.jpeg\" alt=\"\" class=\"wp-image-1880\" srcset=\"https:\/\/odakhaber.site\/wp-content\/uploads\/2026\/03\/0x0-galatasaray-taraftarindan-victor-osimheni-aglatan-koreografi-1773165657276.jpeg 800w, https:\/\/odakhaber.site\/wp-content\/uploads\/2026\/03\/0x0-galatasaray-taraftarindan-victor-osimheni-aglatan-koreografi-1773165657276-300x138.jpeg 300w, https:\/\/odakhaber.site\/wp-content\/uploads\/2026\/03\/0x0-galatasaray-taraftarindan-victor-osimheni-aglatan-koreografi-1773165657276-768x354.jpeg 768w\" sizes=\"auto, (max-width: 800px) 100vw, 800px\" \/><\/figure>\n\n\n\n<p><a href=\"https:\/\/www.aspor.com.tr\/galatasaray\/2026\/03\/10\/galatasaray-taraftarindan-victor-osimheni-aglatan-koreografi\">https:\/\/www.aspor.com.tr\/galatasaray\/2026\/03\/10\/galatasaray-taraftarindan-victor-osimheni-aglatan-koreografi<\/a><\/p>\n\n\n\n<p><\/p>\n","protected":false},"excerpt":{"rendered":"<p>UEFA \u015eampiyonlar Ligi son 16 turu ilk ma\u00e7\u0131nda Galatasaray, Liverpool&#8217;u konuk ederken; dev m\u00fccadele \u00f6ncesi trib\u00fcnlerde e\u015fine az rastlan\u0131r bir an ya\u015fand\u0131. Sar\u0131-k\u0131rm\u0131z\u0131l\u0131 taraftarlar\u0131n Victor Osimhen i\u00e7in haz\u0131rlad\u0131\u011f\u0131 \u00f6zel koreografi, Nijeryal\u0131 y\u0131ld\u0131z\u0131 g\u00f6zya\u015flar\u0131na bo\u011fdu. D\u00fcnya Bu Koreografiyi Konu\u015fuyor! Galatasaray, \u015eampiyonlar Ligi son 16 turu ilk ma\u00e7\u0131nda sahas\u0131nda \u0130ngiliz devi Liverpool&#8217;u a\u011f\u0131rlad\u0131. Ancak ma\u00e7\u0131n santras\u0131ndan hemen [&hellip;]<\/p>\n","protected":false},"author":4,"featured_media":1881,"comment_status":"open","ping_status":"open","sticky":false,"template":"","format":"standard","meta":{"_jetpack_memberships_contains_paid_content":false,"footnotes":""},"categories":[9],"tags":[],"class_list":["post-1877","post","type-post","status-publish","format-standard","has-post-thumbnail","hentry","category-spor"],"jetpack_featured_media_url":"https:\/\/odakhaber.site\/wp-content\/uploads\/2026\/03\/836x530-galatasaray-taraftarindan-victor-osimheni-aglatan-koreografi-1773165523025-1.jpeg","jetpack_sharing_enabled":true,"_links":{"self":[{"href":"https:\/\/odakhaber.site\/index.php?rest_route=\/wp\/v2\/posts\/1877","targetHints":{"allow":["GET"]}}],"collection":[{"href":"https:\/\/odakhaber.site\/index.php?rest_route=\/wp\/v2\/posts"}],"about":[{"href":"https:\/\/odakhaber.site\/index.php?rest_route=\/wp\/v2\/types\/post"}],"author":[{"embeddable":true,"href":"https:\/\/odakhaber.site\/index.php?rest_route=\/wp\/v2\/users\/4"}],"replies":[{"embeddable":true,"href":"https:\/\/odakhaber.site\/index.php?rest_route=%2Fwp%2Fv2%2Fcomments&post=1877"}],"version-history":[{"count":1,"href":"https:\/\/odakhaber.site\/index.php?rest_route=\/wp\/v2\/posts\/1877\/revisions"}],"predecessor-version":[{"id":1884,"href":"https:\/\/odakhaber.site\/index.php?rest_route=\/wp\/v2\/posts\/1877\/revisions\/1884"}],"wp:featuredmedia":[{"embeddable":true,"href":"https:\/\/odakhaber.site\/index.php?rest_route=\/wp\/v2\/media\/1881"}],"wp:attachment":[{"href":"https:\/\/odakhaber.site\/index.php?rest_route=%2Fwp%2Fv2%2Fmedia&parent=1877"}],"wp:term":[{"taxonomy":"category","embeddable":true,"href":"https:\/\/odakhaber.site\/index.php?rest_route=%2Fwp%2Fv2%2Fcategories&post=1877"},{"taxonomy":"post_tag","embeddable":true,"href":"https:\/\/odakhaber.site\/index.php?rest_route=%2Fwp%2Fv2%2Ftags&post=1877"}],"curies":[{"name":"wp","href":"https:\/\/api.w.org\/{rel}","templated":true}]}}