{"id":1931,"date":"2026-03-11T18:36:12","date_gmt":"2026-03-11T18:36:12","guid":{"rendered":"https:\/\/odakhaber.site\/?p=1931"},"modified":"2026-03-11T18:36:12","modified_gmt":"2026-03-11T18:36:12","slug":"kuresel-isinma-tehdidi-dunya-nufusunun-ucte-biri-yasanmaz-sicaklarla-karsi-karsiya","status":"publish","type":"post","link":"https:\/\/odakhaber.site\/?p=1931","title":{"rendered":"K\u00fcresel Is\u0131nma Tehdidi: D\u00fcnya N\u00fcfusunun \u00dc\u00e7te Biri &#8220;Ya\u015fanmaz&#8221; S\u0131caklarla Kar\u015f\u0131 Kar\u015f\u0131ya"},"content":{"rendered":"\n<p>Yeni yay\u0131mlanan kapsaml\u0131 bir bilimsel rapor, iklim krizinin insan sa\u011fl\u0131\u011f\u0131 \u00fczerindeki y\u0131k\u0131c\u0131 etkilerini bir kez daha g\u00f6zler \u00f6n\u00fcne serdi.&nbsp;<em>Environmental Research Health<\/em>&nbsp;dergisinde yer alan \u00e7al\u0131\u015fmaya g\u00f6re, d\u00fcnya n\u00fcfusunun yakla\u015f\u0131k \u00fc\u00e7te biri, a\u015f\u0131r\u0131 s\u0131caklar\u0131n g\u00fcnl\u00fck fiziksel aktiviteleri imkans\u0131z hale getirdi\u011fi b\u00f6lgelerde ya\u015fam m\u00fccadelesi veriyor.<\/p>\n\n\n\n<h3 class=\"wp-block-heading\">70 Y\u0131ll\u0131k Veriler Tehlikeyi Kan\u0131tl\u0131yor<\/h3>\n\n\n\n<p>Ara\u015ft\u0131rmac\u0131lar, 1950 ile 2024 y\u0131llar\u0131 aras\u0131ndaki s\u0131cakl\u0131k ve nem verilerini titizlikle inceledi. Yap\u0131lan analizler, \u00f6zellikle&nbsp;<strong>65 ya\u015f ve \u00fczeri<\/strong>&nbsp;bireylerin y\u0131l\u0131n belirli d\u00f6nemlerinde rutin i\u015flerini dahi yerine getiremeyecek kadar zorland\u0131\u011f\u0131n\u0131 ortaya koydu.<\/p>\n\n\n\n<h3 class=\"wp-block-heading\">K\u0131s\u0131tl\u0131 Ya\u015fam Alanlar\u0131 ve Artan Riskler<\/h3>\n\n\n\n<p>Raporda dikkat \u00e7eken temel bulgular \u015funlar:<\/p>\n\n\n\n<ul class=\"wp-block-list\">\n<li><strong>Riskli B\u00f6lgeler:<\/strong>\u00a0Asya, Afrika, Avustralya ve Kuzey Amerika\u2019n\u0131n belirli kesimleri, ya\u015fl\u0131 n\u00fcfus i\u00e7in art\u0131k &#8220;ya\u015fanmaz ko\u015fullar&#8221; kategorisinde de\u011ferlendiriliyor.<\/li>\n\n\n\n<li><strong>K\u0131s\u0131tlama S\u00fcresi Art\u0131yor:<\/strong>\u00a01950 y\u0131l\u0131nda a\u015f\u0131r\u0131 s\u0131caklar nedeniyle g\u00fcvenli a\u00e7\u0131k hava faaliyeti yap\u0131lamayan s\u00fcre y\u0131ll\u0131k ortalama\u00a0<strong>600 saat<\/strong>\u00a0iken, g\u00fcn\u00fcm\u00fczde bu s\u00fcre\u00a0<strong>900 saate<\/strong>\u00a0y\u00fckselmi\u015f durumda.<\/li>\n\n\n\n<li><strong>Fiziksel Limitler:<\/strong>\u00a0A\u015f\u0131r\u0131 nem ve s\u0131cakl\u0131k kombinasyonu, v\u00fccudun kendini so\u011futma mekanizmas\u0131n\u0131 bozarak hayati risk olu\u015fturuyor.<\/li>\n<\/ul>\n\n\n\n<blockquote class=\"wp-block-quote is-layout-flow wp-block-quote-is-layout-flow\">\n<p>&#8220;K\u00fcresel \u0131s\u0131nmay\u0131 tetikleyen petrol, do\u011fal gaz ve k\u00f6m\u00fcr gibi ba\u015fl\u0131ca kaynaklar\u0131n azalt\u0131lmas\u0131 i\u00e7in acil \u00f6nlemler al\u0131nmas\u0131 gerekiyor.&#8221;<\/p>\n<\/blockquote>\n\n\n\n<h3 class=\"wp-block-heading\">Acil Eylem \u00c7a\u011fr\u0131s\u0131<\/h3>\n\n\n\n<p>Raporun sonu\u00e7 b\u00f6l\u00fcm\u00fcnde, fosil yak\u0131t kullan\u0131m\u0131n\u0131n durdurulmas\u0131 ve karbon emisyonlar\u0131n\u0131n d\u00fc\u015f\u00fcr\u00fclmesi konusunda h\u00fck\u00fcmetlere kritik uyar\u0131lar yap\u0131ld\u0131. Bilim insanlar\u0131, mevcut tablonun de\u011fi\u015fmemesi halinde &#8220;ya\u015fanmaz&#8221; alanlar\u0131n geni\u015fleyece\u011fi konusunda hemfikir.<\/p>\n\n\n\n<p><a href=\"https:\/\/gazeteoksijen.com\/surdurulebilir-yasam\/dunya-nufusunun-ucte-biri-icin-asiri-sicaklar-yasanmaz-kosullar-olusturuyor-268364\">https:\/\/gazeteoksijen.com\/surdurulebilir-yasam\/dunya-nufusunun-ucte-biri-icin-asiri-sicaklar-yasanmaz-kosullar-olusturuyor-268364<\/a><\/p>\n","protected":false},"excerpt":{"rendered":"<p>Yeni yay\u0131mlanan kapsaml\u0131 bir bilimsel rapor, iklim krizinin insan sa\u011fl\u0131\u011f\u0131 \u00fczerindeki y\u0131k\u0131c\u0131 etkilerini bir kez daha g\u00f6zler \u00f6n\u00fcne serdi.&nbsp;Environmental Research Health&nbsp;dergisinde yer alan \u00e7al\u0131\u015fmaya g\u00f6re, d\u00fcnya n\u00fcfusunun yakla\u015f\u0131k \u00fc\u00e7te biri, a\u015f\u0131r\u0131 s\u0131caklar\u0131n g\u00fcnl\u00fck fiziksel aktiviteleri imkans\u0131z hale getirdi\u011fi b\u00f6lgelerde ya\u015fam m\u00fccadelesi veriyor. 70 Y\u0131ll\u0131k Veriler Tehlikeyi Kan\u0131tl\u0131yor Ara\u015ft\u0131rmac\u0131lar, 1950 ile 2024 y\u0131llar\u0131 aras\u0131ndaki s\u0131cakl\u0131k ve [&hellip;]<\/p>\n","protected":false},"author":5,"featured_media":1932,"comment_status":"open","ping_status":"open","sticky":false,"template":"","format":"standard","meta":{"_jetpack_memberships_contains_paid_content":false,"footnotes":""},"categories":[39],"tags":[],"class_list":["post-1931","post","type-post","status-publish","format-standard","has-post-thumbnail","hentry","category-saglik-haberleri"],"jetpack_featured_media_url":"https:\/\/odakhaber.site\/wp-content\/uploads\/2026\/03\/asiri-sicaklar-vucudu-sigara-ve-alkole-benzer-sekilde-yaslandiriyor-ctkn.png","jetpack_sharing_enabled":true,"_links":{"self":[{"href":"https:\/\/odakhaber.site\/index.php?rest_route=\/wp\/v2\/posts\/1931","targetHints":{"allow":["GET"]}}],"collection":[{"href":"https:\/\/odakhaber.site\/index.php?rest_route=\/wp\/v2\/posts"}],"about":[{"href":"https:\/\/odakhaber.site\/index.php?rest_route=\/wp\/v2\/types\/post"}],"author":[{"embeddable":true,"href":"https:\/\/odakhaber.site\/index.php?rest_route=\/wp\/v2\/users\/5"}],"replies":[{"embeddable":true,"href":"https:\/\/odakhaber.site\/index.php?rest_route=%2Fwp%2Fv2%2Fcomments&post=1931"}],"version-history":[{"count":1,"href":"https:\/\/odakhaber.site\/index.php?rest_route=\/wp\/v2\/posts\/1931\/revisions"}],"predecessor-version":[{"id":1933,"href":"https:\/\/odakhaber.site\/index.php?rest_route=\/wp\/v2\/posts\/1931\/revisions\/1933"}],"wp:featuredmedia":[{"embeddable":true,"href":"https:\/\/odakhaber.site\/index.php?rest_route=\/wp\/v2\/media\/1932"}],"wp:attachment":[{"href":"https:\/\/odakhaber.site\/index.php?rest_route=%2Fwp%2Fv2%2Fmedia&parent=1931"}],"wp:term":[{"taxonomy":"category","embeddable":true,"href":"https:\/\/odakhaber.site\/index.php?rest_route=%2Fwp%2Fv2%2Fcategories&post=1931"},{"taxonomy":"post_tag","embeddable":true,"href":"https:\/\/odakhaber.site\/index.php?rest_route=%2Fwp%2Fv2%2Ftags&post=1931"}],"curies":[{"name":"wp","href":"https:\/\/api.w.org\/{rel}","templated":true}]}}