{"id":1949,"date":"2026-03-11T19:13:07","date_gmt":"2026-03-11T19:13:07","guid":{"rendered":"https:\/\/odakhaber.site\/?p=1949"},"modified":"2026-03-11T19:13:07","modified_gmt":"2026-03-11T19:13:07","slug":"yogun-bakimda-gizli-tehlike-deliryum-olum-riskini-iki-katina-cikariyor","status":"publish","type":"post","link":"https:\/\/odakhaber.site\/?p=1949","title":{"rendered":"Yo\u011fun Bak\u0131mda Gizli Tehlike: Deliryum \u00d6l\u00fcm Riskini \u0130ki Kat\u0131na \u00c7\u0131kar\u0131yor"},"content":{"rendered":"\n<p>Zonguldak B\u00fclent Ecevit \u00dcniversitesi Hastanesi Anesteziyoloji ve Reanimasyon Ana Bilim Dal\u0131 Ba\u015fkan\u0131&nbsp;<strong>Prof. Dr. Hilal Ayo\u011flu<\/strong>, \u00f6zellikle yo\u011fun bak\u0131m \u00fcnitelerinde tedavi g\u00f6ren eri\u015fkin hastalar\u0131 tehdit eden &#8220;deliryum&#8221; tablosuna kar\u015f\u0131 kritik uyar\u0131larda bulundu. Zihin bozuklu\u011fu olarak tan\u0131mlanan bu durumun, do\u011fru m\u00fcdahale edilmedi\u011finde hayat\u0131 tehdit edebilece\u011fi vurguland\u0131.<\/p>\n\n\n\n<h3 class=\"wp-block-heading\">Deliryum Nedir?<\/h3>\n\n\n\n<p>Prof. Dr. Ayo\u011flu, deliryumu; bilin\u00e7 d\u00fczeyinde ani de\u011fi\u015fiklikler, dikkat bozuklu\u011fu, bili\u015fsel i\u015flevlerde gerileme ve d\u00fc\u015f\u00fcnce s\u00fcre\u00e7lerinde zorlanma ile kendini g\u00f6steren bir tablo olarak tan\u0131mlad\u0131.<\/p>\n\n\n\n<h3 class=\"wp-block-heading\">Korkutan \u0130statistikler: Yo\u011fun Bak\u0131mda G\u00f6r\u00fclme Oran\u0131 Art\u0131yor<\/h3>\n\n\n\n<p>Ara\u015ft\u0131rmalar ve klinik g\u00f6zlemler, deliryumun hastane ortam\u0131nda ne kadar yayg\u0131n oldu\u011funu ortaya koyuyor:<\/p>\n\n\n\n<ul class=\"wp-block-list\">\n<li><strong>Genel Hastane N\u00fcfusu:<\/strong>\u00a0Yatan hastalar\u0131n\u00a0<strong>%30&#8217;unda<\/strong>\u00a0g\u00f6r\u00fcl\u00fcyor.<\/li>\n\n\n\n<li><strong>Solunum Cihaz\u0131na Ba\u011fl\u0131 Hastalar:<\/strong>\u00a0Bu grupta oran\u00a0<strong>4&#8217;te 3&#8217;e<\/strong>\u00a0kadar y\u00fckseliyor.<\/li>\n\n\n\n<li><strong>Di\u011fer Yo\u011fun Bak\u0131m Hastalar\u0131:<\/strong>\u00a0Cihaza ba\u011fl\u0131 olmayan hastalar\u0131n da\u00a0<strong>yar\u0131s\u0131ndan fazlas\u0131nda<\/strong>\u00a0bu tabloyla kar\u015f\u0131la\u015f\u0131l\u0131yor.<\/li>\n\n\n\n<li><strong>Hayati Risk:<\/strong>\u00a0Deliryum, \u00f6l\u00fcm riskini normalin\u00a0<strong>iki kat\u0131na<\/strong>\u00a0\u00e7\u0131karabiliyor.<\/li>\n<\/ul>\n\n\n\n<h3 class=\"wp-block-heading\">Nedenleri ve Tetikleyicileri<\/h3>\n\n\n\n<p>Hastal\u0131\u011f\u0131n ortaya \u00e7\u0131kmas\u0131nda altta yatan t\u0131bbi nedenlerin yan\u0131 s\u0131ra \u00e7evresel fakt\u00f6rler de b\u00fcy\u00fck rol oynuyor. Prof. Dr. Ayo\u011flu, hastalar\u0131n kendilerini&nbsp;<strong>yabanc\u0131 bir ortamda<\/strong>&nbsp;hissetmelerinin ana sebeplerden biri oldu\u011funu belirtti. Ayr\u0131ca a\u011fr\u0131, metabolik dengesizlikler ve uyku d\u00fczeninin bozulmas\u0131 s\u00fcreci tetikleyen unsurlar aras\u0131nda yer al\u0131yor.<\/p>\n\n\n\n<h3 class=\"wp-block-heading\">Tedaviden \u00d6nce &#8220;\u00d6nleyici Yakla\u015f\u0131m&#8221; \u015eart<\/h3>\n\n\n\n<p>Deliryumla m\u00fccadelede erken tan\u0131 ve koruyucu \u00f6nlemlerin ila\u00e7 tedavisinden daha kritik oldu\u011funu ifade eden Ayo\u011flu, \u015fu \u00f6nerilerde bulundu:<\/p>\n\n\n\n<ol start=\"1\" class=\"wp-block-list\">\n<li><strong>Bili\u015fsel Destek:<\/strong>\u00a0Hastan\u0131n zaman ve mekan alg\u0131s\u0131n\u0131 korumas\u0131 i\u00e7in odada mutlaka\u00a0<strong>saat ve takvim<\/strong>\u00a0bulundurulmal\u0131.<\/li>\n\n\n\n<li><strong>Hareketlilik:<\/strong>\u00a0Hastalar tamamen hareketsiz b\u0131rak\u0131lmamal\u0131.<\/li>\n\n\n\n<li><strong>Sosyal \u0130leti\u015fim:<\/strong>\u00a0Yo\u011fun bak\u0131m hastalar\u0131n\u0131n yak\u0131nlar\u0131yla ileti\u015fim kurmas\u0131 te\u015fvik edilmeli.<\/li>\n\n\n\n<li><strong>Uyku D\u00fczeni:<\/strong>\u00a0Uyku ve uyan\u0131kl\u0131k d\u00f6ng\u00fcs\u00fcn\u00fcn korunmas\u0131 bili\u015fsel sa\u011fl\u0131\u011f\u0131 destekliyor.<\/li>\n<\/ol>\n\n\n\n<h3 class=\"wp-block-heading\">Tek Tip De\u011fil: &#8220;\u0130\u00e7e Kapanma&#8221;ya Dikkat<\/h3>\n\n\n\n<p>Halk aras\u0131nda deliryumun sadece a\u015f\u0131r\u0131 huzursuzluk ve sald\u0131rganl\u0131k (ajitasyon) ile kar\u0131\u015ft\u0131r\u0131ld\u0131\u011f\u0131na dikkat \u00e7eken Ayo\u011flu, hastal\u0131\u011f\u0131n bazen tam tersi \u015fekilde&nbsp;<strong>hareketsizlik ve i\u00e7e kapanma<\/strong>&nbsp;(bask\u0131lay\u0131c\u0131 tip) olarak da ortaya \u00e7\u0131kabilece\u011fi konusunda uyard\u0131.<\/p>\n\n\n\n<p><a href=\"https:\/\/www.sondakika.com\/saglik\/haber-zonguldak-ta-deliryum-riski-yuksek-19646201\">https:\/\/www.sondakika.com\/saglik\/haber-zonguldak-ta-deliryum-riski-yuksek-19646201<\/a><\/p>\n","protected":false},"excerpt":{"rendered":"<p>Zonguldak B\u00fclent Ecevit \u00dcniversitesi Hastanesi Anesteziyoloji ve Reanimasyon Ana Bilim Dal\u0131 Ba\u015fkan\u0131&nbsp;Prof. Dr. Hilal Ayo\u011flu, \u00f6zellikle yo\u011fun bak\u0131m \u00fcnitelerinde tedavi g\u00f6ren eri\u015fkin hastalar\u0131 tehdit eden &#8220;deliryum&#8221; tablosuna kar\u015f\u0131 kritik uyar\u0131larda bulundu. Zihin bozuklu\u011fu olarak tan\u0131mlanan bu durumun, do\u011fru m\u00fcdahale edilmedi\u011finde hayat\u0131 tehdit edebilece\u011fi vurguland\u0131. Deliryum Nedir? Prof. Dr. Ayo\u011flu, deliryumu; bilin\u00e7 d\u00fczeyinde ani de\u011fi\u015fiklikler, dikkat [&hellip;]<\/p>\n","protected":false},"author":5,"featured_media":1950,"comment_status":"open","ping_status":"open","sticky":false,"template":"","format":"standard","meta":{"_jetpack_memberships_contains_paid_content":false,"footnotes":""},"categories":[39],"tags":[],"class_list":["post-1949","post","type-post","status-publish","format-standard","has-post-thumbnail","hentry","category-saglik-haberleri"],"jetpack_featured_media_url":"https:\/\/odakhaber.site\/wp-content\/uploads\/2026\/03\/yatan-hastalarda-gorulen-bilinc-bulanikligini-2-19646152_amp.jpg-2.webp","jetpack_sharing_enabled":true,"_links":{"self":[{"href":"https:\/\/odakhaber.site\/index.php?rest_route=\/wp\/v2\/posts\/1949","targetHints":{"allow":["GET"]}}],"collection":[{"href":"https:\/\/odakhaber.site\/index.php?rest_route=\/wp\/v2\/posts"}],"about":[{"href":"https:\/\/odakhaber.site\/index.php?rest_route=\/wp\/v2\/types\/post"}],"author":[{"embeddable":true,"href":"https:\/\/odakhaber.site\/index.php?rest_route=\/wp\/v2\/users\/5"}],"replies":[{"embeddable":true,"href":"https:\/\/odakhaber.site\/index.php?rest_route=%2Fwp%2Fv2%2Fcomments&post=1949"}],"version-history":[{"count":1,"href":"https:\/\/odakhaber.site\/index.php?rest_route=\/wp\/v2\/posts\/1949\/revisions"}],"predecessor-version":[{"id":1951,"href":"https:\/\/odakhaber.site\/index.php?rest_route=\/wp\/v2\/posts\/1949\/revisions\/1951"}],"wp:featuredmedia":[{"embeddable":true,"href":"https:\/\/odakhaber.site\/index.php?rest_route=\/wp\/v2\/media\/1950"}],"wp:attachment":[{"href":"https:\/\/odakhaber.site\/index.php?rest_route=%2Fwp%2Fv2%2Fmedia&parent=1949"}],"wp:term":[{"taxonomy":"category","embeddable":true,"href":"https:\/\/odakhaber.site\/index.php?rest_route=%2Fwp%2Fv2%2Fcategories&post=1949"},{"taxonomy":"post_tag","embeddable":true,"href":"https:\/\/odakhaber.site\/index.php?rest_route=%2Fwp%2Fv2%2Ftags&post=1949"}],"curies":[{"name":"wp","href":"https:\/\/api.w.org\/{rel}","templated":true}]}}