{"id":1955,"date":"2026-03-11T19:24:07","date_gmt":"2026-03-11T19:24:07","guid":{"rendered":"https:\/\/odakhaber.site\/?p=1955"},"modified":"2026-03-12T18:42:29","modified_gmt":"2026-03-12T18:42:29","slug":"whatsappta-yeni-donem-ucretli-whatsapp-plus-aboneligi-gundemde","status":"publish","type":"post","link":"https:\/\/odakhaber.site\/?p=1955","title":{"rendered":"WhatsApp\u2019ta Yeni D\u00f6nem: \u00dccretli &#8220;WhatsApp Plus&#8221; Aboneli\u011fi G\u00fcndemde"},"content":{"rendered":"\n<p>D\u00fcnyan\u0131n en \u00e7ok kullan\u0131lan anl\u0131k mesajla\u015fma platformu WhatsApp, milyonlarca kullan\u0131c\u0131s\u0131n\u0131 yak\u0131ndan ilgilendiren k\u00f6kl\u00fc bir de\u011fi\u015fikli\u011fe haz\u0131rlan\u0131yor. Dijital platformlarda h\u0131zla yay\u0131lan &#8220;Premium&#8221; \u00fcyelik modeline uyum sa\u011flamay\u0131 planlayan uygulaman\u0131n,&nbsp;<strong>&#8220;WhatsApp Plus&#8221;<\/strong>&nbsp;ad\u0131 alt\u0131nda \u00fccretli bir abonelik sistemi \u00fczerinde \u00e7al\u0131\u015ft\u0131\u011f\u0131 iddia edildi.<\/p>\n\n\n\n<h3 class=\"wp-block-heading\">\u00dccretsiz Kullan\u0131m Devam Edecek<\/h3>\n\n\n\n<p>Kullan\u0131c\u0131lar aras\u0131nda endi\u015fe yaratan haberin ard\u0131ndan, uygulaman\u0131n temel i\u015flevlerinin&nbsp;<strong>\u00fccretsiz kalmaya devam edece\u011fi<\/strong> ancak baz\u0131 \u00f6zel ve geli\u015fmi\u015f \u00f6zelliklerin yaln\u0131zca \u00fccretli abonelere sunulaca\u011f\u0131 belirtildi. Bu modelle birlikte WhatsApp, hem mevcut sad\u0131k kitlesini korumay\u0131 hem de ek hizmetlerle gelir modelini \u00e7e\u015fitlendirmeyi hedefliyor.<\/p>\n\n\n\n<h3 class=\"wp-block-heading\">WhatsApp Plus ile Gelecek Ek Ayr\u0131cal\u0131klar<\/h3>\n\n\n\n<p>S\u0131zan bilgilere g\u00f6re, \u00fccretli abonelik paketi kapsam\u0131nda sunulmas\u0131 beklenen yenilikler \u015funlar:<\/p>\n\n\n\n<ul class=\"wp-block-list\">\n<li><strong>Geli\u015fmi\u015f Ki\u015fiselle\u015ftirme:<\/strong>&nbsp;Uygulama simgesini de\u011fi\u015ftirme, farkl\u0131 renk temalar\u0131 ve \u00f6zel zil sesleri belirleme imkan\u0131.<\/li>\n\n\n\n<li><strong>Sohbet Sabitleme S\u0131n\u0131r\u0131:<\/strong>&nbsp;\u00dccretsiz s\u00fcr\u00fcmde en fazla \u00fc\u00e7 olan sohbet sabitleme s\u0131n\u0131r\u0131n\u0131n, \u00fccretli versiyonda art\u0131r\u0131lmas\u0131.<\/li>\n\n\n\n<li><strong>\u00d6zel \u0130\u00e7erikler:<\/strong>&nbsp;Sadece Plus kullan\u0131c\u0131lar\u0131na \u00f6zel tasarlanm\u0131\u015f \u00e7\u0131kartma paketleri ve ek ara\u00e7lar.<\/li>\n<\/ul>\n\n\n\n<h3 class=\"wp-block-heading\">Meta\u2019dan Resmi Onay Bekleniyor<\/h3>\n\n\n\n<p>WhatsApp&#8217;\u0131n \u00e7at\u0131 \u015firketi&nbsp;<strong>Meta<\/strong>, konuya ili\u015fkin hen\u00fcz resmi bir duyuru yapmad\u0131. Ancak teknoloji analizleri, Meta&#8217;n\u0131n b\u00fcnyesindeki di\u011fer platformlarda (Instagram ve Facebook gibi) devreye ald\u0131\u011f\u0131 \u00fccretli onaylanm\u0131\u015f hesap ve ek \u00f6zellik modellerinin, WhatsApp i\u00e7in de benzer bir s\u00fcrecin habercisi oldu\u011funu de\u011ferlendiriyor.<\/p>\n\n\n\n<p>KARDE\u015e HABER<\/p>\n\n\n\n<p><a href=\"https:\/\/www.sondakika.com\/teknoloji\/haber-whatsapp-tan-milyonlarca-kullaniciyi-soke-eden-19646832\">https:\/\/www.sondakika.com\/teknoloji\/haber-whatsapp-tan-milyonlarca-kullaniciyi-soke-eden-19646832<\/a><\/p>\n\n\n\n<hr class=\"wp-block-separator has-alpha-channel-opacity\"\/>\n\n\n\n<p><\/p>\n","protected":false},"excerpt":{"rendered":"<p>D\u00fcnyan\u0131n en \u00e7ok kullan\u0131lan anl\u0131k mesajla\u015fma platformu WhatsApp, milyonlarca kullan\u0131c\u0131s\u0131n\u0131 yak\u0131ndan ilgilendiren k\u00f6kl\u00fc bir de\u011fi\u015fikli\u011fe haz\u0131rlan\u0131yor. Dijital platformlarda h\u0131zla yay\u0131lan &#8220;Premium&#8221; \u00fcyelik modeline uyum sa\u011flamay\u0131 planlayan uygulaman\u0131n,&nbsp;&#8220;WhatsApp Plus&#8221;&nbsp;ad\u0131 alt\u0131nda \u00fccretli bir abonelik sistemi \u00fczerinde \u00e7al\u0131\u015ft\u0131\u011f\u0131 iddia edildi. \u00dccretsiz Kullan\u0131m Devam Edecek Kullan\u0131c\u0131lar aras\u0131nda endi\u015fe yaratan haberin ard\u0131ndan, uygulaman\u0131n temel i\u015flevlerinin&nbsp;\u00fccretsiz kalmaya devam edece\u011fi ancak baz\u0131 [&hellip;]<\/p>\n","protected":false},"author":5,"featured_media":1957,"comment_status":"open","ping_status":"open","sticky":false,"template":"","format":"standard","meta":{"_jetpack_memberships_contains_paid_content":false,"footnotes":""},"categories":[37],"tags":[],"class_list":["post-1955","post","type-post","status-publish","format-standard","has-post-thumbnail","hentry","category-dunya-haberleri"],"jetpack_featured_media_url":"https:\/\/odakhaber.site\/wp-content\/uploads\/2026\/03\/whatsapp-tan-milyonlarca-kullaniciyi-soke-eden-19646832_9902_amp.jpg.webp","jetpack_sharing_enabled":true,"_links":{"self":[{"href":"https:\/\/odakhaber.site\/index.php?rest_route=\/wp\/v2\/posts\/1955","targetHints":{"allow":["GET"]}}],"collection":[{"href":"https:\/\/odakhaber.site\/index.php?rest_route=\/wp\/v2\/posts"}],"about":[{"href":"https:\/\/odakhaber.site\/index.php?rest_route=\/wp\/v2\/types\/post"}],"author":[{"embeddable":true,"href":"https:\/\/odakhaber.site\/index.php?rest_route=\/wp\/v2\/users\/5"}],"replies":[{"embeddable":true,"href":"https:\/\/odakhaber.site\/index.php?rest_route=%2Fwp%2Fv2%2Fcomments&post=1955"}],"version-history":[{"count":4,"href":"https:\/\/odakhaber.site\/index.php?rest_route=\/wp\/v2\/posts\/1955\/revisions"}],"predecessor-version":[{"id":2062,"href":"https:\/\/odakhaber.site\/index.php?rest_route=\/wp\/v2\/posts\/1955\/revisions\/2062"}],"wp:featuredmedia":[{"embeddable":true,"href":"https:\/\/odakhaber.site\/index.php?rest_route=\/wp\/v2\/media\/1957"}],"wp:attachment":[{"href":"https:\/\/odakhaber.site\/index.php?rest_route=%2Fwp%2Fv2%2Fmedia&parent=1955"}],"wp:term":[{"taxonomy":"category","embeddable":true,"href":"https:\/\/odakhaber.site\/index.php?rest_route=%2Fwp%2Fv2%2Fcategories&post=1955"},{"taxonomy":"post_tag","embeddable":true,"href":"https:\/\/odakhaber.site\/index.php?rest_route=%2Fwp%2Fv2%2Ftags&post=1955"}],"curies":[{"name":"wp","href":"https:\/\/api.w.org\/{rel}","templated":true}]}}