{"id":1966,"date":"2026-03-11T19:35:47","date_gmt":"2026-03-11T19:35:47","guid":{"rendered":"https:\/\/odakhaber.site\/?p=1966"},"modified":"2026-03-11T19:35:47","modified_gmt":"2026-03-11T19:35:47","slug":"goruntu-veremeyiz-ama-beraber-izleyebiliriz","status":"publish","type":"post","link":"https:\/\/odakhaber.site\/?p=1966","title":{"rendered":"&#8220;G\u00f6r\u00fcnt\u00fc Veremeyiz Ama Beraber \u0130zleyebiliriz&#8221;"},"content":{"rendered":"\n<p>Mecnun Otyakmaz, FIFA ve UEFA protokolleri gere\u011fi VAR g\u00f6r\u00fcnt\u00fclerini kul\u00fcplere veya kamuoyuna ham haliyle servis etmelerinin m\u00fcmk\u00fcn olmad\u0131\u011f\u0131n\u0131 ifade etti. Ancak \u015feffafl\u0131k vurgusu yaparak Be\u015fikta\u015f y\u00f6netimine \u015fu \u00e7a\u011fr\u0131da bulundu:<\/p>\n\n\n\n<blockquote class=\"wp-block-quote is-layout-flow wp-block-quote-is-layout-flow\">\n<p>&#8220;VAR g\u00f6r\u00fcnt\u00fclerini d\u0131\u015far\u0131ya veremeyiz. Gelsinler birlikte izleyelim. Bundan sonraki d\u00f6nemde iki tane tak\u0131mdan birer y\u00f6netici gelsin, VAR odas\u0131ndaki teknik b\u00f6l\u00fcmde otursun. VAR odas\u0131nda oturup beraber izlesinler. Baks\u0131nlar ne oluyor.&#8221;<\/p>\n<\/blockquote>\n\n\n\n<h3 class=\"wp-block-heading\">&#8220;Aymazl\u0131k Yap\u0131lmas\u0131 S\u00f6z Konusu De\u011fil&#8221;<\/h3>\n\n\n\n<p>Eski bir kul\u00fcp ba\u015fkan\u0131 olarak camialar\u0131n hassasiyetini anlad\u0131\u011f\u0131n\u0131 belirten Otyakmaz, sistemin g\u00fcvenirli\u011fine dair sert bir savunma yapt\u0131:<\/p>\n\n\n\n<blockquote class=\"wp-block-quote is-layout-flow wp-block-quote-is-layout-flow\">\n<p>&#8220;Ben kul\u00fcp ba\u015fkanl\u0131\u011f\u0131 yapt\u0131m. B\u00f6yle bir \u015fey olabilir mi! Bu kadar insan\u0131 ilgilendiren bir i\u015fte aymazl\u0131k yapabilir miyiz? L\u00fctfen g\u00fcvensinler. Be\u015fikta\u015f&#8217;\u0131n yaz\u0131s\u0131n\u0131 da yok farz edemeyiz, onlara uygun lisanla cevap verece\u011fiz.&#8221;<\/p>\n<\/blockquote>\n\n\n\n<h3 class=\"wp-block-heading\">Kul\u00fcplere Ortak \u0130zleme \u0130zni<\/h3>\n\n\n\n<p>Otyakmaz, ma\u00e7lardaki tart\u0131\u015fmal\u0131 anlar i\u00e7in kul\u00fcplerin anla\u015fmas\u0131 halinde VAR odas\u0131nda inceleme yapabilece\u011fini s\u00f6yleyerek yeni bir d\u00f6nemin kap\u0131s\u0131n\u0131 aralad\u0131:<\/p>\n\n\n\n<ul class=\"wp-block-list\">\n<li><strong>T\u00fcm Y\u00f6neticilere A\u00e7\u0131k Kap\u0131:<\/strong>\u00a0&#8220;Kim g\u00f6rmek istiyorsa gelsin, kap\u0131m\u0131z a\u00e7\u0131k. Buyurun gelin g\u00f6sterelim neler ya\u015fand\u0131\u011f\u0131n\u0131.&#8221;<\/li>\n\n\n\n<li><strong>Protokol Vurgusu:<\/strong>\u00a0&#8220;\u0130ki kul\u00fcp anla\u015fs\u0131nlar, orada VAR ile beraber izlesinler. Buna biz izin veriyoruz. Burada VAR protokol\u00fcne ayk\u0131r\u0131 bir \u015fey yok.&#8221;<\/li>\n<\/ul>\n\n\n\n<p><a href=\"https:\/\/www.aspor.com.tr\/besiktas\/2026\/03\/11\/tff-baskan-vekili-mecnun-otyakmazdan-besiktasa-var-videosu-cevabi\">https:\/\/www.aspor.com.tr\/besiktas\/2026\/03\/11\/tff-baskan-vekili-mecnun-otyakmazdan-besiktasa-var-videosu-cevabi<\/a><\/p>\n","protected":false},"excerpt":{"rendered":"<p>Mecnun Otyakmaz, FIFA ve UEFA protokolleri gere\u011fi VAR g\u00f6r\u00fcnt\u00fclerini kul\u00fcplere veya kamuoyuna ham haliyle servis etmelerinin m\u00fcmk\u00fcn olmad\u0131\u011f\u0131n\u0131 ifade etti. Ancak \u015feffafl\u0131k vurgusu yaparak Be\u015fikta\u015f y\u00f6netimine \u015fu \u00e7a\u011fr\u0131da bulundu: &#8220;VAR g\u00f6r\u00fcnt\u00fclerini d\u0131\u015far\u0131ya veremeyiz. Gelsinler birlikte izleyelim. Bundan sonraki d\u00f6nemde iki tane tak\u0131mdan birer y\u00f6netici gelsin, VAR odas\u0131ndaki teknik b\u00f6l\u00fcmde otursun. VAR odas\u0131nda oturup beraber izlesinler. [&hellip;]<\/p>\n","protected":false},"author":4,"featured_media":1967,"comment_status":"open","ping_status":"open","sticky":false,"template":"","format":"standard","meta":{"_jetpack_memberships_contains_paid_content":false,"footnotes":""},"categories":[9],"tags":[],"class_list":["post-1966","post","type-post","status-publish","format-standard","has-post-thumbnail","hentry","category-spor"],"jetpack_featured_media_url":"https:\/\/odakhaber.site\/wp-content\/uploads\/2026\/03\/836x530-tff-baskan-vekili-mecnun-otyakmazdan-besiktasa-var-videosu-cevabi-1773230650170.jpeg","jetpack_sharing_enabled":true,"_links":{"self":[{"href":"https:\/\/odakhaber.site\/index.php?rest_route=\/wp\/v2\/posts\/1966","targetHints":{"allow":["GET"]}}],"collection":[{"href":"https:\/\/odakhaber.site\/index.php?rest_route=\/wp\/v2\/posts"}],"about":[{"href":"https:\/\/odakhaber.site\/index.php?rest_route=\/wp\/v2\/types\/post"}],"author":[{"embeddable":true,"href":"https:\/\/odakhaber.site\/index.php?rest_route=\/wp\/v2\/users\/4"}],"replies":[{"embeddable":true,"href":"https:\/\/odakhaber.site\/index.php?rest_route=%2Fwp%2Fv2%2Fcomments&post=1966"}],"version-history":[{"count":1,"href":"https:\/\/odakhaber.site\/index.php?rest_route=\/wp\/v2\/posts\/1966\/revisions"}],"predecessor-version":[{"id":1968,"href":"https:\/\/odakhaber.site\/index.php?rest_route=\/wp\/v2\/posts\/1966\/revisions\/1968"}],"wp:featuredmedia":[{"embeddable":true,"href":"https:\/\/odakhaber.site\/index.php?rest_route=\/wp\/v2\/media\/1967"}],"wp:attachment":[{"href":"https:\/\/odakhaber.site\/index.php?rest_route=%2Fwp%2Fv2%2Fmedia&parent=1966"}],"wp:term":[{"taxonomy":"category","embeddable":true,"href":"https:\/\/odakhaber.site\/index.php?rest_route=%2Fwp%2Fv2%2Fcategories&post=1966"},{"taxonomy":"post_tag","embeddable":true,"href":"https:\/\/odakhaber.site\/index.php?rest_route=%2Fwp%2Fv2%2Ftags&post=1966"}],"curies":[{"name":"wp","href":"https:\/\/api.w.org\/{rel}","templated":true}]}}