{"id":1969,"date":"2026-03-11T19:38:06","date_gmt":"2026-03-11T19:38:06","guid":{"rendered":"https:\/\/odakhaber.site\/?p=1969"},"modified":"2026-03-11T19:38:06","modified_gmt":"2026-03-11T19:38:06","slug":"karadeniz-derbisi-gece-macina-dondu","status":"publish","type":"post","link":"https:\/\/odakhaber.site\/?p=1969","title":{"rendered":"Karadeniz Derbisi Gece Ma\u00e7\u0131na D\u00f6nd\u00fc"},"content":{"rendered":"\n<p>Trabzonspor, Trendyol S\u00fcper Lig Mehmet Ali Y\u0131lmaz Sezonu kapsam\u0131nda kendi sahas\u0131nda a\u011f\u0131rlayaca\u011f\u0131 \u00c7aykur Rizespor ma\u00e7\u0131n\u0131n saatiyle ilgili T\u00fcrkiye Futbol Federasyonu (TFF) ile yap\u0131lan koordinasyon sonucunda de\u011fi\u015fikli\u011fe gidildi\u011fini belirtti.<\/p>\n\n\n\n<h3 class=\"wp-block-heading\">Ortak Talep Kabul Edildi<\/h3>\n\n\n\n<p>Bordo-mavili kul\u00fcp taraf\u0131ndan payla\u015f\u0131lan resmi a\u00e7\u0131klamada \u015fu ifadelere yer verildi:<\/p>\n\n\n\n<blockquote class=\"wp-block-quote is-layout-flow wp-block-quote-is-layout-flow\">\n<p>&#8220;Trendyol S\u00fcper Lig Mehmet Ali Y\u0131lmaz Sezonu&#8217;nun 26. haftas\u0131nda \u00c7aykur Rizespor ile oynayaca\u011f\u0131m\u0131z kar\u015f\u0131la\u015fman\u0131n ba\u015flama saatinde de\u011fi\u015fikli\u011fe gidilmi\u015ftir. 14 Mart 2026 Cumartesi g\u00fcn\u00fc Papara Park&#8217;ta oynanacak ve daha \u00f6nce saat 16.00&#8217;da ba\u015flayaca\u011f\u0131 a\u00e7\u0131klanan m\u00fcsabakan\u0131n ba\u015flama saati, her iki kul\u00fcb\u00fcn talebi \u00fczerine&nbsp;<strong>20.00<\/strong>&nbsp;olarak g\u00fcncellenmi\u015ftir.&#8221;<\/p>\n<\/blockquote>\n\n\n\n<h3 class=\"wp-block-heading\">Ma\u00e7 Takvimi \u00d6zeti<\/h3>\n\n\n\n<ul class=\"wp-block-list\">\n<li><strong>Kar\u015f\u0131la\u015fma:<\/strong>\u00a0Trabzonspor &#8211; \u00c7aykur Rizespor<\/li>\n\n\n\n<li><strong>Tarih:<\/strong>\u00a014 Mart 2026, Cumartesi<\/li>\n\n\n\n<li><strong>Stadyum:<\/strong>\u00a0Papara Park<\/li>\n\n\n\n<li><strong>Eski Saat:<\/strong>\u00a016.00<\/li>\n\n\n\n<li><strong>Yeni Saat:<\/strong>\u00a0<strong>20.00<\/strong><\/li>\n<\/ul>\n\n\n\n<p><a href=\"https:\/\/www.aspor.com.tr\/trabzonspor\/2026\/03\/11\/trabzonspor-caykur-rizespor-macinin-saati-degisti\">https:\/\/www.aspor.com.tr\/trabzonspor\/2026\/03\/11\/trabzonspor-caykur-rizespor-macinin-saati-degisti<\/a><\/p>\n","protected":false},"excerpt":{"rendered":"<p>Trabzonspor, Trendyol S\u00fcper Lig Mehmet Ali Y\u0131lmaz Sezonu kapsam\u0131nda kendi sahas\u0131nda a\u011f\u0131rlayaca\u011f\u0131 \u00c7aykur Rizespor ma\u00e7\u0131n\u0131n saatiyle ilgili T\u00fcrkiye Futbol Federasyonu (TFF) ile yap\u0131lan koordinasyon sonucunda de\u011fi\u015fikli\u011fe gidildi\u011fini belirtti. Ortak Talep Kabul Edildi Bordo-mavili kul\u00fcp taraf\u0131ndan payla\u015f\u0131lan resmi a\u00e7\u0131klamada \u015fu ifadelere yer verildi: &#8220;Trendyol S\u00fcper Lig Mehmet Ali Y\u0131lmaz Sezonu&#8217;nun 26. haftas\u0131nda \u00c7aykur Rizespor ile oynayaca\u011f\u0131m\u0131z [&hellip;]<\/p>\n","protected":false},"author":4,"featured_media":1970,"comment_status":"open","ping_status":"open","sticky":false,"template":"","format":"standard","meta":{"_jetpack_memberships_contains_paid_content":false,"footnotes":""},"categories":[9],"tags":[],"class_list":["post-1969","post","type-post","status-publish","format-standard","has-post-thumbnail","hentry","category-spor"],"jetpack_featured_media_url":"https:\/\/odakhaber.site\/wp-content\/uploads\/2026\/03\/836x530-trabzonspor-caykur-rizespor-macinin-saati-degisti-1773239252179.jpg","jetpack_sharing_enabled":true,"_links":{"self":[{"href":"https:\/\/odakhaber.site\/index.php?rest_route=\/wp\/v2\/posts\/1969","targetHints":{"allow":["GET"]}}],"collection":[{"href":"https:\/\/odakhaber.site\/index.php?rest_route=\/wp\/v2\/posts"}],"about":[{"href":"https:\/\/odakhaber.site\/index.php?rest_route=\/wp\/v2\/types\/post"}],"author":[{"embeddable":true,"href":"https:\/\/odakhaber.site\/index.php?rest_route=\/wp\/v2\/users\/4"}],"replies":[{"embeddable":true,"href":"https:\/\/odakhaber.site\/index.php?rest_route=%2Fwp%2Fv2%2Fcomments&post=1969"}],"version-history":[{"count":1,"href":"https:\/\/odakhaber.site\/index.php?rest_route=\/wp\/v2\/posts\/1969\/revisions"}],"predecessor-version":[{"id":1971,"href":"https:\/\/odakhaber.site\/index.php?rest_route=\/wp\/v2\/posts\/1969\/revisions\/1971"}],"wp:featuredmedia":[{"embeddable":true,"href":"https:\/\/odakhaber.site\/index.php?rest_route=\/wp\/v2\/media\/1970"}],"wp:attachment":[{"href":"https:\/\/odakhaber.site\/index.php?rest_route=%2Fwp%2Fv2%2Fmedia&parent=1969"}],"wp:term":[{"taxonomy":"category","embeddable":true,"href":"https:\/\/odakhaber.site\/index.php?rest_route=%2Fwp%2Fv2%2Fcategories&post=1969"},{"taxonomy":"post_tag","embeddable":true,"href":"https:\/\/odakhaber.site\/index.php?rest_route=%2Fwp%2Fv2%2Ftags&post=1969"}],"curies":[{"name":"wp","href":"https:\/\/api.w.org\/{rel}","templated":true}]}}