{"id":1972,"date":"2026-03-11T19:40:06","date_gmt":"2026-03-11T19:40:06","guid":{"rendered":"https:\/\/odakhaber.site\/?p=1972"},"modified":"2026-03-11T19:40:06","modified_gmt":"2026-03-11T19:40:06","slug":"atamandan-fenerbahce-vurgusu-avrupanin-en-basarili-ikinci-kulubuyuz","status":"publish","type":"post","link":"https:\/\/odakhaber.site\/?p=1972","title":{"rendered":"Ataman\u2019dan Fenerbah\u00e7e Vurgusu: &#8220;Avrupa&#8217;n\u0131n En Ba\u015far\u0131l\u0131 \u0130kinci Kul\u00fcb\u00fcy\u00fcz&#8221;"},"content":{"rendered":"\n<p>Panathinaikos AKTOR\u2019un ba\u015far\u0131l\u0131 \u00e7al\u0131\u015ft\u0131r\u0131c\u0131s\u0131 Ergin Ataman, Yunan medyas\u0131n\u0131n kar\u015f\u0131s\u0131na ge\u00e7erek son 2,5 y\u0131ll\u0131k s\u00fcreci masaya yat\u0131rd\u0131. Ataman, elde ettikleri ba\u015far\u0131lar\u0131 hat\u0131rlatarak Fenerbah\u00e7e Beko\u2019yu bu listenin tepesine koydu ve \u015fu ifadeleri kulland\u0131:<\/p>\n\n\n\n<blockquote class=\"wp-block-quote is-layout-flow wp-block-quote-is-layout-flow\">\n<p>&#8220;Tak\u0131mda son 2,5 y\u0131ld\u0131r birlikte oynayan yedi oyuncu var. Herkese hat\u0131rlatmak isterim ki; bu s\u00fcre\u00e7te bizden daha iyi sonu\u00e7lar alan&nbsp;<strong>Fenerbah\u00e7e&#8217;den sonra Avrupa&#8217;n\u0131n en ba\u015far\u0131l\u0131 kul\u00fcb\u00fcy\u00fcz.<\/strong>&nbsp;1 Avrupa Ligi \u015fampiyonlu\u011fu, 1 Yunanistan \u015fampiyonlu\u011fu ve 2 Yunanistan Kupas\u0131 kazand\u0131k.&#8221;<\/p>\n<\/blockquote>\n\n\n\n<h3 class=\"wp-block-heading\">&#8220;Normal Sezonu De\u011fil, \u015eampiyonlu\u011fu Umursuyorum&#8221;<\/h3>\n\n\n\n<p>Kazanma odakl\u0131 felsefesini bir kez daha hat\u0131rlatan Ataman, baz\u0131 ma\u011flubiyetlerin kendisini sarsmad\u0131\u011f\u0131n\u0131 ancak \u015fampiyonluk yolundaki kay\u0131plara odakland\u0131\u011f\u0131n\u0131 belirtti:<\/p>\n\n\n\n<ul class=\"wp-block-list\">\n<li><strong>Ma\u011flubiyet Bak\u0131\u015f\u0131:<\/strong>\u00a0&#8220;Normal sezonda ma\u00e7 kaybetmeyi umursam\u0131yorum. Sadece ge\u00e7en y\u0131l oldu\u011fu gibi D\u00f6rtl\u00fc Final&#8217;de kaybetti\u011fimizde ya da hakem kararlar\u0131yla kaybetti\u011fimiz kritik anlar\u0131 umursuyorum.&#8221;<\/li>\n\n\n\n<li><strong>Hedef Felsefesi:<\/strong>\u00a0&#8220;Baz\u0131 tak\u0131mlar normal sezonda bizi yendiklerinde \u00e7ok mutlu oluyorlar; ama biz sadece \u015fampiyonlu\u011fu kazand\u0131\u011f\u0131m\u0131zda mutlu oluyoruz. Bu benim ko\u00e7luk felsefem.&#8221;<\/li>\n<\/ul>\n\n\n\n<h3 class=\"wp-block-heading\">Zalgiris Ma\u00e7\u0131: &#8220;Play-off Yolunda Kritik D\u00f6neme\u00e7&#8221;<\/h3>\n\n\n\n<p>Sekiz ma\u00e7\u0131n kald\u0131\u011f\u0131 lig maratonunda Zalgiris Kaunas kar\u015f\u0131la\u015fmas\u0131n\u0131n \u00f6nemine dikkat \u00e7eken tecr\u00fcbe isim, &#8220;Zalgiris ile aram\u0131zda bir galibiyet fark\u0131 var. Kazand\u0131\u011f\u0131m\u0131z her ma\u00e7 bizi iyi pozisyonlara yakla\u015ft\u0131r\u0131yor, kaybetti\u011fimiz her ma\u00e7 ise play-off&#8217;lar\u0131 riske at\u0131yor&#8221; dedi. Ataman, Telekom Center&#8217;da taraftar deste\u011fiyle agresif ve \u00f6z g\u00fcvenli bir oyun sergilemeyi umdu\u011funu da s\u00f6zlerine ekledi.<\/p>\n\n\n\n<h3 class=\"wp-block-heading\">&#8220;Biz Bir Aileyiz&#8221;<\/h3>\n\n\n\n<p>Kul\u00fcp sahibi Dimitrios Giannakopoulos\u2019un tak\u0131mla yak\u0131ndan ilgilenmesinden memnuniyet duydu\u011funu ifade eden Ataman, tak\u0131m\u0131n zihinsel ve fiziksel olarak agresif kalarak zor durumlar\u0131n \u00fcstesinden gelebilece\u011fine inand\u0131\u011f\u0131n\u0131 s\u00f6yledi:<\/p>\n\n\n\n<blockquote class=\"wp-block-quote is-layout-flow wp-block-quote-is-layout-flow\">\n<p>&#8220;B\u00fcy\u00fck tak\u0131mlar zor durumlar\u0131n \u00fcstesinden gelebilir. Kul\u00fcpte sahip oldu\u011fumuz bu zihniyeti may\u0131s ve haziran aylar\u0131nda g\u00f6rece\u011fimize inan\u0131yorum.&#8221;<\/p>\n<\/blockquote>\n\n\n\n<p><a href=\"https:\/\/www.aspor.com.tr\/basketbol\/2026\/03\/11\/ergin-atamandan-flas-fenerbahce-beko-aciklamasi\">https:\/\/www.aspor.com.tr\/basketbol\/2026\/03\/11\/ergin-atamandan-flas-fenerbahce-beko-aciklamasi<\/a><\/p>\n","protected":false},"excerpt":{"rendered":"<p>Panathinaikos AKTOR\u2019un ba\u015far\u0131l\u0131 \u00e7al\u0131\u015ft\u0131r\u0131c\u0131s\u0131 Ergin Ataman, Yunan medyas\u0131n\u0131n kar\u015f\u0131s\u0131na ge\u00e7erek son 2,5 y\u0131ll\u0131k s\u00fcreci masaya yat\u0131rd\u0131. Ataman, elde ettikleri ba\u015far\u0131lar\u0131 hat\u0131rlatarak Fenerbah\u00e7e Beko\u2019yu bu listenin tepesine koydu ve \u015fu ifadeleri kulland\u0131: &#8220;Tak\u0131mda son 2,5 y\u0131ld\u0131r birlikte oynayan yedi oyuncu var. Herkese hat\u0131rlatmak isterim ki; bu s\u00fcre\u00e7te bizden daha iyi sonu\u00e7lar alan&nbsp;Fenerbah\u00e7e&#8217;den sonra Avrupa&#8217;n\u0131n en ba\u015far\u0131l\u0131 [&hellip;]<\/p>\n","protected":false},"author":4,"featured_media":1973,"comment_status":"open","ping_status":"open","sticky":false,"template":"","format":"standard","meta":{"_jetpack_memberships_contains_paid_content":false,"footnotes":""},"categories":[9],"tags":[],"class_list":["post-1972","post","type-post","status-publish","format-standard","has-post-thumbnail","hentry","category-spor"],"jetpack_featured_media_url":"https:\/\/odakhaber.site\/wp-content\/uploads\/2026\/03\/836x530-ataman-fenerbahce-bekodan-sonra-avrupanin-en-basarili-kulubu-olduklarini-soyledi-1773252109722.jpeg","jetpack_sharing_enabled":true,"_links":{"self":[{"href":"https:\/\/odakhaber.site\/index.php?rest_route=\/wp\/v2\/posts\/1972","targetHints":{"allow":["GET"]}}],"collection":[{"href":"https:\/\/odakhaber.site\/index.php?rest_route=\/wp\/v2\/posts"}],"about":[{"href":"https:\/\/odakhaber.site\/index.php?rest_route=\/wp\/v2\/types\/post"}],"author":[{"embeddable":true,"href":"https:\/\/odakhaber.site\/index.php?rest_route=\/wp\/v2\/users\/4"}],"replies":[{"embeddable":true,"href":"https:\/\/odakhaber.site\/index.php?rest_route=%2Fwp%2Fv2%2Fcomments&post=1972"}],"version-history":[{"count":1,"href":"https:\/\/odakhaber.site\/index.php?rest_route=\/wp\/v2\/posts\/1972\/revisions"}],"predecessor-version":[{"id":1974,"href":"https:\/\/odakhaber.site\/index.php?rest_route=\/wp\/v2\/posts\/1972\/revisions\/1974"}],"wp:featuredmedia":[{"embeddable":true,"href":"https:\/\/odakhaber.site\/index.php?rest_route=\/wp\/v2\/media\/1973"}],"wp:attachment":[{"href":"https:\/\/odakhaber.site\/index.php?rest_route=%2Fwp%2Fv2%2Fmedia&parent=1972"}],"wp:term":[{"taxonomy":"category","embeddable":true,"href":"https:\/\/odakhaber.site\/index.php?rest_route=%2Fwp%2Fv2%2Fcategories&post=1972"},{"taxonomy":"post_tag","embeddable":true,"href":"https:\/\/odakhaber.site\/index.php?rest_route=%2Fwp%2Fv2%2Ftags&post=1972"}],"curies":[{"name":"wp","href":"https:\/\/api.w.org\/{rel}","templated":true}]}}