{"id":2013,"date":"2026-03-12T06:37:01","date_gmt":"2026-03-12T06:37:01","guid":{"rendered":"https:\/\/odakhaber.site\/?p=2013"},"modified":"2026-03-12T06:37:01","modified_gmt":"2026-03-12T06:37:01","slug":"kanserle-mucadelede-maddi-darbogaz-21-gunluk-yasam-bedeli-54-bin-tl","status":"publish","type":"post","link":"https:\/\/odakhaber.site\/?p=2013","title":{"rendered":"Kanserle M\u00fccadelede Maddi Darbo\u011faz: 21 G\u00fcnl\u00fck Ya\u015fam Bedeli 54 Bin TL!"},"content":{"rendered":"\n<p>\u0130zmir\u2019de ya\u015fayan 44 ya\u015f\u0131ndaki \u00fc\u00e7 \u00e7ocuk annesi&nbsp;<strong>Derya \u015eak\u015fak<\/strong>, bir yandan meme kanseriyle sava\u015f\u0131rken di\u011fer yandan Sosyal G\u00fcvenlik Kurumu\u2019nun (SGK) kar\u015f\u0131lamad\u0131\u011f\u0131 &#8220;ak\u0131ll\u0131 ila\u00e7&#8221; masraflar\u0131 alt\u0131nda eziliyor. \u015eak\u015fak, hayata tutunabilmek i\u00e7in her 21 g\u00fcnde bir&nbsp;<strong>54 bin 407 TL<\/strong>&nbsp;\u00f6demek zorunda.<\/p>\n\n\n\n<h3 class=\"wp-block-heading\">Te\u015fhis S\u00fcreci: &#8220;\u00dc\u00e7 Y\u0131l Boyunca G\u00f6r\u00fcnmedi&#8221;<\/h3>\n\n\n\n<p>Mobilya sekt\u00f6r\u00fcnde terzi olarak \u00e7al\u0131\u015f\u0131rken 2024 y\u0131l\u0131n\u0131n May\u0131s ay\u0131nda te\u015fhis alan \u015eak\u015fak, hastal\u0131\u011f\u0131n tespit edilme s\u00fcrecindeki zorluklar\u0131 \u015fu s\u00f6zlerle aktar\u0131yor:<\/p>\n\n\n\n<blockquote class=\"wp-block-quote is-layout-flow wp-block-quote-is-layout-flow\">\n<p>&#8220;Te\u015fhisten \u00f6nce yakla\u015f\u0131k \u00fc\u00e7 y\u0131l boyunca \u015fikayetlerim vard\u0131. Alt\u0131 ayda bir kontrole gidiyordum. Mamografi ve MR \u00e7ekiliyordu ama hi\u00e7bir \u015fekilde g\u00f6r\u00fcnm\u00fcyordu. Sa\u011f taraf\u0131mda kist vard\u0131, sol taraf\u0131mda a\u011fr\u0131 oluyordu. Sonunda ultrasonda sol taraf\u0131mda t\u00fcm\u00f6r g\u00f6r\u00fcld\u00fc.&#8221;<\/p>\n<\/blockquote>\n\n\n\n<h3 class=\"wp-block-heading\">Yarg\u0131 Yolu Kapand\u0131, Bor\u00e7 Y\u00fck\u00fc Ba\u015flad\u0131<\/h3>\n\n\n\n<p>Doktorlar\u0131n\u0131n acil olarak ak\u0131ll\u0131 ila\u00e7 tedavisine ba\u015flamas\u0131 gerekti\u011fini belirtmesi \u00fczerine \u015eak\u015fak, ilac\u0131n SGK kapsam\u0131na al\u0131nmas\u0131 i\u00e7in hukuki m\u00fccadele ba\u015flatt\u0131. Ancak yarg\u0131 s\u00fcreci bekledi\u011fi gibi sonu\u00e7lanmad\u0131:<\/p>\n\n\n\n<blockquote class=\"wp-block-quote is-layout-flow wp-block-quote-is-layout-flow\">\n<p>&#8220;Avukat\u0131mla dava a\u00e7t\u0131k ama dosya iki kez istinaftan geri d\u00f6nd\u00fc ve kabul edilmedi. Yarg\u0131 s\u00fcreci devam ediyor. Doktorlar\u0131m ilaca hemen ba\u015flamam gerekti\u011fini, mahkemeyi beklersem bunun \u00e7ok tehlikeli olaca\u011f\u0131n\u0131 s\u00f6ylediler. Bu y\u00fczden mecburen ilac\u0131 kendim almaya ba\u015flad\u0131m.&#8221;<\/p>\n<\/blockquote>\n\n\n\n<h3 class=\"wp-block-heading\">\u0130la\u00e7 Fiyatlar\u0131na Dev Zam<\/h3>\n\n\n\n<p>Tedaviye ba\u015flad\u0131\u011f\u0131nda 42 bin TL band\u0131nda olan ila\u00e7 fiyat\u0131, yeni y\u0131lla birlikte ula\u015f\u0131lamaz bir noktaya geldi:<\/p>\n\n\n\n<blockquote class=\"wp-block-quote is-layout-flow wp-block-quote-is-layout-flow\">\n<p>&#8220;\u0130lk dokuz ay boyunca her kutuya&nbsp;<strong>42 bin 820 lira<\/strong>&nbsp;\u00f6dedim. Y\u0131lba\u015f\u0131nda zam geldi ve \u015fu anda bir kutu&nbsp;<strong>54 bin 407 lira<\/strong>&nbsp;oldu. \u0130lac\u0131m 21 g\u00fcnde bitiyor. Yani her 21 g\u00fcnde bir yeniden almak zorunday\u0131m.&#8221;<\/p>\n<\/blockquote>\n\n\n\n<h3 class=\"wp-block-heading\">Dayan\u0131\u015fma \u0130le Ge\u00e7en Bir Y\u0131l<\/h3>\n\n\n\n<p>E\u015finin asgari \u00fccretle \u00e7al\u0131\u015ft\u0131\u011f\u0131n\u0131 ve kendisinin i\u015fi b\u0131rakmak zorunda kald\u0131\u011f\u0131n\u0131 ifade eden Derya \u015eak\u015fak, tedavisini \u00e7evresinin ve sosyal medyan\u0131n deste\u011fiyle s\u00fcrd\u00fcrebiliyor:<\/p>\n\n\n\n<blockquote class=\"wp-block-quote is-layout-flow wp-block-quote-is-layout-flow\">\n<p>&#8220;\u0130lk duydu\u011fumda &#8216;bunu asla alamam&#8217; dedim. \u00c7evrem fitre ve zek\u00e2tlarla destek oldu. Sosyal medyada da ya\u015fad\u0131klar\u0131m\u0131 anlatmaya ba\u015flad\u0131m. Bug\u00fcn yine hastaneye gidip ilac\u0131m\u0131 ald\u0131m. 54 bin 407 liray\u0131 yard\u0131mlarla toplayabildim. 21 g\u00fcn sonra yine ayn\u0131 paray\u0131 bulmaya \u00e7al\u0131\u015faca\u011f\u0131m. Daha \u00f6n\u00fcmde bir y\u0131l\u0131m var.&#8221;<\/p>\n<\/blockquote>\n\n\n\n<h3 class=\"wp-block-heading\">&#8220;\u0130lac\u0131 Alamad\u0131\u011f\u0131 \u0130\u00e7in Tedaviye Ba\u015flayamayanlar Var&#8221;<\/h3>\n\n\n\n<p>Kendi m\u00fccadelesinin \u00f6tesinde, benzer durumda olan binlerce hasta oldu\u011funu hat\u0131rlatan \u015eak\u015fak, yetkililere sesleniyor:<\/p>\n\n\n\n<blockquote class=\"wp-block-quote is-layout-flow wp-block-quote-is-layout-flow\">\n<p>&#8220;Bu ilac\u0131 alamayan \u00e7ok say\u0131da insan var. Fiyat\u0131 duyunca hi\u00e7 ba\u015flamayan hastalar var. Zaten hastal\u0131\u011f\u0131n psikolojisi insan\u0131 \u00e7ok zorluyor. Bir de \u00fcst\u00fcne maddi y\u00fck eklenince insanlar daha da y\u0131pran\u0131yor. Bu ila\u00e7 da SGK\u2019n\u0131n \u00f6deme kapsam\u0131na al\u0131nmal\u0131.&#8221;<\/p>\n<\/blockquote>\n\n\n\n<p><a href=\"https:\/\/www.egedesonsoz.com\/yasamin-kiyisinda-21-gunluk-ilaca-54-bin-tl-fatura\">https:\/\/www.egedesonsoz.com\/yasamin-kiyisinda-21-gunluk-ilaca-54-bin-tl-fatura<\/a><\/p>\n\n\n\n<p><\/p>\n","protected":false},"excerpt":{"rendered":"<p>\u0130zmir\u2019de ya\u015fayan 44 ya\u015f\u0131ndaki \u00fc\u00e7 \u00e7ocuk annesi&nbsp;Derya \u015eak\u015fak, bir yandan meme kanseriyle sava\u015f\u0131rken di\u011fer yandan Sosyal G\u00fcvenlik Kurumu\u2019nun (SGK) kar\u015f\u0131lamad\u0131\u011f\u0131 &#8220;ak\u0131ll\u0131 ila\u00e7&#8221; masraflar\u0131 alt\u0131nda eziliyor. \u015eak\u015fak, hayata tutunabilmek i\u00e7in her 21 g\u00fcnde bir&nbsp;54 bin 407 TL&nbsp;\u00f6demek zorunda. Te\u015fhis S\u00fcreci: &#8220;\u00dc\u00e7 Y\u0131l Boyunca G\u00f6r\u00fcnmedi&#8221; Mobilya sekt\u00f6r\u00fcnde terzi olarak \u00e7al\u0131\u015f\u0131rken 2024 y\u0131l\u0131n\u0131n May\u0131s ay\u0131nda te\u015fhis alan \u015eak\u015fak, [&hellip;]<\/p>\n","protected":false},"author":5,"featured_media":2014,"comment_status":"open","ping_status":"open","sticky":false,"template":"","format":"standard","meta":{"_jetpack_memberships_contains_paid_content":false,"footnotes":""},"categories":[39],"tags":[],"class_list":["post-2013","post","type-post","status-publish","format-standard","has-post-thumbnail","hentry","category-saglik-haberleri"],"jetpack_featured_media_url":"https:\/\/odakhaber.site\/wp-content\/uploads\/2026\/03\/whatsapp-image-2026-03-11-at-231730.jpeg-2.webp","jetpack_sharing_enabled":true,"_links":{"self":[{"href":"https:\/\/odakhaber.site\/index.php?rest_route=\/wp\/v2\/posts\/2013","targetHints":{"allow":["GET"]}}],"collection":[{"href":"https:\/\/odakhaber.site\/index.php?rest_route=\/wp\/v2\/posts"}],"about":[{"href":"https:\/\/odakhaber.site\/index.php?rest_route=\/wp\/v2\/types\/post"}],"author":[{"embeddable":true,"href":"https:\/\/odakhaber.site\/index.php?rest_route=\/wp\/v2\/users\/5"}],"replies":[{"embeddable":true,"href":"https:\/\/odakhaber.site\/index.php?rest_route=%2Fwp%2Fv2%2Fcomments&post=2013"}],"version-history":[{"count":1,"href":"https:\/\/odakhaber.site\/index.php?rest_route=\/wp\/v2\/posts\/2013\/revisions"}],"predecessor-version":[{"id":2015,"href":"https:\/\/odakhaber.site\/index.php?rest_route=\/wp\/v2\/posts\/2013\/revisions\/2015"}],"wp:featuredmedia":[{"embeddable":true,"href":"https:\/\/odakhaber.site\/index.php?rest_route=\/wp\/v2\/media\/2014"}],"wp:attachment":[{"href":"https:\/\/odakhaber.site\/index.php?rest_route=%2Fwp%2Fv2%2Fmedia&parent=2013"}],"wp:term":[{"taxonomy":"category","embeddable":true,"href":"https:\/\/odakhaber.site\/index.php?rest_route=%2Fwp%2Fv2%2Fcategories&post=2013"},{"taxonomy":"post_tag","embeddable":true,"href":"https:\/\/odakhaber.site\/index.php?rest_route=%2Fwp%2Fv2%2Ftags&post=2013"}],"curies":[{"name":"wp","href":"https:\/\/api.w.org\/{rel}","templated":true}]}}