{"id":2047,"date":"2026-03-12T18:35:44","date_gmt":"2026-03-12T18:35:44","guid":{"rendered":"https:\/\/odakhaber.site\/?p=2047"},"modified":"2026-03-12T18:43:09","modified_gmt":"2026-03-12T18:43:09","slug":"varsovada-gece-alkol-satisi-donemi-kapaniyor-yasak-tum-sehre-yayiliyor","status":"publish","type":"post","link":"https:\/\/odakhaber.site\/?p=2047","title":{"rendered":"Var\u015fova\u2019da Gece Alkol Sat\u0131\u015f\u0131 D\u00f6nemi Kapan\u0131yor: Yasak T\u00fcm \u015eehre Yay\u0131l\u0131yor"},"content":{"rendered":"\n<p>Var\u015fova Belediye Meclisi, daha \u00f6nce sadece&nbsp;<strong>Srodmiescie<\/strong>&nbsp;ve&nbsp;<strong>Praga Polnoc<\/strong>&nbsp;il\u00e7elerinde denenen pilot uygulamay\u0131 geni\u015fleterek yasa\u011f\u0131 t\u00fcm \u015fehre yayma karar\u0131 ald\u0131. Al\u0131nan yeni kararla birlikte Polonya\u2019n\u0131n ba\u015fkentindeki 18 il\u00e7enin tamam\u0131nda gece alkol sat\u0131\u015f\u0131 k\u0131s\u0131tlanacak.<\/p>\n\n\n\n<h3 class=\"wp-block-heading\">Yeni D\u00fczenlemenin Detaylar\u0131<\/h3>\n\n\n\n<p>Belediye Meclisi taraf\u0131ndan onaylanan karar\u0131n ana maddeleri \u015funlard\u0131r:<\/p>\n\n\n\n<ul class=\"wp-block-list\">\n<li><strong>Kapsam:<\/strong>\u00a0\u015eehirdeki 18 il\u00e7enin tamam\u0131nda bulunan\u00a0<strong>ma\u011fazalar ve benzin istasyonlar\u0131.<\/strong><\/li>\n\n\n\n<li><strong>Saat Aral\u0131\u011f\u0131:<\/strong>\u00a0Gece saat\u00a0<strong>22:00 ile sabah 06:00<\/strong>\u00a0aras\u0131nda alkol sat\u0131\u015f\u0131 yap\u0131lamayacak.<\/li>\n\n\n\n<li><strong>Ruhsat S\u0131n\u0131rlamas\u0131:<\/strong>\u00a0\u015eehir genelindeki toplam alkol sat\u0131\u015f ruhsat\u0131 say\u0131s\u0131 d\u00fc\u015f\u00fcr\u00fclecek.<\/li>\n\n\n\n<li><strong>Y\u00fcr\u00fcrl\u00fck Tarihi:<\/strong>\u00a0B\u00f6lge valisi taraf\u0131ndan bir itiraz gelmedi\u011fi takdirde yasak\u00a0<strong>1 Haziran<\/strong>\u00a0itibar\u0131yla resmen ba\u015flayacak.<\/li>\n<\/ul>\n\n\n\n<h3 class=\"wp-block-heading\">Belediye Ba\u015fkan\u0131 Trzaskowski&#8217;den A\u00e7\u0131klama<\/h3>\n\n\n\n<p>Var\u015fova Belediye Ba\u015fkan\u0131&nbsp;<strong>Rafal Trzaskowski<\/strong>, pilot program\u0131n ba\u015far\u0131s\u0131na dikkat \u00e7ekerek karar\u0131 \u015fu s\u00f6zlerle savundu:<\/p>\n\n\n\n<blockquote class=\"wp-block-quote is-layout-flow wp-block-quote-is-layout-flow\">\n<p>&#8220;Pilot program olumlu sonu\u00e7lar verdi. Bu nedenle uygulamay\u0131 geni\u015fletme karar\u0131 ald\u0131k. Karar g\u00fcr\u00fclt\u00fc sorununa, kamu d\u00fczeninin bozulmas\u0131na ve uykusuz gecelere son verecek.&#8221;<\/p>\n<\/blockquote>\n\n\n\n<h3 class=\"wp-block-heading\">Polonya Genelinde Yayg\u0131nla\u015fan Bir Trend<\/h3>\n\n\n\n<p>Polonya\u2019da alkol sat\u0131\u015f\u0131na y\u00f6nelik k\u0131s\u0131tlamalar yeni bir durum de\u011fil. 2018 y\u0131l\u0131ndan bu yana yakla\u015f\u0131k\u00a0<strong>180 belediye<\/strong> benzer yasaklar\u0131 hayata ge\u00e7irdi. Bu kararlar\u0131n temel motivasyon kayna\u011f\u0131n\u0131 ise gece ge\u00e7 saatlerde ya\u015fanan g\u00fcr\u00fclt\u00fc kirlili\u011fi ve kamu d\u00fczenini bozan olaylara y\u00f6nelik \u015fikayetler olu\u015fturuyor.<\/p>\n\n\n\n<p><a href=\"https:\/\/www.muhalif.com.tr\/dunya\/varsova-genelinde-gece-alkol-satisi-yasaklaniyor\/727804\">https:\/\/www.muhalif.com.tr\/dunya\/varsova-genelinde-gece-alkol-satisi-yasaklaniyor\/727804<\/a><\/p>\n\n\n\n<p><\/p>\n","protected":false},"excerpt":{"rendered":"<p>Var\u015fova Belediye Meclisi, daha \u00f6nce sadece&nbsp;Srodmiescie&nbsp;ve&nbsp;Praga Polnoc&nbsp;il\u00e7elerinde denenen pilot uygulamay\u0131 geni\u015fleterek yasa\u011f\u0131 t\u00fcm \u015fehre yayma karar\u0131 ald\u0131. Al\u0131nan yeni kararla birlikte Polonya\u2019n\u0131n ba\u015fkentindeki 18 il\u00e7enin tamam\u0131nda gece alkol sat\u0131\u015f\u0131 k\u0131s\u0131tlanacak. Yeni D\u00fczenlemenin Detaylar\u0131 Belediye Meclisi taraf\u0131ndan onaylanan karar\u0131n ana maddeleri \u015funlard\u0131r: Belediye Ba\u015fkan\u0131 Trzaskowski&#8217;den A\u00e7\u0131klama Var\u015fova Belediye Ba\u015fkan\u0131&nbsp;Rafal Trzaskowski, pilot program\u0131n ba\u015far\u0131s\u0131na dikkat \u00e7ekerek karar\u0131 [&hellip;]<\/p>\n","protected":false},"author":5,"featured_media":2055,"comment_status":"open","ping_status":"open","sticky":false,"template":"","format":"standard","meta":{"_jetpack_memberships_contains_paid_content":false,"footnotes":""},"categories":[37],"tags":[],"class_list":["post-2047","post","type-post","status-publish","format-standard","has-post-thumbnail","hentry","category-dunya-haberleri"],"jetpack_featured_media_url":"https:\/\/odakhaber.site\/wp-content\/uploads\/2026\/03\/XKd2-varsova-genelinde-gece-alkol-satisi-yasaklaniyor.jpg.webp","jetpack_sharing_enabled":true,"_links":{"self":[{"href":"https:\/\/odakhaber.site\/index.php?rest_route=\/wp\/v2\/posts\/2047","targetHints":{"allow":["GET"]}}],"collection":[{"href":"https:\/\/odakhaber.site\/index.php?rest_route=\/wp\/v2\/posts"}],"about":[{"href":"https:\/\/odakhaber.site\/index.php?rest_route=\/wp\/v2\/types\/post"}],"author":[{"embeddable":true,"href":"https:\/\/odakhaber.site\/index.php?rest_route=\/wp\/v2\/users\/5"}],"replies":[{"embeddable":true,"href":"https:\/\/odakhaber.site\/index.php?rest_route=%2Fwp%2Fv2%2Fcomments&post=2047"}],"version-history":[{"count":1,"href":"https:\/\/odakhaber.site\/index.php?rest_route=\/wp\/v2\/posts\/2047\/revisions"}],"predecessor-version":[{"id":2056,"href":"https:\/\/odakhaber.site\/index.php?rest_route=\/wp\/v2\/posts\/2047\/revisions\/2056"}],"wp:featuredmedia":[{"embeddable":true,"href":"https:\/\/odakhaber.site\/index.php?rest_route=\/wp\/v2\/media\/2055"}],"wp:attachment":[{"href":"https:\/\/odakhaber.site\/index.php?rest_route=%2Fwp%2Fv2%2Fmedia&parent=2047"}],"wp:term":[{"taxonomy":"category","embeddable":true,"href":"https:\/\/odakhaber.site\/index.php?rest_route=%2Fwp%2Fv2%2Fcategories&post=2047"},{"taxonomy":"post_tag","embeddable":true,"href":"https:\/\/odakhaber.site\/index.php?rest_route=%2Fwp%2Fv2%2Ftags&post=2047"}],"curies":[{"name":"wp","href":"https:\/\/api.w.org\/{rel}","templated":true}]}}