{"id":2097,"date":"2026-03-13T19:54:19","date_gmt":"2026-03-13T19:54:19","guid":{"rendered":"https:\/\/odakhaber.site\/?p=2097"},"modified":"2026-03-13T19:54:19","modified_gmt":"2026-03-13T19:54:19","slug":"trabzonda-14-mart-tip-bayrami-tecrubeli-hekimlere-gurur-plaketi","status":"publish","type":"post","link":"https:\/\/odakhaber.site\/?p=2097","title":{"rendered":"Trabzon&#8217;da 14 Mart T\u0131p Bayram\u0131: Tecr\u00fcbeli Hekimlere Gurur Plaketi"},"content":{"rendered":"\n<p>Trabzon\u2019da,&nbsp;<strong>14 Mart T\u0131p Bayram\u0131<\/strong>&nbsp;kapsam\u0131nda d\u00fczenlenen anlaml\u0131 bir t\u00f6renle sa\u011fl\u0131k camias\u0131 bir araya geldi. Karadeniz Teknik \u00dcniversitesi (KT\u00dc) T\u0131p Fak\u00fcltesi Ayd\u0131n \u0130nal Amfisi\u2019nde ger\u00e7ekle\u015ftirilen etkinlikte, mesle\u011fine y\u0131llar\u0131n\u0131 adam\u0131\u015f hekimler onurland\u0131r\u0131ld\u0131.<\/p>\n\n\n\n<h3 class=\"wp-block-heading\">Meslekte Yar\u0131m As\u0131rl\u0131k Hizmete Tebrik<\/h3>\n\n\n\n<p>Trabzon Tabip Odas\u0131 Ba\u015fkan\u0131\u00a0<strong>Mehmet Duman<\/strong>, t\u00f6renin a\u00e7\u0131l\u0131\u015f\u0131nda 14 Mart T\u0131p Bayram\u0131\u2019n\u0131n tarihsel \u00f6nemine vurgu yapan bir konu\u015fma ger\u00e7ekle\u015ftirdi. T\u00fcm meslekta\u015flar\u0131n\u0131n bayram\u0131n\u0131 kutlayan Duman; meslekte\u00a0<strong>25, 40 ve 50&#8217;nci hizmet y\u0131l\u0131n\u0131<\/strong> dolduran hekimleri tebrik ederek, sa\u011fl\u0131k hizmetine sunduklar\u0131 katk\u0131lardan dolay\u0131 te\u015fekk\u00fcrlerini iletti.<\/p>\n\n\n\n<h3 class=\"wp-block-heading\">Geni\u015f Kat\u0131l\u0131ml\u0131 T\u00f6ren<\/h3>\n\n\n\n<p>Hekimlerin ve protokol\u00fcn ilgi g\u00f6sterdi\u011fi t\u00f6rene \u015fu isimler kat\u0131l\u0131m sa\u011flad\u0131:<\/p>\n\n\n\n<ul class=\"wp-block-list\">\n<li><strong>Mehmet Duman<\/strong>\u00a0(Trabzon Tabip Odas\u0131 Ba\u015fkan\u0131)<\/li>\n\n\n\n<li><strong>O\u011fuz Kara<\/strong>\u00a0(\u0130l Sa\u011fl\u0131k M\u00fcd\u00fcr Vekili)<\/li>\n\n\n\n<li><strong>Prof. Dr. Sevdeg\u00fcl Ayd\u0131n Mungan<\/strong>\u00a0(KT\u00dc T\u0131p Fak\u00fcltesi Dekan\u0131)<\/li>\n<\/ul>\n\n\n\n<p>T\u00f6ren, sa\u011fl\u0131k sekt\u00f6r\u00fcnde uzun y\u0131llar boyunca \u00f6zveriyle \u00e7al\u0131\u015fan tecr\u00fcbeli hekimlere plaketlerinin takdim edilmesinin ard\u0131ndan sona erdi.<\/p>\n\n\n\n<p><a href=\"https:\/\/www.sondakika.com\/saglik\/haber-trabzon-da-14-mart-tip-bayrami-toreni-19654575\">https:\/\/www.sondakika.com\/saglik\/haber-trabzon-da-14-mart-tip-bayrami-toreni-19654575<\/a><\/p>\n\n\n\n<p><\/p>\n","protected":false},"excerpt":{"rendered":"<p>Trabzon\u2019da,&nbsp;14 Mart T\u0131p Bayram\u0131&nbsp;kapsam\u0131nda d\u00fczenlenen anlaml\u0131 bir t\u00f6renle sa\u011fl\u0131k camias\u0131 bir araya geldi. Karadeniz Teknik \u00dcniversitesi (KT\u00dc) T\u0131p Fak\u00fcltesi Ayd\u0131n \u0130nal Amfisi\u2019nde ger\u00e7ekle\u015ftirilen etkinlikte, mesle\u011fine y\u0131llar\u0131n\u0131 adam\u0131\u015f hekimler onurland\u0131r\u0131ld\u0131. Meslekte Yar\u0131m As\u0131rl\u0131k Hizmete Tebrik Trabzon Tabip Odas\u0131 Ba\u015fkan\u0131\u00a0Mehmet Duman, t\u00f6renin a\u00e7\u0131l\u0131\u015f\u0131nda 14 Mart T\u0131p Bayram\u0131\u2019n\u0131n tarihsel \u00f6nemine vurgu yapan bir konu\u015fma ger\u00e7ekle\u015ftirdi. T\u00fcm meslekta\u015flar\u0131n\u0131n bayram\u0131n\u0131 [&hellip;]<\/p>\n","protected":false},"author":5,"featured_media":2098,"comment_status":"open","ping_status":"open","sticky":false,"template":"","format":"standard","meta":{"_jetpack_memberships_contains_paid_content":false,"footnotes":""},"categories":[39],"tags":[],"class_list":["post-2097","post","type-post","status-publish","format-standard","has-post-thumbnail","hentry","category-saglik-haberleri"],"jetpack_featured_media_url":"https:\/\/odakhaber.site\/wp-content\/uploads\/2026\/03\/trabzon-da-14-mart-tip-bayrami-torenle-kutlan-4-19654547_amp.jpg.webp","jetpack_sharing_enabled":true,"_links":{"self":[{"href":"https:\/\/odakhaber.site\/index.php?rest_route=\/wp\/v2\/posts\/2097","targetHints":{"allow":["GET"]}}],"collection":[{"href":"https:\/\/odakhaber.site\/index.php?rest_route=\/wp\/v2\/posts"}],"about":[{"href":"https:\/\/odakhaber.site\/index.php?rest_route=\/wp\/v2\/types\/post"}],"author":[{"embeddable":true,"href":"https:\/\/odakhaber.site\/index.php?rest_route=\/wp\/v2\/users\/5"}],"replies":[{"embeddable":true,"href":"https:\/\/odakhaber.site\/index.php?rest_route=%2Fwp%2Fv2%2Fcomments&post=2097"}],"version-history":[{"count":1,"href":"https:\/\/odakhaber.site\/index.php?rest_route=\/wp\/v2\/posts\/2097\/revisions"}],"predecessor-version":[{"id":2099,"href":"https:\/\/odakhaber.site\/index.php?rest_route=\/wp\/v2\/posts\/2097\/revisions\/2099"}],"wp:featuredmedia":[{"embeddable":true,"href":"https:\/\/odakhaber.site\/index.php?rest_route=\/wp\/v2\/media\/2098"}],"wp:attachment":[{"href":"https:\/\/odakhaber.site\/index.php?rest_route=%2Fwp%2Fv2%2Fmedia&parent=2097"}],"wp:term":[{"taxonomy":"category","embeddable":true,"href":"https:\/\/odakhaber.site\/index.php?rest_route=%2Fwp%2Fv2%2Fcategories&post=2097"},{"taxonomy":"post_tag","embeddable":true,"href":"https:\/\/odakhaber.site\/index.php?rest_route=%2Fwp%2Fv2%2Ftags&post=2097"}],"curies":[{"name":"wp","href":"https:\/\/api.w.org\/{rel}","templated":true}]}}