{"id":2100,"date":"2026-03-13T19:57:34","date_gmt":"2026-03-13T19:57:34","guid":{"rendered":"https:\/\/odakhaber.site\/?p=2100"},"modified":"2026-03-13T19:57:34","modified_gmt":"2026-03-13T19:57:34","slug":"yenidogan-ve-bebekler-icin-gunes-kremi-kullanim-rehberi","status":"publish","type":"post","link":"https:\/\/odakhaber.site\/?p=2100","title":{"rendered":"Yenido\u011fan ve Bebekler \u0130\u00e7in G\u00fcne\u015f Kremi Kullan\u0131m Rehberi"},"content":{"rendered":"\n<p>Bebeklerin cilt yap\u0131s\u0131, yeti\u015fkinlere k\u0131yasla \u00e7ok daha ince ve hassas oldu\u011fu i\u00e7in g\u00fcne\u015fin zararl\u0131 etkilerine kar\u015f\u0131 savunmas\u0131zd\u0131r. Do\u011fru g\u00fcne\u015f kremi se\u00e7imi ve d\u00fczenli uygulama, bu hassas cildi koruman\u0131n en temel ad\u0131m\u0131d\u0131r.<\/p>\n\n\n\n<h3 class=\"wp-block-heading\">Bebek Cildi G\u00fcne\u015fe Kar\u015f\u0131 Neden Daha Savunmas\u0131zd\u0131r?<\/h3>\n\n\n\n<p>Bebek cildinin g\u00fcne\u015f \u0131\u015f\u0131nlar\u0131na kar\u015f\u0131 daha duyarl\u0131 olmas\u0131n\u0131n d\u00f6rt temel nedeni bulunmaktad\u0131r:<\/p>\n\n\n\n<ul class=\"wp-block-list\">\n<li><strong>\u0130nce Cilt Yap\u0131s\u0131:<\/strong>\u00a0Koruma kapasitesi yeti\u015fkinlere g\u00f6re olduk\u00e7a s\u0131n\u0131rl\u0131d\u0131r.<\/li>\n\n\n\n<li><strong>Melanin Eksikli\u011fi:<\/strong>\u00a0Do\u011fal bir koruyucu olan melanin pigmenti hen\u00fcz yeterince geli\u015fmemi\u015ftir.<\/li>\n\n\n\n<li><strong>Geli\u015fim A\u015famas\u0131ndaki Bariyer:<\/strong>\u00a0Cildin koruyucu bariyeri hen\u00fcz tam olgunla\u015fmam\u0131\u015ft\u0131r.<\/li>\n\n\n\n<li><strong>Nem Kayb\u0131 Riski:<\/strong>\u00a0G\u00fcne\u015f ve s\u0131cakl\u0131k, bebek cildinde h\u0131zl\u0131 kurumaya ve hassasiyete yol a\u00e7abilir.<\/li>\n<\/ul>\n\n\n\n<hr class=\"wp-block-separator has-alpha-channel-opacity\"\/>\n\n\n\n<h3 class=\"wp-block-heading\">Bebek G\u00fcne\u015f Kremi Se\u00e7iminde 4 Kritik Kriter<\/h3>\n\n\n\n<p>Bebekler i\u00e7in g\u00fcne\u015f koruyucu tercih ederken \u015fu \u00f6zelliklerin bir arada bulunmas\u0131 \u00f6nerilir:<\/p>\n\n\n\n<ol start=\"1\" class=\"wp-block-list\">\n<li><strong>Y\u00fcksek Koruma Fakt\u00f6r\u00fc:<\/strong>\u00a0Bebek cildi i\u00e7in genellikle\u00a0<strong>50 fakt\u00f6r (SPF 50)<\/strong>\u00a0\u00fcr\u00fcnler tercih edilmelidir.<\/li>\n\n\n\n<li><strong>Geni\u015f Spektrum Koruma:<\/strong>\u00a0\u00dcr\u00fcn hem\u00a0<strong>UVA<\/strong>\u00a0hem de\u00a0<strong>UVB<\/strong>\u00a0\u0131\u015f\u0131nlar\u0131na kar\u015f\u0131 tam koruma sa\u011flamal\u0131d\u0131r.<\/li>\n\n\n\n<li><strong>Nazik Form\u00fcl:<\/strong>\u00a0Bebeklerin hassas cildi i\u00e7in \u00f6zel olarak geli\u015ftirilmi\u015f i\u00e7erikler se\u00e7ilmelidir.<\/li>\n\n\n\n<li><strong>Pratik Uygulama:<\/strong>\u00a0G\u00fcnl\u00fck kullan\u0131mda kolay s\u00fcr\u00fclebilir olmas\u0131 konfor sa\u011flar.<\/li>\n<\/ol>\n\n\n\n<hr class=\"wp-block-separator has-alpha-channel-opacity\"\/>\n\n\n\n<h3 class=\"wp-block-heading\">Uygulama Y\u00f6ntemi ve S\u0131kl\u0131\u011f\u0131 Nas\u0131l Olmal\u0131?<\/h3>\n\n\n\n<p>G\u00fcne\u015f korumas\u0131ndan maksimum verim almak i\u00e7in \u015fu ad\u0131mlar takip edilmelidir:<\/p>\n\n\n\n<ul class=\"wp-block-list\">\n<li><strong>Zamanlama:<\/strong>\u00a0G\u00fcne\u015fe \u00e7\u0131kmadan k\u0131sa s\u00fcre \u00f6nce, temiz ve kuru cilde uygulanmal\u0131d\u0131r.<\/li>\n\n\n\n<li><strong>Miktar:<\/strong>\u00a0G\u00fcne\u015fe maruz kalan t\u00fcm b\u00f6lgelere yeterli ve e\u015fit miktarda s\u00fcr\u00fclmelidir.<\/li>\n\n\n\n<li><strong>Yenileme:<\/strong>\u00a0Uzun s\u00fcre d\u0131\u015far\u0131da kal\u0131nd\u0131\u011f\u0131nda koruman\u0131n devam etmesi i\u00e7in belirli aral\u0131klarla uygulama tekrarlanmal\u0131d\u0131r.<\/li>\n\n\n\n<li><strong>B\u00f6lgesel \u00c7\u00f6z\u00fcmler:<\/strong>\u00a0Y\u00fcz gibi hassas ve k\u00fc\u00e7\u00fck alanlarda\u00a0<strong>50 fakt\u00f6r stick g\u00fcne\u015f kremleri<\/strong>\u00a0pratik bir kullan\u0131m sunar.<\/li>\n<\/ul>\n\n\n\n<blockquote class=\"wp-block-quote is-layout-flow wp-block-quote-is-layout-flow\">\n<p><strong>G\u00fcvenilir Koruma Notu:<\/strong>&nbsp;Mustela g\u00fcne\u015f koruyucular\u0131 gibi nazik form\u00fcll\u00fc \u00fcr\u00fcnler, sadece bebekler i\u00e7in de\u011fil; \u00e7ocuklar ve yeti\u015fkinler i\u00e7in de ortak bir koruma rutini olu\u015fturulmas\u0131na olanak tan\u0131r.<\/p>\n<\/blockquote>\n\n\n\n<p><a href=\"https:\/\/www.sondakika.com\/haber\/haber-yazi-basligi-yenidogan-ve-bebekler-icin-gunes-19654357\">https:\/\/www.sondakika.com\/haber\/haber-yazi-basligi-yenidogan-ve-bebekler-icin-gunes-19654357<\/a><\/p>\n\n\n\n<p><\/p>\n","protected":false},"excerpt":{"rendered":"<p>Bebeklerin cilt yap\u0131s\u0131, yeti\u015fkinlere k\u0131yasla \u00e7ok daha ince ve hassas oldu\u011fu i\u00e7in g\u00fcne\u015fin zararl\u0131 etkilerine kar\u015f\u0131 savunmas\u0131zd\u0131r. Do\u011fru g\u00fcne\u015f kremi se\u00e7imi ve d\u00fczenli uygulama, bu hassas cildi koruman\u0131n en temel ad\u0131m\u0131d\u0131r. Bebek Cildi G\u00fcne\u015fe Kar\u015f\u0131 Neden Daha Savunmas\u0131zd\u0131r? Bebek cildinin g\u00fcne\u015f \u0131\u015f\u0131nlar\u0131na kar\u015f\u0131 daha duyarl\u0131 olmas\u0131n\u0131n d\u00f6rt temel nedeni bulunmaktad\u0131r: Bebek G\u00fcne\u015f Kremi Se\u00e7iminde 4 [&hellip;]<\/p>\n","protected":false},"author":5,"featured_media":2101,"comment_status":"open","ping_status":"open","sticky":false,"template":"","format":"standard","meta":{"_jetpack_memberships_contains_paid_content":false,"footnotes":""},"categories":[39],"tags":[],"class_list":["post-2100","post","type-post","status-publish","format-standard","has-post-thumbnail","hentry","category-saglik-haberleri"],"jetpack_featured_media_url":"https:\/\/odakhaber.site\/wp-content\/uploads\/2026\/03\/yazi-basligi-yenidogan-ve-bebekler-icin-gunes-19654357_1237_amp.jpg-2.webp","jetpack_sharing_enabled":true,"_links":{"self":[{"href":"https:\/\/odakhaber.site\/index.php?rest_route=\/wp\/v2\/posts\/2100","targetHints":{"allow":["GET"]}}],"collection":[{"href":"https:\/\/odakhaber.site\/index.php?rest_route=\/wp\/v2\/posts"}],"about":[{"href":"https:\/\/odakhaber.site\/index.php?rest_route=\/wp\/v2\/types\/post"}],"author":[{"embeddable":true,"href":"https:\/\/odakhaber.site\/index.php?rest_route=\/wp\/v2\/users\/5"}],"replies":[{"embeddable":true,"href":"https:\/\/odakhaber.site\/index.php?rest_route=%2Fwp%2Fv2%2Fcomments&post=2100"}],"version-history":[{"count":1,"href":"https:\/\/odakhaber.site\/index.php?rest_route=\/wp\/v2\/posts\/2100\/revisions"}],"predecessor-version":[{"id":2102,"href":"https:\/\/odakhaber.site\/index.php?rest_route=\/wp\/v2\/posts\/2100\/revisions\/2102"}],"wp:featuredmedia":[{"embeddable":true,"href":"https:\/\/odakhaber.site\/index.php?rest_route=\/wp\/v2\/media\/2101"}],"wp:attachment":[{"href":"https:\/\/odakhaber.site\/index.php?rest_route=%2Fwp%2Fv2%2Fmedia&parent=2100"}],"wp:term":[{"taxonomy":"category","embeddable":true,"href":"https:\/\/odakhaber.site\/index.php?rest_route=%2Fwp%2Fv2%2Fcategories&post=2100"},{"taxonomy":"post_tag","embeddable":true,"href":"https:\/\/odakhaber.site\/index.php?rest_route=%2Fwp%2Fv2%2Ftags&post=2100"}],"curies":[{"name":"wp","href":"https:\/\/api.w.org\/{rel}","templated":true}]}}