{"id":2103,"date":"2026-03-13T19:58:48","date_gmt":"2026-03-13T19:58:48","guid":{"rendered":"https:\/\/odakhaber.site\/?p=2103"},"modified":"2026-03-13T20:24:41","modified_gmt":"2026-03-13T20:24:41","slug":"kulaklik-kullanimi-enfeksiyona-zemin-hazirlayabilir-riske-karsi-neler-yapilabilir","status":"publish","type":"post","link":"https:\/\/odakhaber.site\/?p=2103","title":{"rendered":"Kulakl\u0131k kullan\u0131m\u0131 enfeksiyona zemin haz\u0131rlayabilir: Riske kar\u015f\u0131 neler yap\u0131labilir?"},"content":{"rendered":"\n<figure class=\"wp-block-image\"><img decoding=\"async\" src=\"https:\/\/mavimanset.com\/wp-content\/uploads\/2026\/03\/img_1155.jpg\" alt=\"\"\/><\/figure>\n\n\n\n<p>Uzmanlara g\u00f6re \u00f6zellikle kulak i\u00e7i kulakl\u0131klar kulak kanal\u0131n\u0131 kapatarak bakteri dengesini bozabiliyor ve enfeksiyon riskini art\u0131rabiliyor. Peki enfeksiyon riskine kar\u015f\u0131 neler yap\u0131labilir?<\/p>\n\n\n\n<p>Podcast dinlemek, m\u00fczik dinlemek ya da telefonla konu\u015fmak gibi nedenlerle pek \u00e7ok ki\u015fi g\u00fcn\u00fcn \u00f6nemli bir b\u00f6l\u00fcm\u00fcnde kulakl\u0131k kullan\u0131yor. 2017 y\u0131l\u0131nda 4 bin 185 Avustralyal\u0131 \u00fczerinde yap\u0131lan bir ara\u015ft\u0131rma, kat\u0131l\u0131mc\u0131lar\u0131n ayda ortalama 47 ila 88 saat kulakl\u0131k kulland\u0131\u011f\u0131n\u0131 ortaya koydu.<\/p>\n\n\n\n<p>Kulakl\u0131k kullan\u0131m\u0131na ili\u015fkin sa\u011fl\u0131k uyar\u0131lar\u0131 genellikle y\u00fcksek sesin i\u015fitme \u00fczerindeki etkilerine odaklan\u0131yor. D\u00fcnya Sa\u011fl\u0131k \u00d6rg\u00fct\u00fc, i\u015fitme kayb\u0131n\u0131 \u00f6nlemek i\u00e7in ses seviyesinin cihaz\u0131n maksimum kapasitesinin y\u00fczde 60\u2019\u0131n\u0131n alt\u0131nda tutulmas\u0131n\u0131 ve ses maruziyetini izleyen, sesi s\u0131n\u0131rlayan cihazlar\u0131n tercih edilmesini \u00f6neriyor.<\/p>\n\n\n\n<p>Science Alert\u2019\u0131n haberinde yer alan; uzmanlara g\u00f6re kulakl\u0131k kullan\u0131m\u0131nda risk yaln\u0131zca y\u00fcksek sesle s\u0131n\u0131rl\u0131 de\u011fil. \u00d6zellikle kulak i\u00e7ine yerle\u015ftirilen kulakl\u0131klar kulak kanal\u0131n\u0131 kapatarak cildin kulakl\u0131k \u00fczerindeki kir ve bakterilerle temas etmesine neden olabiliyor.<\/p>\n\n\n\n<p>Uzmanlar, kulak sa\u011fl\u0131\u011f\u0131n\u0131 korumak i\u00e7in kulaklar\u0131n temiz ve g\u00fcvenli tutulmas\u0131na dikkat edilmesi gerekti\u011fini vurguluyor.<\/p>\n\n\n\n<h2 class=\"wp-block-heading\">\u00d6nce kula\u011f\u0131n yap\u0131s\u0131<\/h2>\n\n\n\n<p>Kulak \u00fcst\u00fc kulakl\u0131klar, sesi yakalamak \u00fczere \u015fekillenmi\u015f ve deriyle kapl\u0131 elastik k\u0131k\u0131rdaktan olu\u015fan d\u0131\u015f kula\u011f\u0131n tamam\u0131n\u0131 kaplar. Kulak i\u00e7i kulakl\u0131klar ve i\u015fitme cihazlar\u0131 ise d\u0131\u015f kulak kanal\u0131n\u0131n giri\u015f k\u0131sm\u0131 olan ve \u201ckonka\u201d ad\u0131 verilen b\u00f6lgeye yerle\u015fecek \u015fekilde tasarlan\u0131r.<\/p>\n\n\n\n<p>Ses titre\u015fimleri birka\u00e7 santimetre uzunlu\u011funda ve S \u015feklinde olan kulak kanal\u0131ndan ge\u00e7erek kulak zar\u0131na ula\u015f\u0131r.<\/p>\n\n\n\n<p>Kulak kanal\u0131n\u0131n daha derin b\u00f6l\u00fcmleri kulak kiri ve do\u011fal ya\u011flar \u00fcretir. Bu maddeler cildin sa\u011fl\u0131kl\u0131 ve nemli kalmas\u0131na yard\u0131mc\u0131 olurken enfeksiyonlara kar\u015f\u0131 da koruma sa\u011flar.<\/p>\n\n\n\n<p>Kulak kanal\u0131nda bulunan k\u00fc\u00e7\u00fck k\u0131llar ise s\u0131cakl\u0131\u011f\u0131 d\u00fczenlemeye yard\u0131mc\u0131 olur ve yabanc\u0131 maddelerin i\u00e7eri girmesini engeller. Bu k\u0131llar ve kulak kiri; toz par\u00e7ac\u0131klar\u0131, d\u00f6k\u00fclen deri h\u00fccreleri ve bakterileri yakalayarak kulak kanal\u0131ndan d\u0131\u015far\u0131 ta\u015f\u0131nmas\u0131na yard\u0131mc\u0131 olur.<\/p>\n\n\n\n<p>Kulak kiri kula\u011f\u0131n do\u011fal temizleme mekanizmas\u0131 olarak g\u00f6rev yapar ve genellikle yaln\u0131zca birikim fazla oldu\u011funda fark edilir.<\/p>\n\n\n\n<p>A\u015f\u0131r\u0131 birikim i\u015fitmenin ge\u00e7ici olarak azalmas\u0131na veya kulakl\u0131klar\u0131n k\u00fc\u00e7\u00fck \u0131zgaralar\u0131n\u0131n t\u0131kanmas\u0131na neden olabilir. Uzmanlar, kulak kirini kendi ba\u015f\u0131na \u00e7\u0131karmaya \u00e7al\u0131\u015fmamak gerekti\u011fini belirtiyor. B\u00f6yle bir durumdan \u015f\u00fcphelenildi\u011finde eczac\u0131ya ya da doktora ba\u015fvurulmas\u0131 \u00f6neriliyor.<\/p>\n\n\n\n<h2 class=\"wp-block-heading\">Kulakl\u0131klar kulaktaki bakterileri nas\u0131l etkiliyor?<\/h2>\n\n\n\n<p>Sa\u011fl\u0131kl\u0131 kulak kanallar\u0131nda zarars\u0131z mikroorganizmalar bulunur. Bunlar\u0131n b\u00fcy\u00fck b\u00f6l\u00fcm\u00fc bakterilerden olu\u015fsa da mantarlar ve vir\u00fcsler de yer alabilir. Bu mikroorganizmalar besin ve alan i\u00e7in rekabet eder; bu \u00e7e\u015fitlilik hastal\u0131k yap\u0131c\u0131 mikroorganizmalar\u0131n yerle\u015fmesini zorla\u015ft\u0131r\u0131r.<\/p>\n\n\n\n<p>Ancak kulakl\u0131k, i\u015fitme cihaz\u0131 veya kulak t\u0131kac\u0131 gibi kulak i\u00e7ine yerle\u015ftirilen cihazlar\u0131n kullan\u0131m\u0131 \u201ciyi\u201d ve \u201czararl\u0131\u201d bakteriler aras\u0131ndaki dengeyi bozabilir.<\/p>\n\n\n\n<p>Science Alert\u2019\u0131n haberine g\u00f6re; 2024 y\u0131l\u0131nda yap\u0131lan bir ara\u015ft\u0131rmada i\u015fitme cihaz\u0131 kullanan 50 ki\u015fi ile kullanmayan 80 ki\u015finin kulak kanallar\u0131ndaki bakteriler kar\u015f\u0131la\u015ft\u0131r\u0131ld\u0131. Ara\u015ft\u0131rma, kulak kanallar\u0131 uzun s\u00fcre kapal\u0131 kalan i\u015fitme cihaz\u0131 kullan\u0131c\u0131lar\u0131nda bakteri \u00e7e\u015fitlili\u011finin daha az oldu\u011funu ortaya koydu.<\/p>\n\n\n\n<p>2025 y\u0131l\u0131nda ger\u00e7ekle\u015ftirilen bir ba\u015fka \u00e7al\u0131\u015fma ise kulak \u00fcst\u00fc, kulak i\u00e7i ve kulak \u00fcst\u00fc-yan\u0131 kulakl\u0131k kullan\u0131m\u0131n\u0131n kulak kanal\u0131ndaki bakteri ve mantarlar \u00fczerindeki etkisini inceledi. \u00c7al\u0131\u015fma sonu\u00e7lar\u0131, \u00f6zellikle kulakl\u0131klar\u0131n payla\u015f\u0131lmas\u0131 durumunda kulak enfeksiyonu riskinin artt\u0131\u011f\u0131n\u0131 g\u00f6sterdi.<\/p>\n\n\n\n<p>Ara\u015ft\u0131rmac\u0131lar, kulakl\u0131k kullan\u0131m\u0131n\u0131n \u00f6zellikle kulak i\u00e7i modellerde kulak kanal\u0131n\u0131 daha s\u0131cak ve nemli hale getirdi\u011fini belirtiyor. Spor s\u0131ras\u0131nda kulakl\u0131k kullan\u0131lmas\u0131 ve terleme durumunda ise kulakta hapsolan nem miktar\u0131 daha da artabiliyor.<\/p>\n\n\n\n<p>Y\u00fcksek nem oran\u0131 kulakta&nbsp;<a href=\"https:\/\/gazeteoksijen.com\/haberleri\/enfeksiyon\" target=\"_blank\" rel=\"noreferrer noopener\">enfeksiyon<\/a>&nbsp;geli\u015fme riskini art\u0131r\u0131rken, kulaktan ak\u0131nt\u0131 ve iltihap olu\u015fmas\u0131na da yol a\u00e7abiliyor.<\/p>\n\n\n\n<p>Kulak i\u00e7i cihazlar\u0131n uzun s\u00fcre kullan\u0131lmas\u0131 ayr\u0131ca kulak kirinin destekledi\u011fi do\u011fal \u201ckendi kendini temizleme\u201d mekanizmas\u0131n\u0131 da olumsuz etkileyebiliyor.<\/p>\n\n\n\n<h2 class=\"wp-block-heading\">Ne yap\u0131lmal\u0131?<\/h2>\n\n\n\n<p>Kulakl\u0131klar bir\u00e7ok ki\u015finin g\u00fcnl\u00fck ya\u015fam\u0131n\u0131n bir par\u00e7as\u0131 olsa da kulak sa\u011fl\u0131\u011f\u0131 i\u00e7in kulaklar\u0131n g\u00fcn i\u00e7inde dinlendirilmesi \u00f6neriliyor.<\/p>\n\n\n\n<p>Uzmanlar, kulak kanallar\u0131n\u0131n s\u00fcrekli kapal\u0131 kalmamas\u0131 ve havalanabilmesi i\u00e7in g\u00fcn i\u00e7inde kulakl\u0131ks\u0131z zaman dilimleri olu\u015fturulmas\u0131n\u0131 tavsiye ediyor.<\/p>\n\n\n\n<p>Alternatif olarak kemik iletimli kulakl\u0131klar\u0131n tercih edilebilece\u011fi belirtiliyor. Bu kulakl\u0131klar sesi kafatas\u0131 \u00fczerinden do\u011frudan i\u00e7 kula\u011fa iletti\u011fi i\u00e7in kulak kanal\u0131n\u0131 kapatm\u0131yor.<\/p>\n\n\n\n<p>Ancak bu cihazlar\u0131n fiyatlar\u0131n\u0131n daha y\u00fcksek olabildi\u011fi ve y\u00fcksek ses seviyesinde titre\u015fimlerin yine i\u015fitme kayb\u0131na yol a\u00e7abilece\u011fi ifade ediliyor. Bu nedenle t\u00fcm kulakl\u0131k t\u00fcrlerinde ses seviyesine dikkat edilmesi gerekti\u011fi vurgulan\u0131yor.<\/p>\n\n\n\n<h2 class=\"wp-block-heading\">Di\u011fer \u00f6neriler<\/h2>\n\n\n\n<p><strong>Cihazlar\u0131 d\u00fczenli temizleyin<\/strong><\/p>\n\n\n\n<p>Uzmanlar kulakl\u0131klar\u0131n haftada bir, her g\u00fcn ya da \u00f6zellikle egzersiz sonras\u0131 temizlenmesini \u00f6neriyor.<\/p>\n\n\n\n<p>Temizlik i\u00e7in kulakl\u0131klar\u0131n bir bezle silinmesi veya hafif sabunlu suyla nemlendirilmi\u015f yumu\u015fak k\u0131ll\u0131 bir \u00e7ocuk di\u015f f\u0131r\u00e7as\u0131 kullan\u0131lmas\u0131 \u00f6neriliyor. Temizlik sonras\u0131 ka\u011f\u0131t havluyla kurulanmas\u0131 ve yeniden kullan\u0131lmadan veya \u015farj edilmeden \u00f6nce birka\u00e7 saat kurumaya b\u0131rak\u0131lmas\u0131 tavsiye ediliyor.<\/p>\n\n\n\n<p>Kulakl\u0131klar\u0131n yan\u0131nda \u015farj kutusu ve g\u00f6vdesinin de temizlenmesi gerekti\u011fi belirtiliyor. Bununla birlikte \u00fcretici firmalar\u0131n temizlik talimatlar\u0131n\u0131n dikkate al\u0131nmas\u0131 \u00f6neriliyor.<\/p>\n\n\n\n<p><strong>Hasta oldu\u011funuzda kulakl\u0131k kullanmay\u0131n<\/strong><\/p>\n\n\n\n<p>Kulak enfeksiyonu bulundu\u011funda kulak i\u00e7i kulakl\u0131k kullan\u0131m\u0131ndan ka\u00e7\u0131n\u0131lmas\u0131 \u00f6neriliyor. Bu cihazlar\u0131n kulakta s\u0131cakl\u0131k ve nemi art\u0131rarak iyile\u015fme s\u00fcrecini uzatabilece\u011fi belirtiliyor.<\/p>\n\n\n\n<p><strong>Belirtileri takip edin<\/strong><\/p>\n\n\n\n<p>Kulakta ka\u015f\u0131nt\u0131, k\u0131zar\u0131kl\u0131k veya ak\u0131nt\u0131 olu\u015fmas\u0131 durumunda kulak i\u00e7i cihaz kullan\u0131m\u0131n\u0131n durdurulmas\u0131 ve t\u0131bbi destek al\u0131nmas\u0131 gerekti\u011fi ifade ediliyor.<\/p>\n\n\n\n<p>KARDE\u015e HABER<\/p>\n\n\n\n<p><a href=\"https:\/\/mavimanset.com\/2026\/03\/13\/kulaklik-kullanimi-enfeksiyona-zemin-hazirlayabilir-riske-karsi-neler-yapilabilir\">https:\/\/mavimanset.com\/2026\/03\/13\/kulaklik-kullanimi-enfeksiyona-zemin-hazirlayabilir-riske-karsi-neler-yapilabilir<\/a><\/p>\n\n\n\n<p><\/p>\n","protected":false},"excerpt":{"rendered":"<p>Uzmanlara g\u00f6re \u00f6zellikle kulak i\u00e7i kulakl\u0131klar kulak kanal\u0131n\u0131 kapatarak bakteri dengesini bozabiliyor ve enfeksiyon riskini art\u0131rabiliyor. Peki enfeksiyon riskine kar\u015f\u0131 neler yap\u0131labilir? Podcast dinlemek, m\u00fczik dinlemek ya da telefonla konu\u015fmak gibi nedenlerle pek \u00e7ok ki\u015fi g\u00fcn\u00fcn \u00f6nemli bir b\u00f6l\u00fcm\u00fcnde kulakl\u0131k kullan\u0131yor. 2017 y\u0131l\u0131nda 4 bin 185 Avustralyal\u0131 \u00fczerinde yap\u0131lan bir ara\u015ft\u0131rma, kat\u0131l\u0131mc\u0131lar\u0131n ayda ortalama 47 [&hellip;]<\/p>\n","protected":false},"author":5,"featured_media":2127,"comment_status":"open","ping_status":"open","sticky":false,"template":"","format":"standard","meta":{"_jetpack_memberships_contains_paid_content":false,"footnotes":""},"categories":[39],"tags":[],"class_list":["post-2103","post","type-post","status-publish","format-standard","has-post-thumbnail","hentry","category-saglik-haberleri"],"jetpack_featured_media_url":"https:\/\/odakhaber.site\/wp-content\/uploads\/2026\/03\/img_1155.jpg","jetpack_sharing_enabled":true,"_links":{"self":[{"href":"https:\/\/odakhaber.site\/index.php?rest_route=\/wp\/v2\/posts\/2103","targetHints":{"allow":["GET"]}}],"collection":[{"href":"https:\/\/odakhaber.site\/index.php?rest_route=\/wp\/v2\/posts"}],"about":[{"href":"https:\/\/odakhaber.site\/index.php?rest_route=\/wp\/v2\/types\/post"}],"author":[{"embeddable":true,"href":"https:\/\/odakhaber.site\/index.php?rest_route=\/wp\/v2\/users\/5"}],"replies":[{"embeddable":true,"href":"https:\/\/odakhaber.site\/index.php?rest_route=%2Fwp%2Fv2%2Fcomments&post=2103"}],"version-history":[{"count":2,"href":"https:\/\/odakhaber.site\/index.php?rest_route=\/wp\/v2\/posts\/2103\/revisions"}],"predecessor-version":[{"id":2128,"href":"https:\/\/odakhaber.site\/index.php?rest_route=\/wp\/v2\/posts\/2103\/revisions\/2128"}],"wp:featuredmedia":[{"embeddable":true,"href":"https:\/\/odakhaber.site\/index.php?rest_route=\/wp\/v2\/media\/2127"}],"wp:attachment":[{"href":"https:\/\/odakhaber.site\/index.php?rest_route=%2Fwp%2Fv2%2Fmedia&parent=2103"}],"wp:term":[{"taxonomy":"category","embeddable":true,"href":"https:\/\/odakhaber.site\/index.php?rest_route=%2Fwp%2Fv2%2Fcategories&post=2103"},{"taxonomy":"post_tag","embeddable":true,"href":"https:\/\/odakhaber.site\/index.php?rest_route=%2Fwp%2Fv2%2Ftags&post=2103"}],"curies":[{"name":"wp","href":"https:\/\/api.w.org\/{rel}","templated":true}]}}