{"id":2118,"date":"2026-03-13T20:22:58","date_gmt":"2026-03-13T20:22:58","guid":{"rendered":"https:\/\/odakhaber.site\/?p=2118"},"modified":"2026-03-13T20:22:58","modified_gmt":"2026-03-13T20:22:58","slug":"fenerbahcede-tedesco-depremi-yonetimden-resmi-aciklama-geldi","status":"publish","type":"post","link":"https:\/\/odakhaber.site\/?p=2118","title":{"rendered":"FENERBAH\u00c7E&#8217;DE TEDESCO DEPREM\u0130! Y\u00d6NET\u0130MDEN RESM\u0130 A\u00c7IKLAMA GELD\u0130"},"content":{"rendered":"\n<p>&#8220;Bug\u00fcn ald\u0131\u011f\u0131m\u0131z ma\u011flubiyet bizi ve camiam\u0131z\u0131 derinden \u00fczm\u00fc\u015ft\u00fcr. Ancak y\u00f6netim kurulumuzun ger\u00e7ekle\u015ftirdi\u011fi acil durum toplant\u0131s\u0131 neticesinde, teknik direkt\u00f6r\u00fcm\u00fcz <strong>Domenico Tedesco<\/strong> ile yolumuza devam etme karar\u0131 ald\u0131k. Sosyal medyada ve baz\u0131 mecralarda yer alan &#8216;ayr\u0131l\u0131k&#8217; iddialar\u0131 ger\u00e7e\u011fi yans\u0131tmamaktad\u0131r. Hocam\u0131za olan g\u00fcvenimiz tamd\u0131r; \u015fampiyonluk yolunda kendisinin ve tak\u0131m\u0131m\u0131z\u0131n arkas\u0131nday\u0131z.&#8221;<\/p>\n\n\n\n<p>G\u00fcrb\u00fcz ayr\u0131ca, taraftarlardan sa\u011fduyulu olmalar\u0131n\u0131 isteyerek, &#8220;Bu zorlu s\u00fcreci birlik ve beraberlik i\u00e7inde atlataca\u011f\u0131z. Hedeflerimizden sapma yoktur,&#8221; ifadelerini kulland\u0131.<\/p>\n\n\n\n<figure class=\"wp-block-image size-full\"><img loading=\"lazy\" decoding=\"async\" width=\"836\" height=\"530\" src=\"https:\/\/odakhaber.site\/wp-content\/uploads\/2026\/03\/836x530-fenerbahceden-domenico-tedesconun-gelecegine-dair-flas-aciklama-1773432709186-1.jpeg\" alt=\"\" class=\"wp-image-2124\" srcset=\"https:\/\/odakhaber.site\/wp-content\/uploads\/2026\/03\/836x530-fenerbahceden-domenico-tedesconun-gelecegine-dair-flas-aciklama-1773432709186-1.jpeg 836w, https:\/\/odakhaber.site\/wp-content\/uploads\/2026\/03\/836x530-fenerbahceden-domenico-tedesconun-gelecegine-dair-flas-aciklama-1773432709186-1-300x190.jpeg 300w, https:\/\/odakhaber.site\/wp-content\/uploads\/2026\/03\/836x530-fenerbahceden-domenico-tedesconun-gelecegine-dair-flas-aciklama-1773432709186-1-768x487.jpeg 768w\" sizes=\"auto, (max-width: 836px) 100vw, 836px\" \/><\/figure>\n\n\n\n<p><a href=\"https:\/\/www.aspor.com.tr\/fenerbahce\/2026\/03\/13\/fenerbahceden-domenico-tedesconun-gelecegine-dair-flas-aciklama\">https:\/\/www.aspor.com.tr\/fenerbahce\/2026\/03\/13\/fenerbahceden-domenico-tedesconun-gelecegine-dair-flas-aciklama<\/a><\/p>\n","protected":false},"excerpt":{"rendered":"<p>&#8220;Bug\u00fcn ald\u0131\u011f\u0131m\u0131z ma\u011flubiyet bizi ve camiam\u0131z\u0131 derinden \u00fczm\u00fc\u015ft\u00fcr. Ancak y\u00f6netim kurulumuzun ger\u00e7ekle\u015ftirdi\u011fi acil durum toplant\u0131s\u0131 neticesinde, teknik direkt\u00f6r\u00fcm\u00fcz Domenico Tedesco ile yolumuza devam etme karar\u0131 ald\u0131k. Sosyal medyada ve baz\u0131 mecralarda yer alan &#8216;ayr\u0131l\u0131k&#8217; iddialar\u0131 ger\u00e7e\u011fi yans\u0131tmamaktad\u0131r. Hocam\u0131za olan g\u00fcvenimiz tamd\u0131r; \u015fampiyonluk yolunda kendisinin ve tak\u0131m\u0131m\u0131z\u0131n arkas\u0131nday\u0131z.&#8221; G\u00fcrb\u00fcz ayr\u0131ca, taraftarlardan sa\u011fduyulu olmalar\u0131n\u0131 isteyerek, &#8220;Bu zorlu [&hellip;]<\/p>\n","protected":false},"author":4,"featured_media":2123,"comment_status":"open","ping_status":"open","sticky":false,"template":"","format":"standard","meta":{"_jetpack_memberships_contains_paid_content":false,"footnotes":""},"categories":[9],"tags":[],"class_list":["post-2118","post","type-post","status-publish","format-standard","has-post-thumbnail","hentry","category-spor"],"jetpack_featured_media_url":"https:\/\/odakhaber.site\/wp-content\/uploads\/2026\/03\/836x530-fenerbahceden-domenico-tedesconun-gelecegine-dair-flas-aciklama-1773432709186.jpeg","jetpack_sharing_enabled":true,"_links":{"self":[{"href":"https:\/\/odakhaber.site\/index.php?rest_route=\/wp\/v2\/posts\/2118","targetHints":{"allow":["GET"]}}],"collection":[{"href":"https:\/\/odakhaber.site\/index.php?rest_route=\/wp\/v2\/posts"}],"about":[{"href":"https:\/\/odakhaber.site\/index.php?rest_route=\/wp\/v2\/types\/post"}],"author":[{"embeddable":true,"href":"https:\/\/odakhaber.site\/index.php?rest_route=\/wp\/v2\/users\/4"}],"replies":[{"embeddable":true,"href":"https:\/\/odakhaber.site\/index.php?rest_route=%2Fwp%2Fv2%2Fcomments&post=2118"}],"version-history":[{"count":1,"href":"https:\/\/odakhaber.site\/index.php?rest_route=\/wp\/v2\/posts\/2118\/revisions"}],"predecessor-version":[{"id":2125,"href":"https:\/\/odakhaber.site\/index.php?rest_route=\/wp\/v2\/posts\/2118\/revisions\/2125"}],"wp:featuredmedia":[{"embeddable":true,"href":"https:\/\/odakhaber.site\/index.php?rest_route=\/wp\/v2\/media\/2123"}],"wp:attachment":[{"href":"https:\/\/odakhaber.site\/index.php?rest_route=%2Fwp%2Fv2%2Fmedia&parent=2118"}],"wp:term":[{"taxonomy":"category","embeddable":true,"href":"https:\/\/odakhaber.site\/index.php?rest_route=%2Fwp%2Fv2%2Fcategories&post=2118"},{"taxonomy":"post_tag","embeddable":true,"href":"https:\/\/odakhaber.site\/index.php?rest_route=%2Fwp%2Fv2%2Ftags&post=2118"}],"curies":[{"name":"wp","href":"https:\/\/api.w.org\/{rel}","templated":true}]}}