{"id":2126,"date":"2026-03-13T20:25:01","date_gmt":"2026-03-13T20:25:01","guid":{"rendered":"https:\/\/odakhaber.site\/?p=2126"},"modified":"2026-03-13T20:25:01","modified_gmt":"2026-03-13T20:25:01","slug":"altekma-avrupaya-alkislarla-veda-etti-tarihi-basari-gurur-dolu-final","status":"publish","type":"post","link":"https:\/\/odakhaber.site\/?p=2126","title":{"rendered":"ALTEKMA AVRUPA&#8217;YA ALKI\u015eLARLA VEDA ETT\u0130: TAR\u0130H\u0130 BA\u015eARI, GURUR DOLU F\u0130NAL!"},"content":{"rendered":"\n<p><strong>CEV Challenge Kupas\u0131 yar\u0131 final r\u00f6van\u015f m\u00fccadelesinde \u0130talyan devi Allianz Milano&#8217;yu a\u011f\u0131rlayan \u0130zmir temsilcisi Altekma, sahadan 3-1 ma\u011flup ayr\u0131larak turnuvaya veda etti. \u0130lk kez kat\u0131ld\u0131\u011f\u0131 Avrupa arenas\u0131nda son 4 tak\u0131m aras\u0131na kalma ba\u015far\u0131s\u0131 g\u00f6steren lacivert-beyazl\u0131lar, organizasyonu Avrupa 3&#8217;\u00fcnc\u00fcs\u00fc olarak tamamlad\u0131.<\/strong><\/p>\n\n\n\n<hr class=\"wp-block-separator has-alpha-channel-opacity\"\/>\n\n\n\n<h3 class=\"wp-block-heading\"><strong>\u0130ZM\u0130R&#8217;DE DEV RAK\u0130BE KAR\u015eI B\u00dcY\u00dcK D\u0130REN\u0130\u015e<\/strong><\/h3>\n\n\n\n<p>2026 CEV Challenge Kupas\u0131 yar\u0131 final ilk ma\u00e7\u0131nda \u0130talya&#8217;da rakibine 3-0 boyun e\u011fen <strong>Altekma<\/strong>, \u0130zmir&#8217;deki r\u00f6van\u015fta tur i\u00e7in gereken skoru elde edemedi. Hollanda\u2019dan <strong>Sliedrecht Sport<\/strong>, Portekiz\u2019den <strong>Benfica<\/strong> ve Romanya\u2019dan <strong>SCM Zalau<\/strong> gibi ekipleri dize getirerek yar\u0131 finale kadar uzanan temsilcimiz, g\u00fc\u00e7l\u00fc rakibi Allianz Milano kar\u015f\u0131s\u0131nda turnuvay\u0131 noktalad\u0131. CEV kurallar\u0131 gere\u011fi, \u00fc\u00e7\u00fcnc\u00fcl\u00fck ma\u00e7\u0131 oynanmad\u0131\u011f\u0131 i\u00e7in yar\u0131 finalde elenen tak\u0131mlar turnuvay\u0131 <strong>Avrupa 3&#8217;\u00fcnc\u00fcs\u00fc<\/strong> unvan\u0131yla tamamlam\u0131\u015f say\u0131ld\u0131.<\/p>\n\n\n\n<hr class=\"wp-block-separator has-alpha-channel-opacity\"\/>\n\n\n\n<h3 class=\"wp-block-heading\"><strong>BA\u015eANTREN\u00d6R \u00d6MER TOK: &#8220;GURURLUYUZ AMA HATALARDAN DERS \u00c7IKARMALIYIZ&#8221;<\/strong><\/h3>\n\n\n\n<p>Ma\u00e7\u0131n ard\u0131ndan duygular\u0131n\u0131 payla\u015fan Ba\u015fantren\u00f6r <strong>\u00d6mer Tok<\/strong>, m\u00fccadeleden memnun oldu\u011funu ancak basit hatalar\u0131n sonuca etki etti\u011fini belirtti:<\/p>\n\n\n\n<blockquote class=\"wp-block-quote is-layout-flow wp-block-quote-is-layout-flow\">\n<p>&#8220;\u00c7ok istedik, \u00e7ok m\u00fccadele ettik ama oradaki ma\u00e7\u0131 kaybetmemiz ve burada 3-0, 3-1 kazanmak zorunda olmam\u0131z bize bask\u0131 y\u00fckledi. Kafa kafaya oynanan kaybetti\u011fimiz 2 set var. \u0130\u015fin sonuca ula\u015fmamas\u0131, bir noktada \u015fans\u0131n bizden yana olmamas\u0131 bu setleri kaybetmemize neden oldu. Ama \u00f6nce \u00e7uvald\u0131z\u0131 kendimize bat\u0131rmam\u0131z laz\u0131m. \u00d6zellikle 25-23 kaybetti\u011fimiz ikinci sette 3 direkt hata yapt\u0131k. Bu seviyede hatalar y\u00fcksek oldu\u011funda sonuca ula\u015fmam\u0131z m\u00fcmk\u00fcn de\u011fil. Final ve \u015fampiyonluk inan\u0131lmaz keyifli olurdu ama kul\u00fcp ad\u0131na bu ba\u015far\u0131 ilk oldu\u011fu i\u00e7in takdire \u015fayan.&#8221;<\/p>\n<\/blockquote>\n\n\n\n<hr class=\"wp-block-separator has-alpha-channel-opacity\"\/>\n\n\n\n<h3 class=\"wp-block-heading\"><strong>BA\u015eKAN MEL\u0130H SEBASTIEN DURMU\u015e: &#8220;KUPAYI \u00d6N\u00dcM\u00dcZDEK\u0130 SENEYE SAKLADIK&#8221;<\/strong><\/h3>\n\n\n\n<p>Altekma Spor Kul\u00fcb\u00fc Ba\u015fkan\u0131 <strong>Melih Sebastien Durmu\u015f<\/strong> ise kar\u0131\u015f\u0131k duygular i\u00e7erisinde oldu\u011funu ifade ederek \u015fu a\u00e7\u0131klamay\u0131 yapt\u0131:<\/p>\n\n\n\n<p>&#8220;Bir taraftan Avrupa 3&#8217;\u00fcnc\u00fcs\u00fc oldu\u011fumuz i\u00e7in mutluyum. Bir taraftan kazanabilece\u011fimizi d\u00fc\u015f\u00fcnd\u00fc\u011f\u00fcm bir ma\u00e7\u0131 kaybettik ama tak\u0131m\u0131mla gurur duyuyorum. Bug\u00fcne kadar bize destek veren t\u00fcm seyircilerimize \u00e7ok te\u015fekk\u00fcr ediyorum. Asl\u0131nda \u00e7ok b\u00fcy\u00fck bir ba\u015far\u0131 Avrupa 3&#8217;\u00fcnc\u00fcl\u00fc\u011f\u00fc. Ama biz kupay\u0131 da getirebilece\u011fimize inanm\u0131\u015ft\u0131k. Olsun, \u00f6n\u00fcm\u00fczdeki seneye saklad\u0131k bu ba\u015far\u0131y\u0131.&#8221;<\/p>\n\n\n\n<p><a href=\"https:\/\/www.fotomac.com.tr\/voleybol\/2026\/03\/13\/altekma-cev-challenge-kupasina-veda-etti\">https:\/\/www.fotomac.com.tr\/voleybol\/2026\/03\/13\/altekma-cev-challenge-kupasina-veda-etti<\/a><\/p>\n","protected":false},"excerpt":{"rendered":"<p>CEV Challenge Kupas\u0131 yar\u0131 final r\u00f6van\u015f m\u00fccadelesinde \u0130talyan devi Allianz Milano&#8217;yu a\u011f\u0131rlayan \u0130zmir temsilcisi Altekma, sahadan 3-1 ma\u011flup ayr\u0131larak turnuvaya veda etti. \u0130lk kez kat\u0131ld\u0131\u011f\u0131 Avrupa arenas\u0131nda son 4 tak\u0131m aras\u0131na kalma ba\u015far\u0131s\u0131 g\u00f6steren lacivert-beyazl\u0131lar, organizasyonu Avrupa 3&#8217;\u00fcnc\u00fcs\u00fc olarak tamamlad\u0131. \u0130ZM\u0130R&#8217;DE DEV RAK\u0130BE KAR\u015eI B\u00dcY\u00dcK D\u0130REN\u0130\u015e 2026 CEV Challenge Kupas\u0131 yar\u0131 final ilk ma\u00e7\u0131nda \u0130talya&#8217;da [&hellip;]<\/p>\n","protected":false},"author":4,"featured_media":2129,"comment_status":"open","ping_status":"open","sticky":false,"template":"","format":"standard","meta":{"_jetpack_memberships_contains_paid_content":false,"footnotes":""},"categories":[9],"tags":[],"class_list":["post-2126","post","type-post","status-publish","format-standard","has-post-thumbnail","hentry","category-spor"],"jetpack_featured_media_url":"https:\/\/odakhaber.site\/wp-content\/uploads\/2026\/03\/829x469-altekma-cev-challenge-kupasina-veda-etti-1773389856788.jpeg","jetpack_sharing_enabled":true,"_links":{"self":[{"href":"https:\/\/odakhaber.site\/index.php?rest_route=\/wp\/v2\/posts\/2126","targetHints":{"allow":["GET"]}}],"collection":[{"href":"https:\/\/odakhaber.site\/index.php?rest_route=\/wp\/v2\/posts"}],"about":[{"href":"https:\/\/odakhaber.site\/index.php?rest_route=\/wp\/v2\/types\/post"}],"author":[{"embeddable":true,"href":"https:\/\/odakhaber.site\/index.php?rest_route=\/wp\/v2\/users\/4"}],"replies":[{"embeddable":true,"href":"https:\/\/odakhaber.site\/index.php?rest_route=%2Fwp%2Fv2%2Fcomments&post=2126"}],"version-history":[{"count":1,"href":"https:\/\/odakhaber.site\/index.php?rest_route=\/wp\/v2\/posts\/2126\/revisions"}],"predecessor-version":[{"id":2130,"href":"https:\/\/odakhaber.site\/index.php?rest_route=\/wp\/v2\/posts\/2126\/revisions\/2130"}],"wp:featuredmedia":[{"embeddable":true,"href":"https:\/\/odakhaber.site\/index.php?rest_route=\/wp\/v2\/media\/2129"}],"wp:attachment":[{"href":"https:\/\/odakhaber.site\/index.php?rest_route=%2Fwp%2Fv2%2Fmedia&parent=2126"}],"wp:term":[{"taxonomy":"category","embeddable":true,"href":"https:\/\/odakhaber.site\/index.php?rest_route=%2Fwp%2Fv2%2Fcategories&post=2126"},{"taxonomy":"post_tag","embeddable":true,"href":"https:\/\/odakhaber.site\/index.php?rest_route=%2Fwp%2Fv2%2Ftags&post=2126"}],"curies":[{"name":"wp","href":"https:\/\/api.w.org\/{rel}","templated":true}]}}