{"id":2131,"date":"2026-03-13T20:27:05","date_gmt":"2026-03-13T20:27:05","guid":{"rendered":"https:\/\/odakhaber.site\/?p=2131"},"modified":"2026-03-13T20:27:05","modified_gmt":"2026-03-13T20:27:05","slug":"aslanin-zaferine-golge-dusmedi-lemina-ve-boeyden-kriz-iddialarina-jet-yanit","status":"publish","type":"post","link":"https:\/\/odakhaber.site\/?p=2131","title":{"rendered":"ASLAN&#8217;IN ZAFER\u0130NE G\u00d6LGE D\u00dc\u015eMED\u0130! LEMINA VE BOEY&#8217;DEN &#8220;KR\u0130Z&#8221; \u0130DD\u0130ALARINA JET YANIT"},"content":{"rendered":"\n<p><strong>UEFA \u015eampiyonlar Ligi&#8217;nde Liverpool&#8217;u 1-0 ma\u011flup ederek Avrupa&#8217;y\u0131 sarsan Galatasaray&#8217;da, ma\u00e7 sonu Mario Lemina ve Sacha Boey aras\u0131nda ya\u015fanan anlar g\u00fcndem olmu\u015ftu. \u0130ki y\u0131ld\u0131z isimden taraftar\u0131 rahatlatan a\u00e7\u0131klamalar gecikmedi.<\/strong><\/p>\n\n\n\n<hr class=\"wp-block-separator has-alpha-channel-opacity\"\/>\n\n\n\n<h3 class=\"wp-block-heading\"><strong>DEV ZAFER\u0130N ARDINDAN SAHADA D\u0130KKAT \u00c7EKEN ANLAR<\/strong><\/h3>\n\n\n\n<p>UEFA \u015eampiyonlar Ligi son 16 turu ilk ma\u00e7\u0131nda temsilcimiz <strong>Galatasaray<\/strong>, sahas\u0131nda d\u00fcnya devi <strong>Liverpool<\/strong>\u2019u konuk etti. Sar\u0131-k\u0131rm\u0131z\u0131l\u0131 ekip, <strong>Mario Lemina<\/strong>\u2019n\u0131n fileleri havaland\u0131rd\u0131\u011f\u0131 golle sahadan 1-0 galip ayr\u0131larak \u00e7eyrek final kap\u0131s\u0131n\u0131 aralad\u0131.<\/p>\n\n\n\n<p>Ancak ma\u00e7\u0131n biti\u015f d\u00fcd\u00fc\u011f\u00fcyle birlikte, gol\u00fcn sahibi Lemina&#8217;n\u0131n tebrik etmek i\u00e7in y\u00f6neldi\u011fi <strong>Sacha Boey<\/strong>&#8216;un, tecr\u00fcbeli oyuncunun y\u00fcz\u00fcne bakmadan uzakla\u015fmas\u0131 sosyal medyada &#8220;tak\u0131m i\u00e7inde kriz mi var?&#8221; sorular\u0131n\u0131 beraberinde getirdi.<\/p>\n\n\n\n<hr class=\"wp-block-separator has-alpha-channel-opacity\"\/>\n\n\n\n<h3 class=\"wp-block-heading\"><strong>MARIO LEMINA: &#8220;O BEN\u0130M K\u00dc\u00c7\u00dcK KARDE\u015e\u0130M&#8221;<\/strong><\/h3>\n\n\n\n<p>G\u00f6r\u00fcnt\u00fclerin k\u0131sa s\u00fcrede yay\u0131lmas\u0131 \u00fczerine canl\u0131 yay\u0131na kat\u0131lan Mario Lemina, iddialar\u0131 kesin bir dille yalanlayarak \u015fu ifadeleri kulland\u0131:<\/p>\n\n\n\n<blockquote class=\"wp-block-quote is-layout-flow wp-block-quote-is-layout-flow\">\n<p>&#8220;Sacha Boey&#8217;u \u00e7ok seviyorum. Benim dostum ve yak\u0131n arkada\u015f\u0131m. O b\u00f6yle bir tepki verdi ama b\u00fcy\u00fct\u00fclecek bir \u015fey de\u011fil. Kimseyle alakas\u0131 yok, hi\u00e7bir sorunumuz yok. \u0130nsanlar\u0131n yapt\u0131\u011f\u0131 yorumlar\u0131 umursamay\u0131n. Sacha ile aramda bir \u015fey yok. K\u00fc\u00e7\u00fck karde\u015fim gibi.&#8221;<\/p>\n<\/blockquote>\n\n\n\n<hr class=\"wp-block-separator has-alpha-channel-opacity\"\/>\n\n\n\n<h3 class=\"wp-block-heading\"><strong>SACHA BOEY: &#8220;DAHA D\u0130KKATL\u0130 OLACA\u011eIM&#8221;<\/strong><\/h3>\n\n\n\n<p>G\u00fcndemdeki g\u00f6r\u00fcnt\u00fcler sonras\u0131 sessizli\u011fini bozan Sacha Boey ise, bir taraftar\u0131n konuyla ilgili sorusuna samimi bir yan\u0131t vererek buzlar\u0131 eritti:<\/p>\n\n\n\n<blockquote class=\"wp-block-quote is-layout-flow wp-block-quote-is-layout-flow\">\n<p>&#8220;Lemina benim karde\u015fim, daha dikkatli olaca\u011f\u0131m.&#8221;<\/p>\n<\/blockquote>\n\n\n\n<p><a href=\"https:\/\/www.fotomac.com.tr\/galatasaray\/2026\/03\/13\/mac-sonu-goruntuleri-dikkat-cekmisti-leminadan-boey-aciklamasi-geldi\">https:\/\/www.fotomac.com.tr\/galatasaray\/2026\/03\/13\/mac-sonu-goruntuleri-dikkat-cekmisti-leminadan-boey-aciklamasi-geldi<\/a><\/p>\n","protected":false},"excerpt":{"rendered":"<p>UEFA \u015eampiyonlar Ligi&#8217;nde Liverpool&#8217;u 1-0 ma\u011flup ederek Avrupa&#8217;y\u0131 sarsan Galatasaray&#8217;da, ma\u00e7 sonu Mario Lemina ve Sacha Boey aras\u0131nda ya\u015fanan anlar g\u00fcndem olmu\u015ftu. \u0130ki y\u0131ld\u0131z isimden taraftar\u0131 rahatlatan a\u00e7\u0131klamalar gecikmedi. DEV ZAFER\u0130N ARDINDAN SAHADA D\u0130KKAT \u00c7EKEN ANLAR UEFA \u015eampiyonlar Ligi son 16 turu ilk ma\u00e7\u0131nda temsilcimiz Galatasaray, sahas\u0131nda d\u00fcnya devi Liverpool\u2019u konuk etti. Sar\u0131-k\u0131rm\u0131z\u0131l\u0131 ekip, Mario [&hellip;]<\/p>\n","protected":false},"author":4,"featured_media":2135,"comment_status":"open","ping_status":"open","sticky":false,"template":"","format":"standard","meta":{"_jetpack_memberships_contains_paid_content":false,"footnotes":""},"categories":[9],"tags":[],"class_list":["post-2131","post","type-post","status-publish","format-standard","has-post-thumbnail","hentry","category-spor"],"jetpack_featured_media_url":"https:\/\/odakhaber.site\/wp-content\/uploads\/2026\/03\/829x469-1773414885122.jpeg","jetpack_sharing_enabled":true,"_links":{"self":[{"href":"https:\/\/odakhaber.site\/index.php?rest_route=\/wp\/v2\/posts\/2131","targetHints":{"allow":["GET"]}}],"collection":[{"href":"https:\/\/odakhaber.site\/index.php?rest_route=\/wp\/v2\/posts"}],"about":[{"href":"https:\/\/odakhaber.site\/index.php?rest_route=\/wp\/v2\/types\/post"}],"author":[{"embeddable":true,"href":"https:\/\/odakhaber.site\/index.php?rest_route=\/wp\/v2\/users\/4"}],"replies":[{"embeddable":true,"href":"https:\/\/odakhaber.site\/index.php?rest_route=%2Fwp%2Fv2%2Fcomments&post=2131"}],"version-history":[{"count":1,"href":"https:\/\/odakhaber.site\/index.php?rest_route=\/wp\/v2\/posts\/2131\/revisions"}],"predecessor-version":[{"id":2136,"href":"https:\/\/odakhaber.site\/index.php?rest_route=\/wp\/v2\/posts\/2131\/revisions\/2136"}],"wp:featuredmedia":[{"embeddable":true,"href":"https:\/\/odakhaber.site\/index.php?rest_route=\/wp\/v2\/media\/2135"}],"wp:attachment":[{"href":"https:\/\/odakhaber.site\/index.php?rest_route=%2Fwp%2Fv2%2Fmedia&parent=2131"}],"wp:term":[{"taxonomy":"category","embeddable":true,"href":"https:\/\/odakhaber.site\/index.php?rest_route=%2Fwp%2Fv2%2Fcategories&post=2131"},{"taxonomy":"post_tag","embeddable":true,"href":"https:\/\/odakhaber.site\/index.php?rest_route=%2Fwp%2Fv2%2Ftags&post=2131"}],"curies":[{"name":"wp","href":"https:\/\/api.w.org\/{rel}","templated":true}]}}