{"id":2138,"date":"2026-03-13T20:30:17","date_gmt":"2026-03-13T20:30:17","guid":{"rendered":"https:\/\/odakhaber.site\/?p=2138"},"modified":"2026-03-13T20:30:17","modified_gmt":"2026-03-13T20:30:17","slug":"galatasaray-istanbul-basaksehir-fk-karsilasmasi-icin-sahaya-indi","status":"publish","type":"post","link":"https:\/\/odakhaber.site\/?p=2138","title":{"rendered":"Galatasaray, \u0130stanbul Ba\u015fak\u015fehir FK Kar\u015f\u0131la\u015fmas\u0131 \u0130\u00e7in Sahaya \u0130ndi"},"content":{"rendered":"\n<p><strong><em>Galatasaray, Trendyol S\u00fcper Lig\u2019in 26. haftas\u0131nda RAMS Ba\u015fak\u015fehir ile yapaca\u011f\u0131 ma\u00e7\u0131n haz\u0131rl\u0131klar\u0131na yapt\u0131\u011f\u0131 antrenmanla ba\u015flad\u0131. \u0130\u015fte ayr\u0131nt\u0131lar\u2026 | Son dakika Galatasaray haberleri (GS spor haberi)<\/em><\/strong><\/p>\n\n\n\n<p>Galatasaray,&nbsp;<a href=\"https:\/\/www.aspor.com.tr\/haberleri\/trendyol-super-lig\" target=\"_blank\" rel=\"noreferrer noopener\">Trendyol S\u00fcper Lig<\/a>\u2018in 26. haftas\u0131nda&nbsp;<a href=\"https:\/\/www.aspor.com.tr\/haberleri\/rams-basaksehir\" target=\"_blank\" rel=\"noreferrer noopener\">RAMS Ba\u015fak\u015fehir<\/a>&nbsp;ile yapaca\u011f\u0131 ma\u00e7\u0131n haz\u0131rl\u0131klar\u0131na bug\u00fcn yapt\u0131\u011f\u0131 antrenmanla ba\u015flad\u0131.<\/p>\n\n\n\n<figure class=\"wp-block-image size-full\"><img loading=\"lazy\" decoding=\"async\" width=\"836\" height=\"530\" src=\"https:\/\/odakhaber.site\/wp-content\/uploads\/2026\/03\/836x530-galatasaray-rams-basaksehir-maci-hazirliklarina-basladi-1773336347663.jpeg\" alt=\"\" class=\"wp-image-2145\" srcset=\"https:\/\/odakhaber.site\/wp-content\/uploads\/2026\/03\/836x530-galatasaray-rams-basaksehir-maci-hazirliklarina-basladi-1773336347663.jpeg 836w, https:\/\/odakhaber.site\/wp-content\/uploads\/2026\/03\/836x530-galatasaray-rams-basaksehir-maci-hazirliklarina-basladi-1773336347663-300x190.jpeg 300w, https:\/\/odakhaber.site\/wp-content\/uploads\/2026\/03\/836x530-galatasaray-rams-basaksehir-maci-hazirliklarina-basladi-1773336347663-768x487.jpeg 768w\" sizes=\"auto, (max-width: 836px) 100vw, 836px\" \/><\/figure>\n\n\n\n<p><a href=\"https:\/\/www.aspor.com.tr\/haberleri\/kemerburgaz-metin-oktay-tesisleri\" target=\"_blank\" rel=\"noreferrer noopener\">Kemerburgaz Metin Oktay Tesisleri<\/a>\u2018nde Teknik Direkt\u00f6r&nbsp;<a href=\"https:\/\/www.aspor.com.tr\/haberleri\/okan-buruk\" target=\"_blank\" rel=\"noreferrer noopener\">Okan Buruk<\/a>&nbsp;y\u00f6netiminde dinamik \u0131s\u0131nmayla ba\u015flayan idman, iki grup halinde 8\u2019e 2 pas \u00e7al\u0131\u015fmas\u0131yla devam etti. Antrenman, topa sahip olma \u00e7al\u0131\u015fmas\u0131n\u0131n ard\u0131ndan \u00e7ift kale ma\u00e7la sona erdi.<br>Galatasaray, yar\u0131n saat 17.00\u2019de yapaca\u011f\u0131 idmanla haz\u0131rl\u0131klar\u0131n\u0131 tamamlayacak.<\/p>\n\n\n\n<p>KARDE\u015e HABER<\/p>\n\n\n\n<p><a href=\"https:\/\/basinmedya.com\/2026\/03\/12\/galatasaray-istanbul-basaksehir-fk-karsilasmasi-icin-sahaya-indi\">https:\/\/basinmedya.com\/2026\/03\/12\/galatasaray-istanbul-basaksehir-fk-karsilasmasi-icin-sahaya-indi<\/a><\/p>\n\n\n\n<p><\/p>\n","protected":false},"excerpt":{"rendered":"<p>Galatasaray, Trendyol S\u00fcper Lig\u2019in 26. haftas\u0131nda RAMS Ba\u015fak\u015fehir ile yapaca\u011f\u0131 ma\u00e7\u0131n haz\u0131rl\u0131klar\u0131na yapt\u0131\u011f\u0131 antrenmanla ba\u015flad\u0131. \u0130\u015fte ayr\u0131nt\u0131lar\u2026 | Son dakika Galatasaray haberleri (GS spor haberi) Galatasaray,&nbsp;Trendyol S\u00fcper Lig\u2018in 26. haftas\u0131nda&nbsp;RAMS Ba\u015fak\u015fehir&nbsp;ile yapaca\u011f\u0131 ma\u00e7\u0131n haz\u0131rl\u0131klar\u0131na bug\u00fcn yapt\u0131\u011f\u0131 antrenmanla ba\u015flad\u0131. Kemerburgaz Metin Oktay Tesisleri\u2018nde Teknik Direkt\u00f6r&nbsp;Okan Buruk&nbsp;y\u00f6netiminde dinamik \u0131s\u0131nmayla ba\u015flayan idman, iki grup halinde 8\u2019e 2 pas [&hellip;]<\/p>\n","protected":false},"author":4,"featured_media":2145,"comment_status":"open","ping_status":"open","sticky":false,"template":"","format":"standard","meta":{"_jetpack_memberships_contains_paid_content":false,"footnotes":""},"categories":[9],"tags":[],"class_list":["post-2138","post","type-post","status-publish","format-standard","has-post-thumbnail","hentry","category-spor"],"jetpack_featured_media_url":"https:\/\/odakhaber.site\/wp-content\/uploads\/2026\/03\/836x530-galatasaray-rams-basaksehir-maci-hazirliklarina-basladi-1773336347663.jpeg","jetpack_sharing_enabled":true,"_links":{"self":[{"href":"https:\/\/odakhaber.site\/index.php?rest_route=\/wp\/v2\/posts\/2138","targetHints":{"allow":["GET"]}}],"collection":[{"href":"https:\/\/odakhaber.site\/index.php?rest_route=\/wp\/v2\/posts"}],"about":[{"href":"https:\/\/odakhaber.site\/index.php?rest_route=\/wp\/v2\/types\/post"}],"author":[{"embeddable":true,"href":"https:\/\/odakhaber.site\/index.php?rest_route=\/wp\/v2\/users\/4"}],"replies":[{"embeddable":true,"href":"https:\/\/odakhaber.site\/index.php?rest_route=%2Fwp%2Fv2%2Fcomments&post=2138"}],"version-history":[{"count":1,"href":"https:\/\/odakhaber.site\/index.php?rest_route=\/wp\/v2\/posts\/2138\/revisions"}],"predecessor-version":[{"id":2146,"href":"https:\/\/odakhaber.site\/index.php?rest_route=\/wp\/v2\/posts\/2138\/revisions\/2146"}],"wp:featuredmedia":[{"embeddable":true,"href":"https:\/\/odakhaber.site\/index.php?rest_route=\/wp\/v2\/media\/2145"}],"wp:attachment":[{"href":"https:\/\/odakhaber.site\/index.php?rest_route=%2Fwp%2Fv2%2Fmedia&parent=2138"}],"wp:term":[{"taxonomy":"category","embeddable":true,"href":"https:\/\/odakhaber.site\/index.php?rest_route=%2Fwp%2Fv2%2Fcategories&post=2138"},{"taxonomy":"post_tag","embeddable":true,"href":"https:\/\/odakhaber.site\/index.php?rest_route=%2Fwp%2Fv2%2Ftags&post=2138"}],"curies":[{"name":"wp","href":"https:\/\/api.w.org\/{rel}","templated":true}]}}