{"id":2188,"date":"2026-03-14T20:15:46","date_gmt":"2026-03-14T20:15:46","guid":{"rendered":"https:\/\/odakhaber.site\/?p=2188"},"modified":"2026-03-14T20:15:46","modified_gmt":"2026-03-14T20:15:46","slug":"besiktasin-genclerbirligi-maci-kamp-kadrosu-belli-oldu","status":"publish","type":"post","link":"https:\/\/odakhaber.site\/?p=2188","title":{"rendered":"Be\u015fikta\u015f&#8217;\u0131n Gen\u00e7lerbirli\u011fi Ma\u00e7\u0131 Kamp Kadrosu Belli Oldu"},"content":{"rendered":"\n<p>Trendyol S\u00fcper Lig&#8217;in 26. haftas\u0131nda deplasmanda Natura D\u00fcnyas\u0131 Gen\u00e7lerbirli\u011fi ile kar\u015f\u0131la\u015facak olan Be\u015fikta\u015f&#8217;\u0131n kamp kadrosu a\u00e7\u0131kland\u0131. Sakatl\u0131klar ve teknik kararlar nedeniyle baz\u0131 \u00f6nemli isimler kadroda yer almad\u0131.<\/p>\n\n\n\n<p>14 Mart 2026 Cumartesi g\u00fcn\u00fc saat 16:10&#8217;da duyurulan kadroya g\u00f6re, siyah-beyazl\u0131larda Emirhan Top\u00e7u ve El Bilal Toure sakatl\u0131klar\u0131 sebebiyle kadroda bulunmuyor. Ayr\u0131ca, Taylan Bulut ve Devrim \u015eahin de Gen\u00e7lerbirli\u011fi ma\u00e7\u0131 kamp kafilesine dahil edilmedi.<\/p>\n\n\n\n<p>Be\u015fikta\u015f&#8217;\u0131n Ankara kafilesindeki oyuncular ve ma\u00e7la ilgili detaylar \u00f6n\u00fcm\u00fczdeki g\u00fcnlerde netle\u015fecek.<\/p>\n\n\n\n<p><a href=\"https:\/\/www.fotomac.com.tr\/besiktas\/2026\/03\/14\/besiktasin-kamp-kadrosu-aciklandi?\">https:\/\/www.fotomac.com.tr\/besiktas\/2026\/03\/14\/besiktasin-kamp-kadrosu-aciklandi?<\/a><\/p>\n","protected":false},"excerpt":{"rendered":"<p>Trendyol S\u00fcper Lig&#8217;in 26. haftas\u0131nda deplasmanda Natura D\u00fcnyas\u0131 Gen\u00e7lerbirli\u011fi ile kar\u015f\u0131la\u015facak olan Be\u015fikta\u015f&#8217;\u0131n kamp kadrosu a\u00e7\u0131kland\u0131. Sakatl\u0131klar ve teknik kararlar nedeniyle baz\u0131 \u00f6nemli isimler kadroda yer almad\u0131. 14 Mart 2026 Cumartesi g\u00fcn\u00fc saat 16:10&#8217;da duyurulan kadroya g\u00f6re, siyah-beyazl\u0131larda Emirhan Top\u00e7u ve El Bilal Toure sakatl\u0131klar\u0131 sebebiyle kadroda bulunmuyor. Ayr\u0131ca, Taylan Bulut ve Devrim \u015eahin de [&hellip;]<\/p>\n","protected":false},"author":4,"featured_media":2190,"comment_status":"open","ping_status":"open","sticky":false,"template":"","format":"standard","meta":{"_jetpack_memberships_contains_paid_content":false,"footnotes":""},"categories":[9],"tags":[],"class_list":["post-2188","post","type-post","status-publish","format-standard","has-post-thumbnail","hentry","category-spor"],"jetpack_featured_media_url":"https:\/\/odakhaber.site\/wp-content\/uploads\/2026\/03\/829x469-besiktasin-kamp-kadrosu-aciklandi-1773494179316.jpeg","jetpack_sharing_enabled":true,"_links":{"self":[{"href":"https:\/\/odakhaber.site\/index.php?rest_route=\/wp\/v2\/posts\/2188","targetHints":{"allow":["GET"]}}],"collection":[{"href":"https:\/\/odakhaber.site\/index.php?rest_route=\/wp\/v2\/posts"}],"about":[{"href":"https:\/\/odakhaber.site\/index.php?rest_route=\/wp\/v2\/types\/post"}],"author":[{"embeddable":true,"href":"https:\/\/odakhaber.site\/index.php?rest_route=\/wp\/v2\/users\/4"}],"replies":[{"embeddable":true,"href":"https:\/\/odakhaber.site\/index.php?rest_route=%2Fwp%2Fv2%2Fcomments&post=2188"}],"version-history":[{"count":1,"href":"https:\/\/odakhaber.site\/index.php?rest_route=\/wp\/v2\/posts\/2188\/revisions"}],"predecessor-version":[{"id":2193,"href":"https:\/\/odakhaber.site\/index.php?rest_route=\/wp\/v2\/posts\/2188\/revisions\/2193"}],"wp:featuredmedia":[{"embeddable":true,"href":"https:\/\/odakhaber.site\/index.php?rest_route=\/wp\/v2\/media\/2190"}],"wp:attachment":[{"href":"https:\/\/odakhaber.site\/index.php?rest_route=%2Fwp%2Fv2%2Fmedia&parent=2188"}],"wp:term":[{"taxonomy":"category","embeddable":true,"href":"https:\/\/odakhaber.site\/index.php?rest_route=%2Fwp%2Fv2%2Fcategories&post=2188"},{"taxonomy":"post_tag","embeddable":true,"href":"https:\/\/odakhaber.site\/index.php?rest_route=%2Fwp%2Fv2%2Ftags&post=2188"}],"curies":[{"name":"wp","href":"https:\/\/api.w.org\/{rel}","templated":true}]}}