{"id":2194,"date":"2026-03-14T20:17:31","date_gmt":"2026-03-14T20:17:31","guid":{"rendered":"https:\/\/odakhaber.site\/?p=2194"},"modified":"2026-03-14T20:40:34","modified_gmt":"2026-03-14T20:40:34","slug":"selcuk-inandan-hakem-yonetimine-sert-tepki-bu-hakemi-sevmiyorum-benden-nefret-ediyor","status":"publish","type":"post","link":"https:\/\/odakhaber.site\/?p=2194","title":{"rendered":"Milli Stoper Yusuf Ak\u00e7i\u00e7ek\u2019ten Sevindirici Haber: Ba\u015far\u0131l\u0131 Operasyon"},"content":{"rendered":"\n<p>Suudi Arabistan ekiplerinden&nbsp;<strong>Al Hilal<\/strong>&nbsp;formas\u0131 giyen milli futbolcu&nbsp;<strong>Yusuf Ak\u00e7i\u00e7ek<\/strong>, ya\u015fad\u0131\u011f\u0131 sa\u011fl\u0131k sorunu nedeniyle ameliyat masas\u0131na yatt\u0131. Gen\u00e7 savunmac\u0131n\u0131n ba\u015far\u0131l\u0131 bir&nbsp;<strong>f\u0131t\u0131k operasyonu<\/strong>&nbsp;ge\u00e7irdi\u011fi a\u00e7\u0131kland\u0131.<\/p>\n\n\n\n<h3 class=\"wp-block-heading\">Sa\u011fl\u0131k Durumu ve D\u00f6n\u00fc\u015f S\u00fcreci<\/h3>\n\n\n\n<p>Hen\u00fcz 20 ya\u015f\u0131nda olan ba\u015far\u0131l\u0131 stoperin operasyon sonras\u0131 sa\u011fl\u0131k durumunun iyi oldu\u011fu belirtildi. Yusuf Ak\u00e7i\u00e7ek\u2019in ye\u015fil sahalara tam olarak ne zaman d\u00f6nece\u011fi ise uygulanacak olan&nbsp;<strong>rehabilitasyon s\u00fcrecinin<\/strong>&nbsp;gidi\u015fat\u0131na g\u00f6re netlik kazanacak.<\/p>\n\n\n\n<h3 class=\"wp-block-heading\">Milli Tak\u0131m \u0130\u00e7in Kritik Viraj<\/h3>\n\n\n\n<p>Bu geli\u015fme, A Milli Tak\u0131m\u0131m\u0131z\u0131n \u00f6nemli bir m\u00fccadelesi \u00f6ncesine denk geldi. Ay-y\u0131ld\u0131zl\u0131 ekibimiz,&nbsp;<strong>26 Mart<\/strong>&nbsp;tarihinde \u0130stanbul\u2019da&nbsp;<strong>Romanya<\/strong>&nbsp;ile kritik bir baraj ma\u00e7\u0131na \u00e7\u0131kacak. Gen\u00e7 oyuncunun bu \u00f6nemli kar\u015f\u0131la\u015fmaya yeti\u015fip yeti\u015femeyece\u011fi, iyile\u015fme h\u0131z\u0131na ba\u011fl\u0131 olarak belli olacak.<\/p>\n\n\n\n<p><a href=\"https:\/\/www.fotomac.com.tr\/futbol\/2026\/03\/14\/yusuf-akcicek-ameliyat-oldu\">https:\/\/www.fotomac.com.tr\/futbol\/2026\/03\/14\/yusuf-akcicek-ameliyat-oldu<\/a><\/p>\n\n\n\n<p><\/p>\n","protected":false},"excerpt":{"rendered":"<p>Suudi Arabistan ekiplerinden&nbsp;Al Hilal&nbsp;formas\u0131 giyen milli futbolcu&nbsp;Yusuf Ak\u00e7i\u00e7ek, ya\u015fad\u0131\u011f\u0131 sa\u011fl\u0131k sorunu nedeniyle ameliyat masas\u0131na yatt\u0131. Gen\u00e7 savunmac\u0131n\u0131n ba\u015far\u0131l\u0131 bir&nbsp;f\u0131t\u0131k operasyonu&nbsp;ge\u00e7irdi\u011fi a\u00e7\u0131kland\u0131. Sa\u011fl\u0131k Durumu ve D\u00f6n\u00fc\u015f S\u00fcreci Hen\u00fcz 20 ya\u015f\u0131nda olan ba\u015far\u0131l\u0131 stoperin operasyon sonras\u0131 sa\u011fl\u0131k durumunun iyi oldu\u011fu belirtildi. Yusuf Ak\u00e7i\u00e7ek\u2019in ye\u015fil sahalara tam olarak ne zaman d\u00f6nece\u011fi ise uygulanacak olan&nbsp;rehabilitasyon s\u00fcrecinin&nbsp;gidi\u015fat\u0131na g\u00f6re netlik kazanacak. [&hellip;]<\/p>\n","protected":false},"author":4,"featured_media":2237,"comment_status":"open","ping_status":"open","sticky":false,"template":"","format":"standard","meta":{"_jetpack_memberships_contains_paid_content":false,"footnotes":""},"categories":[9],"tags":[],"class_list":["post-2194","post","type-post","status-publish","format-standard","has-post-thumbnail","hentry","category-spor"],"jetpack_featured_media_url":"https:\/\/odakhaber.site\/wp-content\/uploads\/2026\/03\/633x358-yusuf-akcicek-ameliyat-oldu-1773436368874.jpeg","jetpack_sharing_enabled":true,"_links":{"self":[{"href":"https:\/\/odakhaber.site\/index.php?rest_route=\/wp\/v2\/posts\/2194","targetHints":{"allow":["GET"]}}],"collection":[{"href":"https:\/\/odakhaber.site\/index.php?rest_route=\/wp\/v2\/posts"}],"about":[{"href":"https:\/\/odakhaber.site\/index.php?rest_route=\/wp\/v2\/types\/post"}],"author":[{"embeddable":true,"href":"https:\/\/odakhaber.site\/index.php?rest_route=\/wp\/v2\/users\/4"}],"replies":[{"embeddable":true,"href":"https:\/\/odakhaber.site\/index.php?rest_route=%2Fwp%2Fv2%2Fcomments&post=2194"}],"version-history":[{"count":3,"href":"https:\/\/odakhaber.site\/index.php?rest_route=\/wp\/v2\/posts\/2194\/revisions"}],"predecessor-version":[{"id":2241,"href":"https:\/\/odakhaber.site\/index.php?rest_route=\/wp\/v2\/posts\/2194\/revisions\/2241"}],"wp:featuredmedia":[{"embeddable":true,"href":"https:\/\/odakhaber.site\/index.php?rest_route=\/wp\/v2\/media\/2237"}],"wp:attachment":[{"href":"https:\/\/odakhaber.site\/index.php?rest_route=%2Fwp%2Fv2%2Fmedia&parent=2194"}],"wp:term":[{"taxonomy":"category","embeddable":true,"href":"https:\/\/odakhaber.site\/index.php?rest_route=%2Fwp%2Fv2%2Fcategories&post=2194"},{"taxonomy":"post_tag","embeddable":true,"href":"https:\/\/odakhaber.site\/index.php?rest_route=%2Fwp%2Fv2%2Ftags&post=2194"}],"curies":[{"name":"wp","href":"https:\/\/api.w.org\/{rel}","templated":true}]}}