{"id":2198,"date":"2026-03-14T20:31:54","date_gmt":"2026-03-14T20:31:54","guid":{"rendered":"https:\/\/odakhaber.site\/?p=2198"},"modified":"2026-03-14T20:34:05","modified_gmt":"2026-03-14T20:34:05","slug":"selcuk-inandan-hakem-yonetimine-sert-tepki-bu-hakemi-sevmiyorum-benden-nefret-ediyor-2","status":"publish","type":"post","link":"https:\/\/odakhaber.site\/?p=2198","title":{"rendered":"Sel\u00e7uk \u0130nan\u2019dan Hakem Y\u00f6netimine Sert Tepki: &#8220;Bu Hakemi Sevmiyorum, Benden Nefret Ediyor!&#8221;"},"content":{"rendered":"\n<p><strong>Trendyol S\u00fcper Lig\u2019in 26. haftas\u0131nda Konyaspor\u2019a 2-1 ma\u011flup olan Kocaelispor\u2019da Teknik Direkt\u00f6r Sel\u00e7uk \u0130nan, ma\u00e7 sonu yapt\u0131\u011f\u0131 a\u00e7\u0131klamalarla g\u00fcndeme damga vurdu. K\u0131rm\u0131z\u0131 kart g\u00f6rerek saha d\u0131\u015f\u0131na g\u00f6nderilen \u0130nan, ma\u00e7\u0131n hakemi Cihan Ayd\u0131n hakk\u0131nda \u00e7ok konu\u015fulacak ifadeler kulland\u0131.<\/strong><\/p>\n\n\n\n<h3 class=\"wp-block-heading\">Saha Kar\u0131\u015ft\u0131: Penalt\u0131 Karar\u0131 ve K\u0131rm\u0131z\u0131 Kart<\/h3>\n\n\n\n<p>Kocaelispor &#8211; Konyaspor m\u00fccadelesinin son b\u00f6l\u00fcm\u00fcnde, hakem Cihan Ayd\u0131n\u2019\u0131n Konyaspor lehine verdi\u011fi penalt\u0131 karar\u0131 tansiyonu y\u00fckseltti. Karara \u015fiddetle itiraz eden teknik direkt\u00f6r Sel\u00e7uk \u0130nan, k\u0131rm\u0131z\u0131 kartla oyun d\u0131\u015f\u0131 kald\u0131. Pozisyonun ard\u0131ndan Kocaelispor teknik heyeti ve futbolcular\u0131n tepki g\u00f6stererek sahadan \u00e7ekilmesi, kar\u015f\u0131la\u015fman\u0131n en kritik an\u0131 olarak kay\u0131tlara ge\u00e7ti.<\/p>\n\n\n\n<h3 class=\"wp-block-heading\">&#8220;Neden At\u0131ld\u0131\u011f\u0131m\u0131 Ben de Bilmiyorum&#8221;<\/h3>\n\n\n\n<p>Cezal\u0131 duruma d\u00fc\u015ft\u00fc\u011f\u00fc i\u00e7in a\u00e7\u0131klamalar\u0131n\u0131 stat d\u0131\u015f\u0131nda ger\u00e7ekle\u015ftiren Sel\u00e7uk \u0130nan, g\u00f6rd\u00fc\u011f\u00fc k\u0131rm\u0131z\u0131 kart\u0131n haks\u0131z oldu\u011funu savundu:<\/p>\n\n\n\n<blockquote class=\"wp-block-quote is-layout-flow wp-block-quote-is-layout-flow\">\n<p>&#8220;Cezal\u0131y\u0131m, k\u0131rm\u0131z\u0131 kart g\u00f6rd\u00fcm. Neden g\u00f6rd\u00fc\u011f\u00fcm\u00fc hi\u00e7 kimse bilmiyor, ben de bilmiyorum. Sadece hakeme &#8216;Hocam vallahi bu penalt\u0131 de\u011fil&#8217; demekle k\u0131rm\u0131z\u0131 kart g\u00f6rd\u00fcm. A\u00e7\u0131k\u00e7as\u0131 buna \u00e7ok \u015fa\u015f\u0131rd\u0131m. Futbolun i\u00e7inde itiraz da var, duygular da var ama b\u00f6yle bir durumda k\u0131rm\u0131z\u0131 kart g\u00f6rmek beni ger\u00e7ekten \u00fczd\u00fc.&#8221;<\/p>\n<\/blockquote>\n\n\n\n<h3 class=\"wp-block-heading\">Hakem Cihan Ayd\u0131n\u2019a A\u011f\u0131r Ele\u015ftiri: &#8220;Federasyona Rica Ettim&#8221;<\/h3>\n\n\n\n<p>Hakem ile aras\u0131nda ki\u015fisel bir husumet oldu\u011funu ima eden \u0130nan, Merkez Hakem Kurulu ve Federasyon\u2019a \u00e7a\u011fr\u0131da bulundu:<\/p>\n\n\n\n<ul class=\"wp-block-list\">\n<li><strong>&#8220;Bu hakemi sevmiyorum:<\/strong> Bunu a\u00e7\u0131k\u00e7a s\u00f6ylemek istiyorum. Bu kadar ters bir hakem, bu kadar benden nefret eden bir hakem oldu\u011funu d\u00fc\u015f\u00fcn\u00fcyorum.&#8221;<\/li>\n\n\n\n<li><strong>&#8220;\u0130\u00e7imden ge\u00e7enleri s\u00f6yl\u00fcyorum:<\/strong> Daha \u00f6nce de federasyona ma\u00e7lar\u0131m\u0131za vermemesini rica ettim. \u0130nsanlar\u0131n duygular\u0131 olabilir; baz\u0131lar\u0131 birbirini sever, baz\u0131lar\u0131 sevmez.&#8221;<\/li>\n\n\n\n<li><strong>&#8220;Saha kenar\u0131nda olmak istemiyorum:<\/strong> E\u011fer bundan sonra bu hakem benim ma\u00e7lar\u0131ma verilirse ba\u015fkan\u0131mdan ve y\u00f6neticilerimden izin isteyece\u011fim, saha kenar\u0131nda olmak istemedi\u011fimi s\u00f6yleyece\u011fim.&#8221;<\/li>\n<\/ul>\n\n\n\n<h3 class=\"wp-block-heading\">&#8220;Kocaelispor Sahipsiz De\u011fil&#8221;<\/h3>\n\n\n\n<p>Verilen emeklerin hakem hatalar\u0131yla bo\u015fa gitmesine izin vermeyece\u011fini belirten gen\u00e7 teknik adam, kul\u00fcb\u00fcn b\u00fcy\u00fckl\u00fc\u011f\u00fcne vurgu yaparak s\u00f6zlerini \u015f\u00f6yle s\u00fcrd\u00fcrd\u00fc:<\/p>\n\n\n\n<p>&#8220;Ben sadece hakk\u0131n pe\u015findeyim. Gecemi g\u00fcnd\u00fcz\u00fcm\u00fc bu kul\u00fcp i\u00e7in veriyorum. Kocaelispor&#8217;la ilgili hayallerim var. E\u011fer sahadaki kararlarla bu emekler bo\u015fa giderse buna sessiz kalamam. Ligin en renkli tak\u0131mlar\u0131ndan biriyiz, trib\u00fcnleri en \u00e7ok dolan camialardan biriyiz. B\u00f6yle bir camiay\u0131 yok sayamazs\u0131n\u0131z.&#8221;<\/p>\n\n\n\n<h3 class=\"wp-block-heading\">Son \u00c7a\u011fr\u0131: &#8220;Tek \u0130stedi\u011fimiz Adalet&#8221;<\/h3>\n\n\n\n<p>\u0130nan, lehlerine ayr\u0131cal\u0131k de\u011fil, sadece adalet beklediklerini ifade ederek konu\u015fmas\u0131n\u0131 noktalad\u0131: &#8220;Biz ekstra bir \u015fey istemiyoruz. Olmayan bir pozisyon bizim lehimize verilsin diye bir talebimiz yok. Tek istedi\u011fimiz adalet. Ama s\u00fcrekli aleyhimize kararlar verilmesi d\u00fc\u015f\u00fcnd\u00fcr\u00fcc\u00fc. Kocaelispor camias\u0131 sahipsiz de\u011fil.&#8221;<\/p>\n\n\n\n<hr class=\"wp-block-separator has-alpha-channel-opacity\"\/>\n\n\n\n<p><strong>Bu konuyla ilgili bir resmi kul\u00fcp a\u00e7\u0131klamas\u0131 tasla\u011f\u0131 haz\u0131rlamam\u0131 ya da puan durumuna etkisini analiz etmemi ister misiniz?<\/strong><\/p>\n\n\n\n<p>Siz \u015funu dediniz:<\/p>\n\n\n\n<p>T\u00dcMOSAN Konyaspor deplasmanda Kocaelispor&#8217;u yendi!<\/p>\n\n\n\n<p>Trendyol S\u00fcper Lig&#8217;in 26. haftas\u0131nda T\u00dcMOSAN Konyaspor, deplasmanda Kocaelispor&#8217;u dakika 90+4&#8217;te kaydetti\u011fi penalt\u0131 gol\u00fc ile 2-1 ma\u011flup etti. \u0130\u015fte m\u00fccadelenin detaylar\u0131&#8230; | Son dakika spor haberleri<\/p>\n\n\n\n<p>S\u00fcper Lig Haberleri&nbsp;Giri\u015f Tarihi: 14 Mart 2026 Cumartesi 15:29&nbsp;G\u00fcncelleme Tarihi: 14 Mart 2026 Cumartesi 16:01<\/p>\n\n\n\n<p>Trendyol S\u00fcper Lig&#8217;in 26. haftas\u0131nda&nbsp;Kocaelispor&nbsp;ile&nbsp;T\u00dcMOSAN Konyaspor&nbsp;kar\u015f\u0131 kar\u015f\u0131ya geldi. Turka Kocaeli Stadyumu&#8217;nda oynanan m\u00fccadelenin ilk yar\u0131s\u0131nda bir\u00e7ok \u00f6nemli pozisyon olmas\u0131na ra\u011fmen Kocaeli&#8217;de gol sesi \u00e7\u0131kmad\u0131.<\/p>\n\n\n\n<p>Ma\u00e7\u0131n ikinci yar\u0131s\u0131nda Kocaelispor formas\u0131yla&nbsp;Serdar Dursun&nbsp;ma\u00e7\u0131n 58. dakikas\u0131nda gol atarak tak\u0131m\u0131n\u0131 1-0 \u00f6ne ge\u00e7irdi. Dursun, ligde \u00fcst \u00fcste iki ma\u00e7ta ilk kez gol att\u0131.<\/p>\n\n\n\n<p>Blaz Kramer ma\u00e7\u0131n 88. dakikas\u0131nda T\u00dcMOSAN Konyaspor formas\u0131yla gol atarak skoru e\u015fitledi.<\/p>\n\n\n\n<p>Ma\u00e7ta 90+2&#8217;de penalt\u0131 karar\u0131 al\u0131nd\u0131. T\u00dcMOSAN Konyaspor, Jackson Muleka (P) ile 2-1 \u00f6ne ge\u00e7ti.<\/p>\n\n\n\n<p>Ma\u00e7, b\u00f6ylelikle T\u00dcMOSAN Konyaspor&#8217;un 2-1&#8217;lik \u00fcst\u00fcnl\u00fc\u011f\u00fcyle sona erdi.<\/p>\n\n\n\n<p>MA\u00c7IN ARDINDAN OLU\u015eAN DURUM<\/p>\n\n\n\n<p>T\u00dcMOSAN Konyaspor 27&#8217;ye y\u00fckselterek 12. s\u0131rada yer ald\u0131. Kocaelispor ise ligde 33 puanda kald\u0131 ve 7. s\u0131rada yer ald\u0131.<\/p>\n\n\n\n<p>KOCAEL\u0130SPOR YEDEK KUL\u00dcBES\u0130 SAHAYI TERK ETT\u0130!<\/p>\n\n\n\n<p>Kocaelispor-T\u00dcMOSAN Konyaspor kar\u015f\u0131la\u015fmas\u0131nda Konyaspor&#8217;un uzatma dakikalar\u0131nda penalt\u0131 kazanmas\u0131ndan sonra Kocaelispor Teknik Direkt\u00f6r\u00fc Sel\u00e7uk \u0130nan, yedek oyuncular\u0131 ve teknik ekibi soyunma odas\u0131na g\u00f6nderdi. Bunun \u00fczerine ma\u00e7\u0131n hakemi, \u0130nan&#8217;a k\u0131rm\u0131z\u0131 kart g\u00f6sterdi.<\/p>\n\n\n\n<p>S\u00dcPER L\u0130G&#8217;DE GELECEK HAFTA<\/p>\n\n\n\n<p>S\u00fcper Lig&#8217;de gelecek hafta Kocaelispor deplasmanda&nbsp;Corendon Alanyaspor&nbsp;ile kar\u015f\u0131 kar\u015f\u0131ya gelecek. T\u00dcMOSAN Konyaspor ise evinde Natura D\u00fcnyas\u0131 Gen\u00e7lerbirli\u011fi&#8217;ni a\u011f\u0131rlayacak.<\/p>\n\n\n\n<p>bu haberi profesyonel bir bi\u00e7imde ba\u015fl\u0131klar\u0131n\u0131 vs. tekrar d\u00fczenleyerek yaz al\u0131nt\u0131 ve verileri de\u011fi\u015ftirmeden direkt kullan.<\/p>\n\n\n\n<p>Bu kritik kar\u015f\u0131la\u015fmay\u0131, spor habercili\u011fi standartlar\u0131na uygun, dinamik bir yap\u0131 ve profesyonel ba\u015fl\u0131klarla yeniden kurgulad\u0131m:<\/p>\n\n\n\n<hr class=\"wp-block-separator has-alpha-channel-opacity\"\/>\n\n\n\n<h1 class=\"wp-block-heading\">Kocaeli\u2019de Olayl\u0131 Gece: Konyaspor 90+4\u2019te G\u00fcld\u00fc, Saha Kar\u0131\u015ft\u0131!<\/h1>\n\n\n\n<p><strong>Trendyol S\u00fcper Lig\u2019in 26. haftas\u0131nda T\u00dcMOSAN Konyaspor, nefes kesen m\u00fccadelenin uzatma dakikalar\u0131nda buldu\u011fu penalt\u0131 gol\u00fcyle Kocaelispor\u2019u deplasmanda 2-1 ma\u011flup etti. Kar\u015f\u0131la\u015fman\u0131n son anlar\u0131nda ya\u015fanan gerginlik ve Kocaelispor yedek kul\u00fcbesinin sahay\u0131 terk etmesi ma\u00e7a damga vurdu.<\/strong><\/p>\n\n\n\n<h3 class=\"wp-block-heading\">\u0130lk Yar\u0131da Sessizlik, \u0130kinci Yar\u0131da F\u0131rt\u0131na<\/h3>\n\n\n\n<p>Turka Kocaeli Stadyumu&#8217;ndaki m\u00fccadelenin ilk yar\u0131s\u0131nda her iki ekip de \u00f6nemli pozisyonlar yakalamas\u0131na ra\u011fmen devreye 0-0\u2019l\u0131k e\u015fitlikle girildi. \u0130kinci yar\u0131ya h\u0131zl\u0131 ba\u015flayan taraf ise ev sahibi ekip oldu.<\/p>\n\n\n\n<ul class=\"wp-block-list\">\n<li><strong>Dursun Yine Sahnede:<\/strong> 58. dakikada Kocaelispor&#8217;un tecr\u00fcbeli golc\u00fcs\u00fc <strong>Serdar Dursun<\/strong>, tak\u0131m\u0131 1-0 \u00f6ne ge\u00e7iren gol\u00fc kaydetti. Dursun, bu golle ligde \u00fcst \u00fcste iki ma\u00e7ta ilk kez a\u011flar\u0131 sarsma ba\u015far\u0131s\u0131 g\u00f6sterdi.<\/li>\n\n\n\n<li><strong>Konyaspor Pes Etmedi:<\/strong> Ma\u00e7\u0131n son b\u00f6l\u00fcmlerinde bask\u0131s\u0131n\u0131 art\u0131ran ye\u015fil-beyazl\u0131lar, 88. dakikada <strong>Blaz Kramer<\/strong> ile skoru 1-1\u2019e getirerek umutlar\u0131n\u0131 tazeledi.<\/li>\n<\/ul>\n\n\n\n<h3 class=\"wp-block-heading\">90+4\u2019te Gelen Penalt\u0131 ve Saha Kenar\u0131nda Kaos<\/h3>\n\n\n\n<p>Ma\u00e7\u0131n k\u0131r\u0131lma an\u0131 90+2. dakikada ya\u015fand\u0131. Hakemin Konyaspor lehine verdi\u011fi penalt\u0131 karar\u0131 sonras\u0131 saha bir anda kar\u0131\u015ft\u0131.<\/p>\n\n\n\n<ul class=\"wp-block-list\">\n<li><strong>Kocaelispor Sahadan \u00c7ekildi:<\/strong> Karara sert tepki g\u00f6steren Teknik Direkt\u00f6r <strong>Sel\u00e7uk \u0130nan<\/strong>, yedek oyuncular\u0131 ve teknik ekibi soyunma odas\u0131na g\u00f6nderdi. Bu protesto sonras\u0131 ma\u00e7\u0131n hakemi, Sel\u00e7uk \u0130nan\u2019a <strong>k\u0131rm\u0131z\u0131 kart<\/strong> g\u00f6sterdi.<\/li>\n\n\n\n<li><strong>Muleka Hata Yapmad\u0131:<\/strong> Gergin bekleyi\u015fin ard\u0131ndan 90+4\u2019te topun ba\u015f\u0131na ge\u00e7en <strong>Jackson Muleka<\/strong>, penalt\u0131 vuru\u015funu gole \u00e7evirerek ma\u00e7\u0131n skorunu tayin etti: <strong>2-1.<\/strong><\/li>\n<\/ul>\n\n\n\n<hr class=\"wp-block-separator has-alpha-channel-opacity\"\/>\n\n\n\n<h3 class=\"wp-block-heading\">Puan Durumunda Son Durum<\/h3>\n\n\n\n<p>Bu sonu\u00e7la birlikte alt s\u0131ralardan uzakla\u015fmak isteyen T\u00dcMOSAN Konyaspor, puan\u0131n\u0131 <strong>27\u2019ye y\u00fckselterek 12. s\u0131raya<\/strong> t\u0131rmand\u0131. Evinde dramatik bir yenilgi alan Kocaelispor ise <strong>33 puanda kalarak 7. s\u0131radaki<\/strong> yerini korudu.<\/p>\n\n\n\n<h3 class=\"wp-block-heading\">S\u00fcper Lig\u2019de Gelecek Haftan\u0131n Program\u0131<\/h3>\n\n\n\n<p>Olayl\u0131 ma\u00e7\u0131n ard\u0131ndan tak\u0131mlar\u0131 zorlu bir takvim bekliyor:<\/p>\n\n\n\n<ul class=\"wp-block-list\">\n<li><strong>Kocaelispor<\/strong>, Corendon Alanyaspor deplasman\u0131nda yara sarmaya \u00e7al\u0131\u015facak.<\/li>\n\n\n\n<li><strong>T\u00dcMOSAN Konyaspor<\/strong>, evinde Natura D\u00fcnyas\u0131 Gen\u00e7lerbirli\u011fi\u2019ni konuk ederek \u00e7\u0131k\u0131\u015f\u0131n\u0131 s\u00fcrd\u00fcrmeyi hedefleyecek.<\/li>\n<\/ul>\n\n\n\n<p><a href=\"https:\/\/www.fotomac.com.tr\/kocaelispor\/2026\/03\/14\/kocaelispor-teknik-direktoru-selcuk-inandan-konyaspor-yenilgisi-sonrasi-sert-aciklamalar?\">https:\/\/www.fotomac.com.tr\/kocaelispor\/2026\/03\/14\/kocaelispor-teknik-direktoru-selcuk-inandan-konyaspor-yenilgisi-sonrasi-sert-aciklamalar?<\/a><\/p>\n\n\n\n<p><\/p>\n","protected":false},"excerpt":{"rendered":"<p>Trendyol S\u00fcper Lig\u2019in 26. haftas\u0131nda Konyaspor\u2019a 2-1 ma\u011flup olan Kocaelispor\u2019da Teknik Direkt\u00f6r Sel\u00e7uk \u0130nan, ma\u00e7 sonu yapt\u0131\u011f\u0131 a\u00e7\u0131klamalarla g\u00fcndeme damga vurdu. K\u0131rm\u0131z\u0131 kart g\u00f6rerek saha d\u0131\u015f\u0131na g\u00f6nderilen \u0130nan, ma\u00e7\u0131n hakemi Cihan Ayd\u0131n hakk\u0131nda \u00e7ok konu\u015fulacak ifadeler kulland\u0131. Saha Kar\u0131\u015ft\u0131: Penalt\u0131 Karar\u0131 ve K\u0131rm\u0131z\u0131 Kart Kocaelispor &#8211; Konyaspor m\u00fccadelesinin son b\u00f6l\u00fcm\u00fcnde, hakem Cihan Ayd\u0131n\u2019\u0131n Konyaspor lehine [&hellip;]<\/p>\n","protected":false},"author":4,"featured_media":2230,"comment_status":"open","ping_status":"open","sticky":false,"template":"","format":"standard","meta":{"_jetpack_memberships_contains_paid_content":false,"footnotes":""},"categories":[9],"tags":[],"class_list":["post-2198","post","type-post","status-publish","format-standard","has-post-thumbnail","hentry","category-spor"],"jetpack_featured_media_url":"https:\/\/odakhaber.site\/wp-content\/uploads\/2026\/03\/633x358-kocaelispor-teknik-direktoru-selcuk-inandan-konyaspor-yenilgisi-sonrasi-sert-aciklamalar-1773500703489-2.jpeg","jetpack_sharing_enabled":true,"_links":{"self":[{"href":"https:\/\/odakhaber.site\/index.php?rest_route=\/wp\/v2\/posts\/2198","targetHints":{"allow":["GET"]}}],"collection":[{"href":"https:\/\/odakhaber.site\/index.php?rest_route=\/wp\/v2\/posts"}],"about":[{"href":"https:\/\/odakhaber.site\/index.php?rest_route=\/wp\/v2\/types\/post"}],"author":[{"embeddable":true,"href":"https:\/\/odakhaber.site\/index.php?rest_route=\/wp\/v2\/users\/4"}],"replies":[{"embeddable":true,"href":"https:\/\/odakhaber.site\/index.php?rest_route=%2Fwp%2Fv2%2Fcomments&post=2198"}],"version-history":[{"count":1,"href":"https:\/\/odakhaber.site\/index.php?rest_route=\/wp\/v2\/posts\/2198\/revisions"}],"predecessor-version":[{"id":2226,"href":"https:\/\/odakhaber.site\/index.php?rest_route=\/wp\/v2\/posts\/2198\/revisions\/2226"}],"wp:featuredmedia":[{"embeddable":true,"href":"https:\/\/odakhaber.site\/index.php?rest_route=\/wp\/v2\/media\/2230"}],"wp:attachment":[{"href":"https:\/\/odakhaber.site\/index.php?rest_route=%2Fwp%2Fv2%2Fmedia&parent=2198"}],"wp:term":[{"taxonomy":"category","embeddable":true,"href":"https:\/\/odakhaber.site\/index.php?rest_route=%2Fwp%2Fv2%2Fcategories&post=2198"},{"taxonomy":"post_tag","embeddable":true,"href":"https:\/\/odakhaber.site\/index.php?rest_route=%2Fwp%2Fv2%2Ftags&post=2198"}],"curies":[{"name":"wp","href":"https:\/\/api.w.org\/{rel}","templated":true}]}}