{"id":2200,"date":"2026-03-14T20:20:19","date_gmt":"2026-03-14T20:20:19","guid":{"rendered":"https:\/\/odakhaber.site\/?p=2200"},"modified":"2026-03-14T20:20:19","modified_gmt":"2026-03-14T20:20:19","slug":"kocaelide-olayli-gece-konyaspor-904te-guldu-saha-karisti","status":"publish","type":"post","link":"https:\/\/odakhaber.site\/?p=2200","title":{"rendered":"Kocaeli\u2019de Olayl\u0131 Gece: Konyaspor 90+4\u2019te G\u00fcld\u00fc, Saha Kar\u0131\u015ft\u0131!"},"content":{"rendered":"\n<p><strong>Trendyol S\u00fcper Lig\u2019in 26. haftas\u0131nda T\u00dcMOSAN Konyaspor, nefes kesen m\u00fccadelenin uzatma dakikalar\u0131nda buldu\u011fu penalt\u0131 gol\u00fcyle Kocaelispor\u2019u deplasmanda 2-1 ma\u011flup etti. Kar\u015f\u0131la\u015fman\u0131n son anlar\u0131nda ya\u015fanan gerginlik ve Kocaelispor yedek kul\u00fcbesinin sahay\u0131 terk etmesi ma\u00e7a damga vurdu.<\/strong><\/p>\n\n\n\n<h3 class=\"wp-block-heading\">\u0130lk Yar\u0131da Sessizlik, \u0130kinci Yar\u0131da F\u0131rt\u0131na<\/h3>\n\n\n\n<p>Turka Kocaeli Stadyumu&#8217;ndaki m\u00fccadelenin ilk yar\u0131s\u0131nda her iki ekip de \u00f6nemli pozisyonlar yakalamas\u0131na ra\u011fmen devreye 0-0\u2019l\u0131k e\u015fitlikle girildi. \u0130kinci yar\u0131ya h\u0131zl\u0131 ba\u015flayan taraf ise ev sahibi ekip oldu.<\/p>\n\n\n\n<ul class=\"wp-block-list\">\n<li><strong>Dursun Yine Sahnede:<\/strong> 58. dakikada Kocaelispor&#8217;un tecr\u00fcbeli golc\u00fcs\u00fc <strong>Serdar Dursun<\/strong>, tak\u0131m\u0131 1-0 \u00f6ne ge\u00e7iren gol\u00fc kaydetti. Dursun, bu golle ligde \u00fcst \u00fcste iki ma\u00e7ta ilk kez a\u011flar\u0131 sarsma ba\u015far\u0131s\u0131 g\u00f6sterdi.<\/li>\n\n\n\n<li><strong>Konyaspor Pes Etmedi:<\/strong> Ma\u00e7\u0131n son b\u00f6l\u00fcmlerinde bask\u0131s\u0131n\u0131 art\u0131ran ye\u015fil-beyazl\u0131lar, 88. dakikada <strong>Blaz Kramer<\/strong> ile skoru 1-1\u2019e getirerek umutlar\u0131n\u0131 tazeledi.<\/li>\n<\/ul>\n\n\n\n<h3 class=\"wp-block-heading\">90+4\u2019te Gelen Penalt\u0131 ve Saha Kenar\u0131nda Kaos<\/h3>\n\n\n\n<p>Ma\u00e7\u0131n k\u0131r\u0131lma an\u0131 90+2. dakikada ya\u015fand\u0131. Hakemin Konyaspor lehine verdi\u011fi penalt\u0131 karar\u0131 sonras\u0131 saha bir anda kar\u0131\u015ft\u0131.<\/p>\n\n\n\n<ul class=\"wp-block-list\">\n<li><strong>Kocaelispor Sahadan \u00c7ekildi:<\/strong> Karara sert tepki g\u00f6steren Teknik Direkt\u00f6r <strong>Sel\u00e7uk \u0130nan<\/strong>, yedek oyuncular\u0131 ve teknik ekibi soyunma odas\u0131na g\u00f6nderdi. Bu protesto sonras\u0131 ma\u00e7\u0131n hakemi, Sel\u00e7uk \u0130nan\u2019a <strong>k\u0131rm\u0131z\u0131 kart<\/strong> g\u00f6sterdi.<\/li>\n\n\n\n<li><strong>Muleka Hata Yapmad\u0131:<\/strong> Gergin bekleyi\u015fin ard\u0131ndan 90+4\u2019te topun ba\u015f\u0131na ge\u00e7en <strong>Jackson Muleka<\/strong>, penalt\u0131 vuru\u015funu gole \u00e7evirerek ma\u00e7\u0131n skorunu tayin etti: <strong>2-1.<\/strong><\/li>\n<\/ul>\n\n\n\n<hr class=\"wp-block-separator has-alpha-channel-opacity\"\/>\n\n\n\n<h3 class=\"wp-block-heading\">Puan Durumunda Son Durum<\/h3>\n\n\n\n<p>Bu sonu\u00e7la birlikte alt s\u0131ralardan uzakla\u015fmak isteyen T\u00dcMOSAN Konyaspor, puan\u0131n\u0131 <strong>27\u2019ye y\u00fckselterek 12. s\u0131raya<\/strong> t\u0131rmand\u0131. Evinde dramatik bir yenilgi alan Kocaelispor ise <strong>33 puanda kalarak 7. s\u0131radaki<\/strong> yerini korudu.<\/p>\n\n\n\n<h3 class=\"wp-block-heading\">S\u00fcper Lig\u2019de Gelecek Haftan\u0131n Program\u0131<\/h3>\n\n\n\n<p>Olayl\u0131 ma\u00e7\u0131n ard\u0131ndan tak\u0131mlar\u0131 zorlu bir takvim bekliyor:<\/p>\n\n\n\n<ul class=\"wp-block-list\">\n<li><strong>Kocaelispor<\/strong>, Corendon Alanyaspor deplasman\u0131nda yara sarmaya \u00e7al\u0131\u015facak.<\/li>\n\n\n\n<li><strong>T\u00dcMOSAN Konyaspor<\/strong>, evinde Natura D\u00fcnyas\u0131 Gen\u00e7lerbirli\u011fi\u2019ni konuk ederek \u00e7\u0131k\u0131\u015f\u0131n\u0131 s\u00fcrd\u00fcrmeyi hedefleyecek.<\/li>\n<\/ul>\n\n\n\n<p><a href=\"https:\/\/www.fotomac.com.tr\/superlig\/2026\/03\/14\/tumosan-konyaspor-deplasmanda-kocaelisporu-yendi\">https:\/\/www.fotomac.com.tr\/superlig\/2026\/03\/14\/tumosan-konyaspor-deplasmanda-kocaelisporu-yendi<\/a><\/p>\n","protected":false},"excerpt":{"rendered":"<p>Trendyol S\u00fcper Lig\u2019in 26. haftas\u0131nda T\u00dcMOSAN Konyaspor, nefes kesen m\u00fccadelenin uzatma dakikalar\u0131nda buldu\u011fu penalt\u0131 gol\u00fcyle Kocaelispor\u2019u deplasmanda 2-1 ma\u011flup etti. Kar\u015f\u0131la\u015fman\u0131n son anlar\u0131nda ya\u015fanan gerginlik ve Kocaelispor yedek kul\u00fcbesinin sahay\u0131 terk etmesi ma\u00e7a damga vurdu. \u0130lk Yar\u0131da Sessizlik, \u0130kinci Yar\u0131da F\u0131rt\u0131na Turka Kocaeli Stadyumu&#8217;ndaki m\u00fccadelenin ilk yar\u0131s\u0131nda her iki ekip de \u00f6nemli pozisyonlar yakalamas\u0131na ra\u011fmen [&hellip;]<\/p>\n","protected":false},"author":4,"featured_media":2201,"comment_status":"open","ping_status":"open","sticky":false,"template":"","format":"standard","meta":{"_jetpack_memberships_contains_paid_content":false,"footnotes":""},"categories":[9],"tags":[],"class_list":["post-2200","post","type-post","status-publish","format-standard","has-post-thumbnail","hentry","category-spor"],"jetpack_featured_media_url":"https:\/\/odakhaber.site\/wp-content\/uploads\/2026\/03\/829x469-tumosan-konyaspor-deplasmanda-kocaelisporu-yendi-1773492839745.jpg","jetpack_sharing_enabled":true,"_links":{"self":[{"href":"https:\/\/odakhaber.site\/index.php?rest_route=\/wp\/v2\/posts\/2200","targetHints":{"allow":["GET"]}}],"collection":[{"href":"https:\/\/odakhaber.site\/index.php?rest_route=\/wp\/v2\/posts"}],"about":[{"href":"https:\/\/odakhaber.site\/index.php?rest_route=\/wp\/v2\/types\/post"}],"author":[{"embeddable":true,"href":"https:\/\/odakhaber.site\/index.php?rest_route=\/wp\/v2\/users\/4"}],"replies":[{"embeddable":true,"href":"https:\/\/odakhaber.site\/index.php?rest_route=%2Fwp%2Fv2%2Fcomments&post=2200"}],"version-history":[{"count":1,"href":"https:\/\/odakhaber.site\/index.php?rest_route=\/wp\/v2\/posts\/2200\/revisions"}],"predecessor-version":[{"id":2202,"href":"https:\/\/odakhaber.site\/index.php?rest_route=\/wp\/v2\/posts\/2200\/revisions\/2202"}],"wp:featuredmedia":[{"embeddable":true,"href":"https:\/\/odakhaber.site\/index.php?rest_route=\/wp\/v2\/media\/2201"}],"wp:attachment":[{"href":"https:\/\/odakhaber.site\/index.php?rest_route=%2Fwp%2Fv2%2Fmedia&parent=2200"}],"wp:term":[{"taxonomy":"category","embeddable":true,"href":"https:\/\/odakhaber.site\/index.php?rest_route=%2Fwp%2Fv2%2Fcategories&post=2200"},{"taxonomy":"post_tag","embeddable":true,"href":"https:\/\/odakhaber.site\/index.php?rest_route=%2Fwp%2Fv2%2Ftags&post=2200"}],"curies":[{"name":"wp","href":"https:\/\/api.w.org\/{rel}","templated":true}]}}