{"id":2323,"date":"2026-03-15T18:54:57","date_gmt":"2026-03-15T18:54:57","guid":{"rendered":"https:\/\/odakhaber.site\/?p=2323"},"modified":"2026-03-15T18:54:57","modified_gmt":"2026-03-15T18:54:57","slug":"baskentte-var-mudahalesi-genclerbirligi-10-kisi-kaldi","status":"publish","type":"post","link":"https:\/\/odakhaber.site\/?p=2323","title":{"rendered":"Ba\u015fkent\u2019te VAR M\u00fcdahalesi: Gen\u00e7lerbirli\u011fi 10 Ki\u015fi Kald\u0131!"},"content":{"rendered":"\n<p><strong>Trendyol S\u00fcper Lig\u2019in 26. haftas\u0131nda oynanan Natura D\u00fcnyas\u0131 Gen\u00e7lerbirli\u011fi &#8211; Be\u015fikta\u015f kar\u015f\u0131la\u015fmas\u0131nda, ma\u00e7\u0131n kaderini de\u011fi\u015ftiren bir hakem karar\u0131 ya\u015fand\u0131. Sekou Koita, VAR incelemesi sonras\u0131 oyun d\u0131\u015f\u0131nda kald\u0131.<\/strong><\/p>\n\n\n\n<h3 class=\"wp-block-heading\">Kar\u015f\u0131la\u015fman\u0131n 18. Dakikas\u0131nda Kritik Anlar<\/h3>\n\n\n\n<p>M\u00fccadelenin hen\u00fcz ba\u015f\u0131nda, 18. dakikada ya\u015fanan pozisyon ma\u00e7a damga vurdu. Natura D\u00fcnyas\u0131 Gen\u00e7lerbirli\u011fi formas\u0131 giyen <strong>Sekou Koita<\/strong> ile Be\u015fikta\u015f\u2019\u0131n savunmac\u0131s\u0131 <strong>Thiago Djalo<\/strong> aras\u0131ndaki ikili m\u00fccadele sonras\u0131 hakem karar\u0131 beklendi.<\/p>\n\n\n\n<h3 class=\"wp-block-heading\"> VAR \u0130ncelemesi ve Karar S\u00fcreci<\/h3>\n\n\n\n<p>Pozisyonun ard\u0131ndan oyun dururken, VAR odas\u0131ndan gelen uyar\u0131 \u00fczerine hakem <strong>Yasin Kol<\/strong> saha kenar\u0131ndaki monit\u00f6re davet edildi.<\/p>\n\n\n\n<ul class=\"wp-block-list\">\n<li><strong>\u0130nceleme Konusu:<\/strong> Koita\u2019n\u0131n Djalo\u2019ya yapt\u0131\u011f\u0131 m\u00fcdahalenin \u015fiddeti.<\/li>\n\n\n\n<li><strong>Nihai Karar:<\/strong> G\u00f6r\u00fcnt\u00fcleri detayl\u0131ca izleyen Yasin Kol, m\u00fcdahaleyi ciddi faul olarak de\u011ferlendirdi ve Sekou Koita\u2019ya <strong>k\u0131rm\u0131z\u0131 kart<\/strong> g\u00f6sterdi.<\/li>\n<\/ul>\n\n\n\n<h3 class=\"wp-block-heading\"> Saha \u0130\u00e7ine Etkisi<\/h3>\n\n\n\n<p>Ev sahibi ekip, bu kararla birlikte ma\u00e7\u0131n b\u00fcy\u00fck b\u00f6l\u00fcm\u00fcn\u00fc bir ki\u015fi eksik oynamak zorunda kald\u0131. Kritik puan m\u00fccadelesinde ya\u015fanan bu geli\u015fme, trib\u00fcnlerde ve teknik heyetler aras\u0131nda b\u00fcy\u00fck heyecan yaratt\u0131.<\/p>\n\n\n\n<hr class=\"wp-block-separator has-alpha-channel-opacity\"\/>\n\n\n\n<blockquote class=\"wp-block-quote is-layout-flow wp-block-quote-is-layout-flow\">\n<p><strong>Ma\u00e7 Bilgi Notu:<\/strong> Sekou Koita&#8217;n\u0131n oyun d\u0131\u015f\u0131 kalmas\u0131yla Gen\u00e7lerbirli\u011fi, Be\u015fikta\u015f kar\u015f\u0131s\u0131nda 18. dakikadan itibaren 10 ki\u015fiyle m\u00fccadele etmek durumunda kald\u0131.<\/p>\n<\/blockquote>\n\n\n\n<p><a href=\"https:\/\/www.fotomac.com.tr\/besiktas\/2026\/03\/15\/vardan-kirmizi-kart-karari-cikti-iste-natura-dunyasi-genclerbirligi-besiktas-macindaki-o-pozisyon\">https:\/\/www.fotomac.com.tr\/besiktas\/2026\/03\/15\/vardan-kirmizi-kart-karari-cikti-iste-natura-dunyasi-genclerbirligi-besiktas-macindaki-o-pozisyon<\/a><\/p>\n","protected":false},"excerpt":{"rendered":"<p>Trendyol S\u00fcper Lig\u2019in 26. haftas\u0131nda oynanan Natura D\u00fcnyas\u0131 Gen\u00e7lerbirli\u011fi &#8211; Be\u015fikta\u015f kar\u015f\u0131la\u015fmas\u0131nda, ma\u00e7\u0131n kaderini de\u011fi\u015ftiren bir hakem karar\u0131 ya\u015fand\u0131. Sekou Koita, VAR incelemesi sonras\u0131 oyun d\u0131\u015f\u0131nda kald\u0131. Kar\u015f\u0131la\u015fman\u0131n 18. Dakikas\u0131nda Kritik Anlar M\u00fccadelenin hen\u00fcz ba\u015f\u0131nda, 18. dakikada ya\u015fanan pozisyon ma\u00e7a damga vurdu. Natura D\u00fcnyas\u0131 Gen\u00e7lerbirli\u011fi formas\u0131 giyen Sekou Koita ile Be\u015fikta\u015f\u2019\u0131n savunmac\u0131s\u0131 Thiago Djalo aras\u0131ndaki [&hellip;]<\/p>\n","protected":false},"author":4,"featured_media":2324,"comment_status":"open","ping_status":"open","sticky":false,"template":"","format":"standard","meta":{"_jetpack_memberships_contains_paid_content":false,"footnotes":""},"categories":[9],"tags":[],"class_list":["post-2323","post","type-post","status-publish","format-standard","has-post-thumbnail","hentry","category-spor"],"jetpack_featured_media_url":"https:\/\/odakhaber.site\/wp-content\/uploads\/2026\/03\/829x469-vardan-kirmizi-kart-karari-cikti-iste-natura-dunyasi-genclerbirligi-besiktas-macindaki-o-pozisyon-1773595962919.jpeg","jetpack_sharing_enabled":true,"_links":{"self":[{"href":"https:\/\/odakhaber.site\/index.php?rest_route=\/wp\/v2\/posts\/2323","targetHints":{"allow":["GET"]}}],"collection":[{"href":"https:\/\/odakhaber.site\/index.php?rest_route=\/wp\/v2\/posts"}],"about":[{"href":"https:\/\/odakhaber.site\/index.php?rest_route=\/wp\/v2\/types\/post"}],"author":[{"embeddable":true,"href":"https:\/\/odakhaber.site\/index.php?rest_route=\/wp\/v2\/users\/4"}],"replies":[{"embeddable":true,"href":"https:\/\/odakhaber.site\/index.php?rest_route=%2Fwp%2Fv2%2Fcomments&post=2323"}],"version-history":[{"count":1,"href":"https:\/\/odakhaber.site\/index.php?rest_route=\/wp\/v2\/posts\/2323\/revisions"}],"predecessor-version":[{"id":2325,"href":"https:\/\/odakhaber.site\/index.php?rest_route=\/wp\/v2\/posts\/2323\/revisions\/2325"}],"wp:featuredmedia":[{"embeddable":true,"href":"https:\/\/odakhaber.site\/index.php?rest_route=\/wp\/v2\/media\/2324"}],"wp:attachment":[{"href":"https:\/\/odakhaber.site\/index.php?rest_route=%2Fwp%2Fv2%2Fmedia&parent=2323"}],"wp:term":[{"taxonomy":"category","embeddable":true,"href":"https:\/\/odakhaber.site\/index.php?rest_route=%2Fwp%2Fv2%2Fcategories&post=2323"},{"taxonomy":"post_tag","embeddable":true,"href":"https:\/\/odakhaber.site\/index.php?rest_route=%2Fwp%2Fv2%2Ftags&post=2323"}],"curies":[{"name":"wp","href":"https:\/\/api.w.org\/{rel}","templated":true}]}}