{"id":2326,"date":"2026-03-15T18:57:25","date_gmt":"2026-03-15T18:57:25","guid":{"rendered":"https:\/\/odakhaber.site\/?p=2326"},"modified":"2026-03-15T18:57:25","modified_gmt":"2026-03-15T18:57:25","slug":"sergen-yalcindan-galibiyet-parolasi-tek-hedefimiz-kazanmak","status":"publish","type":"post","link":"https:\/\/odakhaber.site\/?p=2326","title":{"rendered":"Sergen Yal\u00e7\u0131n\u2019dan Galibiyet Parolas\u0131: &#8220;Tek Hedefimiz Kazanmak!&#8221;"},"content":{"rendered":"\n<hr class=\"wp-block-separator has-alpha-channel-opacity\"\/>\n\n\n\n<p><strong>Trendyol S\u00fcper Lig\u2019in 26. haftas\u0131nda Natura D\u00fcnyas\u0131 Gen\u00e7lerbirli\u011fi\u2019ne konuk olan Be\u015fikta\u015f\u2019ta teknik direkt\u00f6r Sergen Yal\u00e7\u0131n, zorlu m\u00fccadele \u00f6ncesi iddial\u0131 a\u00e7\u0131klamalarda bulundu. Yal\u00e7\u0131n, ge\u00e7ti\u011fimiz haftaki kayb\u0131 telafi etmek istediklerini vurgulad\u0131.<\/strong><\/p>\n\n\n\n<h3 class=\"wp-block-heading\"> Eryaman Stadyumu\u2019nda Kritik Randevu<\/h3>\n\n\n\n<p>Ba\u015fkent temsilcisi kar\u015f\u0131s\u0131nda puan m\u00fccadelesine \u00e7\u0131kacak olan Siyah-Beyazl\u0131larda, teknik patron Sergen Yal\u00e7\u0131n yay\u0131nc\u0131 kurulu\u015fa yapt\u0131\u011f\u0131 a\u00e7\u0131klamalarda tak\u0131m\u0131n motivasyonuna ve haz\u0131rl\u0131k s\u00fcrecine dikkat \u00e7ekti.<\/p>\n\n\n\n<h3 class=\"wp-block-heading\"> Sergen Yal\u00e7\u0131n: &#8220;Motivasyonumuzu Geri Kazanaca\u011f\u0131z&#8221;<\/h3>\n\n\n\n<p>Tecr\u00fcbeli teknik adam\u0131n ma\u00e7 \u00f6ncesi \u00f6ne \u00e7\u0131kan ifadeleri \u015fu \u015fekilde:<\/p>\n\n\n\n<blockquote class=\"wp-block-quote is-layout-flow wp-block-quote-is-layout-flow\">\n<p>&#8220;Ge\u00e7en hafta kaybetmemiz biraz motivasyonumuzu bozdu. Bu hafta iyi haz\u0131rland\u0131k. Rakip de alttan kurtulmak istiyor. Biz de yerimizi sa\u011flama almak istiyoruz. \u0130yi haz\u0131rland\u0131k. Kendi oyunumuzu oynamaya \u00e7al\u0131\u015faca\u011f\u0131z. Tek hedefimiz kazanmak.&#8221;<\/p>\n<\/blockquote>\n\n\n\n<h3 class=\"wp-block-heading\"> Taraftara Te\u015fekk\u00fcr Mesaj\u0131<\/h3>\n\n\n\n<p>Deplasmanda tak\u0131mlar\u0131n\u0131 yaln\u0131z b\u0131rakmayan Siyah-Beyazl\u0131 futbolseverlere de de\u011finen Yal\u00e7\u0131n, \u015fu s\u00f6zlerle konu\u015fmas\u0131n\u0131 tamamlad\u0131: <em>&#8220;Taraftar\u0131m\u0131z her yerde. Onlara te\u015fekk\u00fcr ediyorum. \u0130n\u015fallah bug\u00fcn kazan\u0131p onlara sevin\u00e7 ya\u015fatabiliriz.&#8221;<\/em><\/p>\n\n\n\n<hr class=\"wp-block-separator has-alpha-channel-opacity\"\/>\n\n\n\n<p><strong>Ma\u00e7\u0131n Detaylar\u0131:<\/strong><\/p>\n\n\n\n<ul class=\"wp-block-list\">\n<li><strong>Organizasyon:<\/strong> Trendyol S\u00fcper Lig (26. Hafta)<\/li>\n\n\n\n<li><strong>Mekan:<\/strong> Eryaman Stadyumu<\/li>\n\n\n\n<li><strong>Rakip:<\/strong> Natura D\u00fcnyas\u0131 Gen\u00e7lerbirli\u011fi<\/li>\n<\/ul>\n\n\n\n<p><a href=\"https:\/\/www.fotomac.com.tr\/besiktas\/2026\/03\/15\/sergen-yalcin-tek-hedefimiz-kazanmak\">https:\/\/www.fotomac.com.tr\/besiktas\/2026\/03\/15\/sergen-yalcin-tek-hedefimiz-kazanmak<\/a><\/p>\n","protected":false},"excerpt":{"rendered":"<p>Trendyol S\u00fcper Lig\u2019in 26. haftas\u0131nda Natura D\u00fcnyas\u0131 Gen\u00e7lerbirli\u011fi\u2019ne konuk olan Be\u015fikta\u015f\u2019ta teknik direkt\u00f6r Sergen Yal\u00e7\u0131n, zorlu m\u00fccadele \u00f6ncesi iddial\u0131 a\u00e7\u0131klamalarda bulundu. Yal\u00e7\u0131n, ge\u00e7ti\u011fimiz haftaki kayb\u0131 telafi etmek istediklerini vurgulad\u0131. Eryaman Stadyumu\u2019nda Kritik Randevu Ba\u015fkent temsilcisi kar\u015f\u0131s\u0131nda puan m\u00fccadelesine \u00e7\u0131kacak olan Siyah-Beyazl\u0131larda, teknik patron Sergen Yal\u00e7\u0131n yay\u0131nc\u0131 kurulu\u015fa yapt\u0131\u011f\u0131 a\u00e7\u0131klamalarda tak\u0131m\u0131n motivasyonuna ve haz\u0131rl\u0131k s\u00fcrecine dikkat [&hellip;]<\/p>\n","protected":false},"author":4,"featured_media":2327,"comment_status":"open","ping_status":"open","sticky":false,"template":"","format":"standard","meta":{"_jetpack_memberships_contains_paid_content":false,"footnotes":""},"categories":[9],"tags":[],"class_list":["post-2326","post","type-post","status-publish","format-standard","has-post-thumbnail","hentry","category-spor"],"jetpack_featured_media_url":"https:\/\/odakhaber.site\/wp-content\/uploads\/2026\/03\/829x469-sergen-yalcin-tek-hedefimiz-kazanmak-1773592049555.jpeg","jetpack_sharing_enabled":true,"_links":{"self":[{"href":"https:\/\/odakhaber.site\/index.php?rest_route=\/wp\/v2\/posts\/2326","targetHints":{"allow":["GET"]}}],"collection":[{"href":"https:\/\/odakhaber.site\/index.php?rest_route=\/wp\/v2\/posts"}],"about":[{"href":"https:\/\/odakhaber.site\/index.php?rest_route=\/wp\/v2\/types\/post"}],"author":[{"embeddable":true,"href":"https:\/\/odakhaber.site\/index.php?rest_route=\/wp\/v2\/users\/4"}],"replies":[{"embeddable":true,"href":"https:\/\/odakhaber.site\/index.php?rest_route=%2Fwp%2Fv2%2Fcomments&post=2326"}],"version-history":[{"count":1,"href":"https:\/\/odakhaber.site\/index.php?rest_route=\/wp\/v2\/posts\/2326\/revisions"}],"predecessor-version":[{"id":2328,"href":"https:\/\/odakhaber.site\/index.php?rest_route=\/wp\/v2\/posts\/2326\/revisions\/2328"}],"wp:featuredmedia":[{"embeddable":true,"href":"https:\/\/odakhaber.site\/index.php?rest_route=\/wp\/v2\/media\/2327"}],"wp:attachment":[{"href":"https:\/\/odakhaber.site\/index.php?rest_route=%2Fwp%2Fv2%2Fmedia&parent=2326"}],"wp:term":[{"taxonomy":"category","embeddable":true,"href":"https:\/\/odakhaber.site\/index.php?rest_route=%2Fwp%2Fv2%2Fcategories&post=2326"},{"taxonomy":"post_tag","embeddable":true,"href":"https:\/\/odakhaber.site\/index.php?rest_route=%2Fwp%2Fv2%2Ftags&post=2326"}],"curies":[{"name":"wp","href":"https:\/\/api.w.org\/{rel}","templated":true}]}}