{"id":2329,"date":"2026-03-15T18:59:42","date_gmt":"2026-03-15T18:59:42","guid":{"rendered":"https:\/\/odakhaber.site\/?p=2329"},"modified":"2026-03-15T18:59:42","modified_gmt":"2026-03-15T18:59:42","slug":"sadettin-saran-tedesco-ve-devin-ozek-kararini-acikladi-gerekli-ultimatomlar-verildi","status":"publish","type":"post","link":"https:\/\/odakhaber.site\/?p=2329","title":{"rendered":"SADETT\u0130N SARAN, TEDESCO VE DEV\u0130N \u00d6ZEK KARARINI A\u00c7IKLADI: \u2018GEREKL\u0130 \u00dcLT\u0130MATOMLAR VER\u0130LD\u0130\u2019"},"content":{"rendered":"\n<figure class=\"wp-block-image\"><img decoding=\"async\" src=\"https:\/\/mavimanset.com\/wp-content\/uploads\/2026\/03\/img_5305.jpg\" alt=\"\"\/><\/figure>\n\n\n\n<p>Fenerbah\u00e7e SK\u2019de kritik y\u00f6netim kurulu toplant\u0131s\u0131 tamamland\u0131. Toplant\u0131n\u0131n ard\u0131ndan sar\u0131-lacivertli kul\u00fcb\u00fcn ba\u015fkan\u0131 Sadettin Saran bas\u0131na a\u00e7\u0131klamalarda bulundu. Yap\u0131lan g\u00f6r\u00fc\u015fmelerin ayr\u0131nt\u0131lar\u0131n\u0131 aktaran Saran, teknik direkt\u00f6r Domenico Tedesco ve sportif direkt\u00f6r Devin \u00d6zek ile ilgili al\u0131nan karar\u0131 da payla\u015ft\u0131.<\/p>\n\n\n\n<p>Saran a\u00e7\u0131klamas\u0131nda, \u201cD\u00fcnk\u00fc ma\u00e7ta sergilenen futbolla ilgili olarak teknik ekibimizi ve hocam\u0131z\u0131 \u00e7a\u011f\u0131rd\u0131m. Kaptanlar\u0131m\u0131zla da g\u00f6r\u00fc\u015ft\u00fck. Gerekli uyar\u0131lar ve \u00fcltimatomlar iletildi. Bu tarz durumlar bir daha ya\u015fanmayacak\u201d ifadelerini kulland\u0131.<\/p>\n\n\n\n<p>S\u00f6zlerine devam eden Saran, \u201cHocam\u0131zla yolumuza devam ediyoruz. \u00d6te yandan, son d\u00f6nemde \u00e7\u0131kan spek\u00fclasyonlar do\u011fru de\u011fil; primler \u00f6denmedi gibi haberler tamamen as\u0131ls\u0131z. Hak edilmi\u015f ancak \u00f6denmemi\u015f bir \u00f6deme yok. Bug\u00fcne kadar sahada bekledi\u011fimizin d\u0131\u015f\u0131nda bir futbol izlendi ve bundan dolay\u0131 \u00fczg\u00fcn\u00fcz\u201d dedi.<\/p>\n\n\n\n<p>Ba\u015fkan, ayr\u0131ca, \u201cBa\u015fka s\u00f6yleyecek bir \u015fey yok. Devin \u00d6zek ile \u00e7al\u0131\u015fmalar\u0131m\u0131z devam ediyor. Bu t\u00fcr olumsuzluklar\u0131n tekrarlanmayaca\u011f\u0131ndan eminim\u201d yorumunu yapt\u0131.<\/p>\n\n\n\n<p>KARDE\u015e HABER<\/p>\n\n\n\n<figure class=\"wp-block-embed is-type-wp-embed is-provider-mavi-man-et wp-block-embed-mavi-man-et\"><div class=\"wp-block-embed__wrapper\">\n<blockquote class=\"wp-embedded-content\" data-secret=\"Eu0YWZ330S\"><a href=\"https:\/\/mavimanset.com\/2026\/03\/14\/sadettin-saran-tedesco-ve-devin-ozek-kararini-acikladi-gerekli-ultimatomlar-verildi\/\">SADETT\u0130N SARAN, TEDESCO VE DEV\u0130N \u00d6ZEK KARARINI A\u00c7IKLADI: \u2018GEREKL\u0130 \u00dcLT\u0130MATOMLAR VER\u0130LD\u0130\u2019<\/a><\/blockquote><iframe loading=\"lazy\" class=\"wp-embedded-content\" sandbox=\"allow-scripts\" security=\"restricted\" style=\"position: absolute; visibility: hidden;\" title=\"&#8220;SADETT\u0130N SARAN, TEDESCO VE DEV\u0130N \u00d6ZEK KARARINI A\u00c7IKLADI: \u2018GEREKL\u0130 \u00dcLT\u0130MATOMLAR VER\u0130LD\u0130\u2019&#8221; &#8212; Mavi Man\u015fet\" src=\"https:\/\/mavimanset.com\/2026\/03\/14\/sadettin-saran-tedesco-ve-devin-ozek-kararini-acikladi-gerekli-ultimatomlar-verildi\/embed\/#?secret=h2S6H9GsGn#?secret=Eu0YWZ330S\" data-secret=\"Eu0YWZ330S\" width=\"600\" height=\"338\" frameborder=\"0\" marginwidth=\"0\" marginheight=\"0\" scrolling=\"no\"><\/iframe>\n<\/div><\/figure>\n","protected":false},"excerpt":{"rendered":"<p>Fenerbah\u00e7e SK\u2019de kritik y\u00f6netim kurulu toplant\u0131s\u0131 tamamland\u0131. Toplant\u0131n\u0131n ard\u0131ndan sar\u0131-lacivertli kul\u00fcb\u00fcn ba\u015fkan\u0131 Sadettin Saran bas\u0131na a\u00e7\u0131klamalarda bulundu. Yap\u0131lan g\u00f6r\u00fc\u015fmelerin ayr\u0131nt\u0131lar\u0131n\u0131 aktaran Saran, teknik direkt\u00f6r Domenico Tedesco ve sportif direkt\u00f6r Devin \u00d6zek ile ilgili al\u0131nan karar\u0131 da payla\u015ft\u0131. Saran a\u00e7\u0131klamas\u0131nda, \u201cD\u00fcnk\u00fc ma\u00e7ta sergilenen futbolla ilgili olarak teknik ekibimizi ve hocam\u0131z\u0131 \u00e7a\u011f\u0131rd\u0131m. Kaptanlar\u0131m\u0131zla da g\u00f6r\u00fc\u015ft\u00fck. Gerekli uyar\u0131lar [&hellip;]<\/p>\n","protected":false},"author":4,"featured_media":2330,"comment_status":"open","ping_status":"open","sticky":false,"template":"","format":"standard","meta":{"_jetpack_memberships_contains_paid_content":false,"footnotes":""},"categories":[9],"tags":[],"class_list":["post-2329","post","type-post","status-publish","format-standard","has-post-thumbnail","hentry","category-spor"],"jetpack_featured_media_url":"https:\/\/odakhaber.site\/wp-content\/uploads\/2026\/03\/img_5305.jpg","jetpack_sharing_enabled":true,"_links":{"self":[{"href":"https:\/\/odakhaber.site\/index.php?rest_route=\/wp\/v2\/posts\/2329","targetHints":{"allow":["GET"]}}],"collection":[{"href":"https:\/\/odakhaber.site\/index.php?rest_route=\/wp\/v2\/posts"}],"about":[{"href":"https:\/\/odakhaber.site\/index.php?rest_route=\/wp\/v2\/types\/post"}],"author":[{"embeddable":true,"href":"https:\/\/odakhaber.site\/index.php?rest_route=\/wp\/v2\/users\/4"}],"replies":[{"embeddable":true,"href":"https:\/\/odakhaber.site\/index.php?rest_route=%2Fwp%2Fv2%2Fcomments&post=2329"}],"version-history":[{"count":1,"href":"https:\/\/odakhaber.site\/index.php?rest_route=\/wp\/v2\/posts\/2329\/revisions"}],"predecessor-version":[{"id":2331,"href":"https:\/\/odakhaber.site\/index.php?rest_route=\/wp\/v2\/posts\/2329\/revisions\/2331"}],"wp:featuredmedia":[{"embeddable":true,"href":"https:\/\/odakhaber.site\/index.php?rest_route=\/wp\/v2\/media\/2330"}],"wp:attachment":[{"href":"https:\/\/odakhaber.site\/index.php?rest_route=%2Fwp%2Fv2%2Fmedia&parent=2329"}],"wp:term":[{"taxonomy":"category","embeddable":true,"href":"https:\/\/odakhaber.site\/index.php?rest_route=%2Fwp%2Fv2%2Fcategories&post=2329"},{"taxonomy":"post_tag","embeddable":true,"href":"https:\/\/odakhaber.site\/index.php?rest_route=%2Fwp%2Fv2%2Ftags&post=2329"}],"curies":[{"name":"wp","href":"https:\/\/api.w.org\/{rel}","templated":true}]}}