{"id":4848,"date":"2026-04-25T20:12:46","date_gmt":"2026-04-25T20:12:46","guid":{"rendered":"https:\/\/odakhaber.site\/?p=4848"},"modified":"2026-04-25T20:12:46","modified_gmt":"2026-04-25T20:12:46","slug":"dil-derneginin-39-gurur-yili-ankarada-cifte-kutlama","status":"publish","type":"post","link":"https:\/\/odakhaber.site\/?p=4848","title":{"rendered":"Dil Derne\u011fi\u2019nin 39. Gurur Y\u0131l\u0131: Ankara\u2019da \u00c7ifte Kutlama"},"content":{"rendered":"\n<p><strong>Dil Derne\u011fi<\/strong>, dilimizin ba\u011f\u0131ms\u0131zl\u0131\u011f\u0131n\u0131 ve geli\u015fimini koruma yolundaki m\u00fccadelesinde 39. ya\u015f\u0131n\u0131 doldurdu. Cumhuriyet Gazetesi Ankara b\u00fcrosunda ger\u00e7ekle\u015fen anlaml\u0131 etkinlikte, hem derne\u011fin kurulu\u015f y\u0131l d\u00f6n\u00fcm\u00fc hem de <strong>23 Nisan Ulusal Egemenlik ve \u00c7ocuk Bayram\u0131<\/strong> bir arada kutland\u0131.<\/p>\n\n\n\n<hr class=\"wp-block-separator has-alpha-channel-opacity\"\/>\n\n\n\n<h3 class=\"wp-block-heading\">Etkinli\u011fin Detaylar\u0131 ve Kat\u0131l\u0131mc\u0131lar<\/h3>\n\n\n\n<p>Kutlama program\u0131, T\u00fcrk\u00e7eye g\u00f6n\u00fcl verenleri ve \u00f6nemli isimleri bir araya getirdi. Etkinli\u011fe dair \u00f6ne \u00e7\u0131kan notlar \u015f\u00f6yledir:<\/p>\n\n\n\n<ul class=\"wp-block-list\">\n<li><strong>Ev Sahibi:<\/strong> Cumhuriyet Gazetesi Ankara B\u00fcrosu.<\/li>\n\n\n\n<li><strong>\u00d6nemli Kat\u0131l\u0131mc\u0131lar:<\/strong> Dil Derne\u011fi Ba\u015fkan\u0131 <strong>Sevgi \u00d6zel<\/strong>, eski CHP Ankara Milletvekili <strong>Mehmet Tomanbay<\/strong> ve \u00e7ok say\u0131da dilsever.<\/li>\n\n\n\n<li><strong>Kutlama Rit\u00fceli:<\/strong> 39. y\u0131la \u00f6zel haz\u0131rlanan pasta, kat\u0131l\u0131mc\u0131lar\u0131n alk\u0131\u015flar\u0131 e\u015fli\u011finde kesildi.<\/li>\n<\/ul>\n\n\n\n<hr class=\"wp-block-separator has-alpha-channel-opacity\"\/>\n\n\n\n<blockquote class=\"wp-block-quote is-layout-flow wp-block-quote-is-layout-flow\">\n<p>&#8220;Dil Derne\u011fi, kurulu\u015funun 39. y\u0131l\u0131n\u0131 bug\u00fcn gazetemizin Ankara b\u00fcrosunda kutlad\u0131. Etkinlikte y\u0131ld\u00f6n\u00fcm\u00fcn\u00fcn yan\u0131 s\u0131ra 23 Nisan Ulusal Egemenlik ve \u00c7ocuk Bayram\u0131 da kutland\u0131.&#8221;<\/p>\n<\/blockquote>\n\n\n\n<p>Dil bayram\u0131 tad\u0131nda ge\u00e7en bu bulu\u015fma, Dil Devrimi\u2019nin ilkelerine olan ba\u011fl\u0131l\u0131\u011f\u0131n bir kez daha vurguland\u0131\u011f\u0131 bir platforma d\u00f6n\u00fc\u015ft\u00fc. Hem derne\u011fin k\u00f6kl\u00fc ge\u00e7mi\u015fi hem de \u00e7ocuklar\u0131n bayram\u0131, kat\u0131l\u0131mc\u0131lar i\u00e7in \u00e7ifte bir mutluluk kayna\u011f\u0131 oldu.<\/p>\n\n\n\n<p><a href=\"https:\/\/www.cumhuriyet.com.tr\/kultur-sanat\/dil-dernegi-39-yasinda-2498384\">https:\/\/www.cumhuriyet.com.tr\/kultur-sanat\/dil-dernegi-39-yasinda-2498384<\/a><\/p>\n","protected":false},"excerpt":{"rendered":"<p>Dil Derne\u011fi, dilimizin ba\u011f\u0131ms\u0131zl\u0131\u011f\u0131n\u0131 ve geli\u015fimini koruma yolundaki m\u00fccadelesinde 39. ya\u015f\u0131n\u0131 doldurdu. Cumhuriyet Gazetesi Ankara b\u00fcrosunda ger\u00e7ekle\u015fen anlaml\u0131 etkinlikte, hem derne\u011fin kurulu\u015f y\u0131l d\u00f6n\u00fcm\u00fc hem de 23 Nisan Ulusal Egemenlik ve \u00c7ocuk Bayram\u0131 bir arada kutland\u0131. Etkinli\u011fin Detaylar\u0131 ve Kat\u0131l\u0131mc\u0131lar Kutlama program\u0131, T\u00fcrk\u00e7eye g\u00f6n\u00fcl verenleri ve \u00f6nemli isimleri bir araya getirdi. Etkinli\u011fe dair \u00f6ne \u00e7\u0131kan [&hellip;]<\/p>\n","protected":false},"author":3,"featured_media":4849,"comment_status":"open","ping_status":"open","sticky":false,"template":"","format":"standard","meta":{"_jetpack_memberships_contains_paid_content":false,"footnotes":""},"categories":[3],"tags":[],"class_list":["post-4848","post","type-post","status-publish","format-standard","has-post-thumbnail","hentry","category-kultur-sanat-haberleri"],"jetpack_featured_media_url":"https:\/\/odakhaber.site\/wp-content\/uploads\/2026\/04\/029e741e-20c8-4369-9594-8c5062c4c8bf.webp","jetpack_sharing_enabled":true,"_links":{"self":[{"href":"https:\/\/odakhaber.site\/index.php?rest_route=\/wp\/v2\/posts\/4848","targetHints":{"allow":["GET"]}}],"collection":[{"href":"https:\/\/odakhaber.site\/index.php?rest_route=\/wp\/v2\/posts"}],"about":[{"href":"https:\/\/odakhaber.site\/index.php?rest_route=\/wp\/v2\/types\/post"}],"author":[{"embeddable":true,"href":"https:\/\/odakhaber.site\/index.php?rest_route=\/wp\/v2\/users\/3"}],"replies":[{"embeddable":true,"href":"https:\/\/odakhaber.site\/index.php?rest_route=%2Fwp%2Fv2%2Fcomments&post=4848"}],"version-history":[{"count":1,"href":"https:\/\/odakhaber.site\/index.php?rest_route=\/wp\/v2\/posts\/4848\/revisions"}],"predecessor-version":[{"id":4850,"href":"https:\/\/odakhaber.site\/index.php?rest_route=\/wp\/v2\/posts\/4848\/revisions\/4850"}],"wp:featuredmedia":[{"embeddable":true,"href":"https:\/\/odakhaber.site\/index.php?rest_route=\/wp\/v2\/media\/4849"}],"wp:attachment":[{"href":"https:\/\/odakhaber.site\/index.php?rest_route=%2Fwp%2Fv2%2Fmedia&parent=4848"}],"wp:term":[{"taxonomy":"category","embeddable":true,"href":"https:\/\/odakhaber.site\/index.php?rest_route=%2Fwp%2Fv2%2Fcategories&post=4848"},{"taxonomy":"post_tag","embeddable":true,"href":"https:\/\/odakhaber.site\/index.php?rest_route=%2Fwp%2Fv2%2Ftags&post=4848"}],"curies":[{"name":"wp","href":"https:\/\/api.w.org\/{rel}","templated":true}]}}