{"id":4851,"date":"2026-04-25T20:15:43","date_gmt":"2026-04-25T20:15:43","guid":{"rendered":"https:\/\/odakhaber.site\/?p=4851"},"modified":"2026-04-25T20:15:43","modified_gmt":"2026-04-25T20:15:43","slug":"haftanin-muzik-panoramasi-leman-samin-mirasi-ve-efe-kucukcinarin-dogusu","status":"publish","type":"post","link":"https:\/\/odakhaber.site\/?p=4851","title":{"rendered":"Haftan\u0131n M\u00fczik Panoramas\u0131: Leman Sam\u2019\u0131n Miras\u0131 ve Efe K\u00fc\u00e7\u00fck\u00e7\u0131nar\u2019\u0131n Do\u011fu\u015fu"},"content":{"rendered":"\n<p>M\u00fczik d\u00fcnyas\u0131n\u0131n vitrininde bu hafta hem ge\u00e7mi\u015fin kal\u0131c\u0131 izleri hem de gelece\u011fin taze t\u0131n\u0131lar\u0131 bir araya geliyor. Murat Be\u015fer\u2019in kaleminden d\u00f6k\u00fclen de\u011ferlendirmelerle, plak format\u0131na kavu\u015fan bir klasikten modern rock\u2019\u0131n yeni solu\u011funa uzanan bir yolculu\u011fa \u00e7\u0131k\u0131yoruz.<\/p>\n\n\n\n<hr class=\"wp-block-separator has-alpha-channel-opacity\"\/>\n\n\n\n<h3 class=\"wp-block-heading\">Leman Sam: \u2018Ayak Sesleri\u2019 Art\u0131k Plak Format\u0131nda<\/h3>\n\n\n\n<p>Leman Sam\u2019\u0131n 1992 \u00e7\u0131k\u0131\u015fl\u0131 efsanevi alb\u00fcm\u00fc <strong>&#8220;Ayak Sesleri&#8221;<\/strong>, Ada M\u00fczik etiketiyle ilk kez plakseverlerle bulu\u015fuyor. Zaman\u0131n y\u0131prat\u0131c\u0131 etkisine direnen bu \u00e7al\u0131\u015fma, bar\u0131\u015f ve do\u011fa temal\u0131 derin mesaj\u0131yla yeniden g\u00fcndemde.<\/p>\n\n\n\n<ul class=\"wp-block-list\">\n<li><strong>Usta \u0130simlerin \u0130mzas\u0131:<\/strong> Alb\u00fcm\u00fcn kadrosu Erkan O\u011fur\u2019dan Aykut G\u00fcrel\u2019e, \u0130lhan \u015ee\u015fen\u2019den Vedat Sakman\u2019a kadar T\u00fcrkiye\u2019nin en g\u00fc\u00e7l\u00fc m\u00fczisyen ve bestecilerini bar\u0131nd\u0131r\u0131yor.<\/li>\n\n\n\n<li><strong>Zamana Direnen Yorum:<\/strong> T\u00fcrk\u00e7e pop r\u00fczg\u00e2r\u0131n\u0131n en sert esti\u011fi y\u0131llarda kalitesiyle ayr\u0131\u015fan alb\u00fcm, Leman Sam\u2019\u0131n e\u015fsiz yorumuyla anonim eserlerden Yunus Emre s\u00f6zlerine kadar geni\u015f bir yelpaze sunuyor.<\/li>\n<\/ul>\n\n\n\n<hr class=\"wp-block-separator has-alpha-channel-opacity\"\/>\n\n\n\n<h3 class=\"wp-block-heading\">Efe K\u00fc\u00e7\u00fck\u00e7\u0131nar: \u2018Yarat Kendini\u2019 \u0130le Yal\u0131n Bir Ba\u015flang\u0131\u00e7<\/h3>\n\n\n\n<p>Roxy M\u00fczik G\u00fcnleri&#8217;nden \u00fc\u00e7\u00fcnc\u00fcl\u00fckle d\u00f6nen <strong>Efe K\u00fc\u00e7\u00fck\u00e7\u0131nar<\/strong>, dokuz \u015fark\u0131l\u0131k ilk alb\u00fcm\u00fc &#8220;Yarat Kendini&#8221; ile alternatif sahneye iddial\u0131 bir giri\u015f yap\u0131yor.<\/p>\n\n\n\n<ul class=\"wp-block-list\">\n<li><strong>Yatak Odas\u0131 Kay\u0131tlar\u0131:<\/strong> Alb\u00fcm\u00fcn t\u00fcm teknik s\u00fcrecini tek ba\u015f\u0131na \u00fcstlenen Efe, makyajs\u0131z ve cilas\u0131z bir m\u00fczikal dille dinleyiciyi selaml\u0131yor.<\/li>\n\n\n\n<li><strong>Modern Bir Soundtrack:<\/strong> Brit-pop ve indie-rock etkilerinin hissedildi\u011fi alb\u00fcm, kentli gencin zihinsel m\u00fccadelesini ve melankolisini kibar gitar riffleriyle anlat\u0131yor.<\/li>\n<\/ul>\n\n\n\n<hr class=\"wp-block-separator has-alpha-channel-opacity\"\/>\n\n\n\n<blockquote class=\"wp-block-quote is-layout-flow wp-block-quote-is-layout-flow\">\n<p>&#8220;Kapa\u011f\u0131nda &#8216;Bu \u00e7al\u0131\u015fmam\u0131, can \u00e7eki\u015fmede olan do\u011fa ve d\u00fcnya bar\u0131\u015f\u0131na ithaf ediyorum&#8217; notu yer alan \u00e7al\u0131\u015fmadaki dostlar\u0131 aras\u0131nda \u0130lkin Deniz, Erdem S\u00f6kmen, Erkan O\u011fur gibi saz\u0131na h\u00e2kim g\u00fc\u00e7l\u00fc isimler vard\u0131.&#8221;<\/p>\n<\/blockquote>\n\n\n\n<p><a href=\"https:\/\/www.cumhuriyet.com.tr\/kultur-sanat\/vitrindeki-albumler-25-nisan-2026-2498266\">https:\/\/www.cumhuriyet.com.tr\/kultur-sanat\/vitrindeki-albumler-25-nisan-2026-2498266<\/a><\/p>\n","protected":false},"excerpt":{"rendered":"<p>M\u00fczik d\u00fcnyas\u0131n\u0131n vitrininde bu hafta hem ge\u00e7mi\u015fin kal\u0131c\u0131 izleri hem de gelece\u011fin taze t\u0131n\u0131lar\u0131 bir araya geliyor. Murat Be\u015fer\u2019in kaleminden d\u00f6k\u00fclen de\u011ferlendirmelerle, plak format\u0131na kavu\u015fan bir klasikten modern rock\u2019\u0131n yeni solu\u011funa uzanan bir yolculu\u011fa \u00e7\u0131k\u0131yoruz. Leman Sam: \u2018Ayak Sesleri\u2019 Art\u0131k Plak Format\u0131nda Leman Sam\u2019\u0131n 1992 \u00e7\u0131k\u0131\u015fl\u0131 efsanevi alb\u00fcm\u00fc &#8220;Ayak Sesleri&#8221;, Ada M\u00fczik etiketiyle ilk kez [&hellip;]<\/p>\n","protected":false},"author":3,"featured_media":4852,"comment_status":"open","ping_status":"open","sticky":false,"template":"","format":"standard","meta":{"_jetpack_memberships_contains_paid_content":false,"footnotes":""},"categories":[3],"tags":[],"class_list":["post-4851","post","type-post","status-publish","format-standard","has-post-thumbnail","hentry","category-kultur-sanat-haberleri"],"jetpack_featured_media_url":"https:\/\/odakhaber.site\/wp-content\/uploads\/2026\/04\/cb8c592f-c599-4f03-8765-ca97977093e4.jpg","jetpack_sharing_enabled":true,"_links":{"self":[{"href":"https:\/\/odakhaber.site\/index.php?rest_route=\/wp\/v2\/posts\/4851","targetHints":{"allow":["GET"]}}],"collection":[{"href":"https:\/\/odakhaber.site\/index.php?rest_route=\/wp\/v2\/posts"}],"about":[{"href":"https:\/\/odakhaber.site\/index.php?rest_route=\/wp\/v2\/types\/post"}],"author":[{"embeddable":true,"href":"https:\/\/odakhaber.site\/index.php?rest_route=\/wp\/v2\/users\/3"}],"replies":[{"embeddable":true,"href":"https:\/\/odakhaber.site\/index.php?rest_route=%2Fwp%2Fv2%2Fcomments&post=4851"}],"version-history":[{"count":1,"href":"https:\/\/odakhaber.site\/index.php?rest_route=\/wp\/v2\/posts\/4851\/revisions"}],"predecessor-version":[{"id":4853,"href":"https:\/\/odakhaber.site\/index.php?rest_route=\/wp\/v2\/posts\/4851\/revisions\/4853"}],"wp:featuredmedia":[{"embeddable":true,"href":"https:\/\/odakhaber.site\/index.php?rest_route=\/wp\/v2\/media\/4852"}],"wp:attachment":[{"href":"https:\/\/odakhaber.site\/index.php?rest_route=%2Fwp%2Fv2%2Fmedia&parent=4851"}],"wp:term":[{"taxonomy":"category","embeddable":true,"href":"https:\/\/odakhaber.site\/index.php?rest_route=%2Fwp%2Fv2%2Fcategories&post=4851"},{"taxonomy":"post_tag","embeddable":true,"href":"https:\/\/odakhaber.site\/index.php?rest_route=%2Fwp%2Fv2%2Ftags&post=4851"}],"curies":[{"name":"wp","href":"https:\/\/api.w.org\/{rel}","templated":true}]}}