{"id":4857,"date":"2026-04-25T20:20:59","date_gmt":"2026-04-25T20:20:59","guid":{"rendered":"https:\/\/odakhaber.site\/?p=4857"},"modified":"2026-04-25T20:20:59","modified_gmt":"2026-04-25T20:20:59","slug":"mudanyadaki-diringle-otelin-iflas-dosyasi-resmen-kapatildi","status":"publish","type":"post","link":"https:\/\/odakhaber.site\/?p=4857","title":{"rendered":"Mudanya\u2019daki Diringle Otel\u2019in \u0130flas Dosyas\u0131 Resmen Kapat\u0131ld\u0131"},"content":{"rendered":"\n<p>Bursa\u2019n\u0131n Mudanya il\u00e7esinde, \u00f6zellikle Tirilye Mahallesi\u2019ndeki faaliyetleriyle tan\u0131nan <strong>Diringle Otel<\/strong> hakk\u0131nda bir s\u00fcredir devam eden hukuki s\u00fcre\u00e7te sona gelindi. Mahkeme taraf\u0131ndan verilen iflas karar\u0131n\u0131n ard\u0131ndan y\u00fcr\u00fct\u00fclen t\u00fcm yasal prosed\u00fcrler tamamlanarak dosya nihayete erdirildi.<\/p>\n\n\n\n<hr class=\"wp-block-separator has-alpha-channel-opacity\"\/>\n\n\n\n<h3 class=\"wp-block-heading\">Hukuki S\u00fcrecin Kronolojisi<\/h3>\n\n\n\n<p>Diringle Otel Turizm Limited \u015eirketi\u2019ne y\u00f6nelik iflas s\u00fcrecinin detaylar\u0131 \u015fu \u015fekilde kesinle\u015fti:<\/p>\n\n\n\n<ul class=\"wp-block-list\">\n<li><strong>\u0130flas Karar\u0131:<\/strong> Bursa 1. Asliye Ticaret Mahkemesi, 16 Ocak 2024 tarihinde \u015firketin iflas\u0131na h\u00fckmetmi\u015fti.<\/li>\n\n\n\n<li><strong>S\u00fcrecin Y\u00fcr\u00fct\u00fclmesi:<\/strong> Karar\u0131n ard\u0131ndan Bursa \u0130flas Dairesi taraf\u0131ndan ba\u015flat\u0131lan tasfiye ve inceleme i\u015flemleri titizlikle s\u00fcrd\u00fcr\u00fcld\u00fc.<\/li>\n\n\n\n<li><strong>Resmi Kapan\u0131\u015f:<\/strong> \u0130cra ve \u0130flas Kanunu\u2019nun ilgili maddeleri uyar\u0131nca t\u00fcm i\u015flemlerin tamamlanmas\u0131yla birlikte, iflas dairesi s\u00fcrecin sonu\u00e7land\u0131\u011f\u0131n\u0131 ilan etti.<\/li>\n<\/ul>\n\n\n\n<hr class=\"wp-block-separator has-alpha-channel-opacity\"\/>\n\n\n\n<blockquote class=\"wp-block-quote is-layout-flow wp-block-quote-is-layout-flow\">\n<p>&#8220;\u0130flas s\u00fcrecinin, \u0130cra ve \u0130flas Kanunu\u2019nun 254. maddesi kapsam\u0131nda tamamland\u0131\u011f\u0131 belirtilirken, Tirilye Mahallesi\u2019nde faaliyet g\u00f6steren \u015firketin dosyas\u0131n\u0131n resmen kapat\u0131ld\u0131\u011f\u0131 bildirildi.&#8221;<\/p>\n<\/blockquote>\n\n\n\n<hr class=\"wp-block-separator has-alpha-channel-opacity\"\/>\n\n\n\n<h3 class=\"wp-block-heading\">Dosya Neden Kapat\u0131ld\u0131?<\/h3>\n\n\n\n<p>\u0130cra ve \u0130flas Kanunu\u2019nun <strong>254. maddesi<\/strong> uyar\u0131nca, iflas masas\u0131na d\u00e2hil olan varl\u0131klar\u0131n y\u00f6netimi ve payla\u015ft\u0131r\u0131lmas\u0131 a\u015famalar\u0131 sona erdi\u011finde dosya resmen kapat\u0131l\u0131r. Bu durum, \u015firketin t\u00fczel ki\u015fili\u011finin tasfiyesinde son a\u015famay\u0131 temsil etmektedir.<\/p>\n\n\n\n<p><a href=\"https:\/\/www.turizmdays.com\/news\/otel-icin-yurutulen-iflas-sureci-resmen-sona-erdi-32202\">https:\/\/www.turizmdays.com\/news\/otel-icin-yurutulen-iflas-sureci-resmen-sona-erdi-32202<\/a><\/p>\n","protected":false},"excerpt":{"rendered":"<p>Bursa\u2019n\u0131n Mudanya il\u00e7esinde, \u00f6zellikle Tirilye Mahallesi\u2019ndeki faaliyetleriyle tan\u0131nan Diringle Otel hakk\u0131nda bir s\u00fcredir devam eden hukuki s\u00fcre\u00e7te sona gelindi. Mahkeme taraf\u0131ndan verilen iflas karar\u0131n\u0131n ard\u0131ndan y\u00fcr\u00fct\u00fclen t\u00fcm yasal prosed\u00fcrler tamamlanarak dosya nihayete erdirildi. Hukuki S\u00fcrecin Kronolojisi Diringle Otel Turizm Limited \u015eirketi\u2019ne y\u00f6nelik iflas s\u00fcrecinin detaylar\u0131 \u015fu \u015fekilde kesinle\u015fti: &#8220;\u0130flas s\u00fcrecinin, \u0130cra ve \u0130flas Kanunu\u2019nun 254. [&hellip;]<\/p>\n","protected":false},"author":3,"featured_media":4858,"comment_status":"open","ping_status":"open","sticky":false,"template":"","format":"standard","meta":{"_jetpack_memberships_contains_paid_content":false,"footnotes":""},"categories":[34],"tags":[],"class_list":["post-4857","post","type-post","status-publish","format-standard","has-post-thumbnail","hentry","category-turizm-ve-seyehat-haberleri"],"jetpack_featured_media_url":"https:\/\/odakhaber.site\/wp-content\/uploads\/2026\/04\/32202_otel-icin-yurutulen-iflas-sureci-resmen-sona-erdi_0.jpg","jetpack_sharing_enabled":true,"_links":{"self":[{"href":"https:\/\/odakhaber.site\/index.php?rest_route=\/wp\/v2\/posts\/4857","targetHints":{"allow":["GET"]}}],"collection":[{"href":"https:\/\/odakhaber.site\/index.php?rest_route=\/wp\/v2\/posts"}],"about":[{"href":"https:\/\/odakhaber.site\/index.php?rest_route=\/wp\/v2\/types\/post"}],"author":[{"embeddable":true,"href":"https:\/\/odakhaber.site\/index.php?rest_route=\/wp\/v2\/users\/3"}],"replies":[{"embeddable":true,"href":"https:\/\/odakhaber.site\/index.php?rest_route=%2Fwp%2Fv2%2Fcomments&post=4857"}],"version-history":[{"count":1,"href":"https:\/\/odakhaber.site\/index.php?rest_route=\/wp\/v2\/posts\/4857\/revisions"}],"predecessor-version":[{"id":4859,"href":"https:\/\/odakhaber.site\/index.php?rest_route=\/wp\/v2\/posts\/4857\/revisions\/4859"}],"wp:featuredmedia":[{"embeddable":true,"href":"https:\/\/odakhaber.site\/index.php?rest_route=\/wp\/v2\/media\/4858"}],"wp:attachment":[{"href":"https:\/\/odakhaber.site\/index.php?rest_route=%2Fwp%2Fv2%2Fmedia&parent=4857"}],"wp:term":[{"taxonomy":"category","embeddable":true,"href":"https:\/\/odakhaber.site\/index.php?rest_route=%2Fwp%2Fv2%2Fcategories&post=4857"},{"taxonomy":"post_tag","embeddable":true,"href":"https:\/\/odakhaber.site\/index.php?rest_route=%2Fwp%2Fv2%2Ftags&post=4857"}],"curies":[{"name":"wp","href":"https:\/\/api.w.org\/{rel}","templated":true}]}}